{"id":15087,"date":"2023-10-12T17:13:01","date_gmt":"2023-10-12T15:13:01","guid":{"rendered":"http:\/\/rt-europaallee.org\/wordpress\/?p=15087"},"modified":"2023-10-12T17:13:01","modified_gmt":"2023-10-12T15:13:01","slug":"hna-streit-um-zweite-zufahrt-fuer-kuenftiges-goettinger-neubaugebiet","status":"publish","type":"post","link":"https:\/\/rt-europaallee.de\/wordpress\/2023\/10\/hna-streit-um-zweite-zufahrt-fuer-kuenftiges-goettinger-neubaugebiet\/","title":{"rendered":"HNA: Streit um zweite Zufahrt f\u00fcr k\u00fcnftiges G\u00f6ttinger Neubaugebiet"},"content":{"rendered":"<p>(Quelle: <a href=\"https:\/\/www.hna.de\/lokales\/goettingen\/goettingen-ort28741\/streit-um-zweite-zufahrt-fuer-kuenftiges-goettinger-neubaugebiet-92563145.html?fbclid=IwAR01QLpBmqbpjSVIuqj1IZbbP9lOUOxQZk3UhODLFU8GPW3LcVO3SPDZC_U\">https:\/\/www.hna.de\/lokales\/goettingen\/goettingen-ort28741\/streit-um-zweite-zufahrt-fuer-kuenftiges-goettinger-neubaugebiet-92563145.html?fbclid=IwAR01QLpBmqbpjSVIuqj1IZbbP9lOUOxQZk3UhODLFU8GPW3LcVO3SPDZC_U<\/a>)<\/p>\n<blockquote>\n<h1 class=\"id-StoryElement-headline\">Streit um zweite Zufahrt f\u00fcr k\u00fcnftiges G\u00f6ttinger Neubaugebiet<\/h1>\n<p class=\"id-Story-timestamp id-Story-timestamp--default\"><span class=\"id-Story-timestamp-content\"><span class=\"id-Story-timestamp-content-prefix\">Stand: <\/span><time datetime=\"2023-10-06 18:14\">06.10.2023, 18:14 Uhr<\/time><\/span><\/p>\n<p class=\"id-Story-authors id-Story-authors--default\"><span class=\"id-Story-authors-by\">Von: <\/span><a class=\"id-Story-authors-link lp_west_author\" title=\"Zur Autorenseite von Bernd Schlegel\" href=\"https:\/\/www.hna.de\/autoren\/703\/\" data-id-ec=\"{&quot;shn&quot;:&quot;Story&quot;,&quot;sht&quot;:&quot;Container&quot;,&quot;p&quot;:{&quot;containerType&quot;:&quot;Author-Link&quot;,&quot;elementName&quot;:&quot;Bernd Schlegel&quot;,&quot;elementPosition&quot;:&quot;1&quot;}}\" data-id-em=\"1\">Bernd Schlegel<\/a><\/p>\n<p class=\"id-StoryElement-leadText\">F\u00fcr ein k\u00fcnftiges Baugebiet im G\u00f6ttinger Norden soll eine zus\u00e4tzliche Verkehrsanbindung entstehen. Dar\u00fcber gibt es Streit.<\/p>\n<p class=\"id-StoryElement-paragraph\">G\u00f6ttingen \u2013 Im <a class=\"id-import-Link\" href=\"https:\/\/www.hna.de\/lokales\/goettingen\/goettingen-ort28741\/holtenser-berg-in-goettingen-verbesserung-der-nahmobilitaet-91913908.html\" data-id-ec=\"{&quot;shn&quot;: &quot;Story&quot;, &quot;sht&quot;: &quot;Container&quot;, &quot;p&quot;: {&quot;containerType&quot;: &quot;InlineLink&quot;, &quot;elementName&quot;: &quot;Europaquartier&quot;, &quot;elementVariant&quot;: &quot;standardLink&quot;}}\" data-id-em=\"1\">Europaquartier<\/a> in <a class=\"id-import-Link\" href=\"https:\/\/www.hna.de\/lokales\/goettingen\/\" target=\"_blank\" rel=\"nofollow noopener\" data-id-ec=\"{&quot;shn&quot;: &quot;Story&quot;, &quot;sht&quot;: &quot;Container&quot;, &quot;p&quot;: {&quot;containerType&quot;: &quot;InlineLink&quot;, &quot;elementName&quot;: &quot;G\u00f6ttingen&quot;, &quot;elementVariant&quot;: &quot;standardLink&quot;}}\" data-id-em=\"1\">G\u00f6ttingen<\/a> sollen einmal 2000 Menschen wohnen. In der Ratspolitik ist man sich dar\u00fcber einig, dass das gro\u00dfe Neubaugebiet im Norden der Uni-Stadt eine eigene Zufahrt braucht.<\/p>\n<h3>&#8230;<\/h3>\n<\/blockquote>\n","protected":false},"excerpt":{"rendered":"<p>(Quelle: https:\/\/www.hna.de\/lokales\/goettingen\/goettingen-ort28741\/streit-um-zweite-zufahrt-fuer-kuenftiges-goettinger-neubaugebiet-92563145.html?fbclid=IwAR01QLpBmqbpjSVIuqj1IZbbP9lOUOxQZk3UhODLFU8GPW3LcVO3SPDZC_U) Streit um zweite Zufahrt f\u00fcr k\u00fcnftiges G\u00f6ttinger Neubaugebiet Stand: 06.10.2023, 18:14 Uhr Von: Bernd Schlegel F\u00fcr ein k\u00fcnftiges Baugebiet im G\u00f6ttinger Norden soll eine zus\u00e4tzliche Verkehrsanbindung entstehen. Dar\u00fcber gibt es Streit. G\u00f6ttingen \u2013 Im Europaquartier in G\u00f6ttingen sollen einmal 2000 Menschen wohnen. In der Ratspolitik ist man sich dar\u00fcber einig, dass das gro\u00dfe &#8230; <a title=\"HNA: Streit um zweite Zufahrt f\u00fcr k\u00fcnftiges G\u00f6ttinger Neubaugebiet\" class=\"read-more\" href=\"https:\/\/rt-europaallee.de\/wordpress\/2023\/10\/hna-streit-um-zweite-zufahrt-fuer-kuenftiges-goettinger-neubaugebiet\/\" aria-label=\"Mehr Informationen \u00fcber HNA: Streit um zweite Zufahrt f\u00fcr k\u00fcnftiges G\u00f6ttinger Neubaugebiet\">Weiterlesen<\/a><\/p>\n","protected":false},"author":3,"featured_media":0,"comment_status":"closed","ping_status":"open","sticky":false,"template":"","format":"standard","meta":{"footnotes":""},"categories":[1],"tags":[],"class_list":["post-15087","post","type-post","status-publish","format-standard","hentry","category-allgemein"],"_links":{"self":[{"href":"https:\/\/rt-europaallee.de\/wordpress\/wp-json\/wp\/v2\/posts\/15087","targetHints":{"allow":["GET"]}}],"collection":[{"href":"https:\/\/rt-europaallee.de\/wordpress\/wp-json\/wp\/v2\/posts"}],"about":[{"href":"https:\/\/rt-europaallee.de\/wordpress\/wp-json\/wp\/v2\/types\/post"}],"author":[{"embeddable":true,"href":"https:\/\/rt-europaallee.de\/wordpress\/wp-json\/wp\/v2\/users\/3"}],"replies":[{"embeddable":true,"href":"https:\/\/rt-europaallee.de\/wordpress\/wp-json\/wp\/v2\/comments?post=15087"}],"version-history":[{"count":1,"href":"https:\/\/rt-europaallee.de\/wordpress\/wp-json\/wp\/v2\/posts\/15087\/revisions"}],"predecessor-version":[{"id":15088,"href":"https:\/\/rt-europaallee.de\/wordpress\/wp-json\/wp\/v2\/posts\/15087\/revisions\/15088"}],"wp:attachment":[{"href":"https:\/\/rt-europaallee.de\/wordpress\/wp-json\/wp\/v2\/media?parent=15087"}],"wp:term":[{"taxonomy":"category","embeddable":true,"href":"https:\/\/rt-europaallee.de\/wordpress\/wp-json\/wp\/v2\/categories?post=15087"},{"taxonomy":"post_tag","embeddable":true,"href":"https:\/\/rt-europaallee.de\/wordpress\/wp-json\/wp\/v2\/tags?post=15087"}],"curies":[{"name":"wp","href":"https:\/\/api.w.org\/{rel}","templated":true}]}}