{"id":15116,"date":"2023-10-29T10:49:27","date_gmt":"2023-10-29T09:49:27","guid":{"rendered":"http:\/\/rt-europaallee.org\/wordpress\/?p=15116"},"modified":"2023-10-29T10:49:27","modified_gmt":"2023-10-29T09:49:27","slug":"bonveno-newsletter-oktober-2023-infos-und-veranstaltungen","status":"publish","type":"post","link":"https:\/\/rt-europaallee.de\/wordpress\/2023\/10\/bonveno-newsletter-oktober-2023-infos-und-veranstaltungen\/","title":{"rendered":"Bonveno Newsletter Oktober 2023: Infos und Veranstaltungen"},"content":{"rendered":"<p>E-Mail von\u00a0<a href=\"mailto:m.luepke@bonveno-goettingen.de\">m.luepke@bonveno-goettingen.de<\/a> \/ 20.10.2023, 10:54<\/p>\n<blockquote><p><strong style=\"color: inherit; font-size: revert;\">Liebe Bonveno-Freunde, liebe Ehrenamtliche,<\/strong><\/p>\n<p><strong>\u00a0<\/strong>wir m\u00f6chten Ihnen gern einen R\u00fcckblick auf vergangene Veranstaltungen innerhalb der interkulturellen Woche geben und Sie \u00fcber bevorstehende Veranstaltungen informieren. Wir hoffen Sie sind gut in die Herbstzeit gestartet.<br \/>\nMelden Sie sich wie immer gerne, wenn wir Sie unterst\u00fctzen k\u00f6nnen \u2013 wenn Sie Gespr\u00e4chsbedarf haben, wenn wir Kosten erstatten k\u00f6nnen oder wenn Sie andere Anliegen haben!<strong>\u00a0<\/strong><\/p>\n<h2><strong>Veranstaltungen<\/strong><strong>\u00a0<\/strong><strong>\u00a0<\/strong><\/h2>\n<h3><strong>Interdisziplin\u00e4re Versorgung von Kindern mit Fluchterfahrung (Andrea Hahnefeld, Matthias Klosinski) \u2013 Eine Lesung des Hogrefe Verlages und der Privaten Fachhochschule G\u00f6ttingen, Samstag 4.11.2023 um 19 Uhr im <\/strong><\/h3>\n<p><em>Auditorium der Privaten Fachhochschule G\u00f6ttingen<\/em><\/p>\n<p><em>\u00a0<\/em><strong>Was:<\/strong> Der Hogrefe Verlag pr\u00e4sentiert beim diesj\u00e4hrigen Literaturherbst in Kooperation mit der Privaten Fachhochschule G\u00f6ttingen eine Autorenlesung zu einem besonderen Schwerpunkt: der interdisziplin\u00e4ren Versorgung von Kindern mit Fluchterfahrung. Der Verlag m\u00f6chten dieses wichtige und hochaktuelle Thema in die \u00d6ffentlichkeit bringen und l\u00e4dt insbesondere Fachleute aus den Bereichen Migration, Flucht- sowie Kinder- und Jugendhilfe, P\u00e4diatrie, Kinder- und Jugendpsychiatrie, Sozialarbeit und Sozialp\u00e4dagogik ein. Auch Angeh\u00f6rige betroffener Kinder erhalten wertvolle Einblicke.<\/p>\n<p>Die Veranstalter freuen sich, Sie bei der Veranstaltung am 4.11 zu begr\u00fc\u00dfen und freuen sich ebenso, wenn Sie dies in Ihren Netzwerken, Verteilern sowie im Kollegen- und Freundeskreis teilen. Nach der Lesung gibt es die Gelegenheit zu einem Meet and Greet sowie zum informellen Austausch und zur Diskussion. Karten sind bei den Literaturherbst-Vorverkaufsstellen oder online erh\u00e4ltlich, Studierende k\u00f6nnen kostenfrei \u00fcber das Kulturticket teilnehmen.<\/p>\n<p><strong>Moderation:<\/strong> Annette Conzelmann (Professorin f\u00fcr Psychologie)<\/p>\n<p><strong>Anmeldung<\/strong>: Hier der Link zur Veranstaltung im Literaturherbst-Programm und Ticketverkauf:<\/p>\n<p><a href=\"https:\/\/www.literaturherbst.com\/programm\/festivalkalender\/2023\/interdisziplinaere-versorgung-von-kindern-mit-fluchterfahrung\/\">https:\/\/www.literaturherbst.com\/programm\/festivalkalender\/2023\/interdisziplinaere-versorgung-von-kindern-mit-fluchterfahrung\/<\/a><\/p>\n<p><strong>Weitere Informationen:<\/strong> Lesen Sie hier ein Interview zum Thema mit den beiden Herausgeberinnen Andrea Hahnefeld und Elena Weigand:<\/p>\n<p><a href=\"https:\/\/www.hogrefe.com\/de\/thema\/kinder-mit-fluchterfahrung-optimal-versorgen\">https:\/\/www.hogrefe.com\/de\/thema\/kinder-mit-fluchterfahrung-optimal-versorgen<\/a><\/p>\n<h3><strong>Austausch: Patenschaftsabend von der Bonveno G\u00f6ttingen gGmbH, <\/strong><strong>Dienstag, 21.11., ab 17:30 Uhr<\/strong><\/h3>\n<p><em>Adresse: Jutta-Limbach-Str. 3, 37073 G\u00f6ttingen (2. Stock, Panoramaraum)<\/em><\/p>\n<p><strong>Wer: <\/strong>Die Koordinatorinnen f\u00fcr Ehrenamt und Patenschaften der Bonveno G\u00f6ttingen gGmbH<\/p>\n<p><strong>Was:<\/strong> Liebe Pat*innen und Ehrenamtliche,<\/p>\n<p>wir laden Sie herzlich ein zum Patenabend in die Jutta-Limbach-Str. 3.<\/p>\n<p>Wir m\u00f6chten uns gern in gem\u00fctlicher Runde gemeinsam austauschen, kl\u00f6nen, Ideen finden, planen und gemeinsam umsetzen. Bei ein paar kleinen Snacks k\u00f6nnen Sie \u00fcber Ihre Erfahrungen, Herausforderungen und W\u00fcnsche berichten.<\/p>\n<p>Haben Sie Ideen oder brauchen Unterst\u00fctzung? M\u00f6chten Sie sich mit anderen \u00fcber Ihre Erfahrungen austauschen? Kommen Sie gern vorbei beim Patenabend!<\/p>\n<p>Wir freuen uns \u00fcber Ihre Anmeldungen!<\/p>\n<p><strong>\u00a0<\/strong><strong>Anmeldung:<\/strong><\/p>\n<p><strong>Marie L\u00fcpke:<\/strong><\/p>\n<p>E-Mail: <a href=\"mailto:m.luepke@bonveno-goettingen.de\">m.luepke@bonveno-goettingen.de<\/a><\/p>\n<p>Mobil: 0176\/ 84146370<\/p>\n<p><strong>Astrid M\u00fcller:<\/strong><\/p>\n<p>E-Mail: <a href=\"mailto:a.mueller@awo-goettingen.de\">a.mueller@awo-goettingen.de<\/a><\/p>\n<p>Mobil: 0176\/ 22919421<\/p>\n<h3><strong>Ausstellung: \u201eTr\u00e4ume und Ton, Ausstellung von Lyubov Yakimenko\u201c, 08.10<\/strong> \u2013 <strong>31.12.2023, Vernissage 08.10.2023 um 16.00 Uhr<\/strong><\/h3>\n<p><em>Reichgallery, J\u00fcdenstra\u00dfe 33, 37073 G\u00f6ttingen<\/em><\/p>\n<p><strong>Was:<\/strong> Lyubov Yakimenko ist eine ukrainische Bildhauerin und wohnt seit M\u00e4rz 2022 in Deutschland. In ihrer Arbeit bevorzugt sie Holz und Keramik. Die Ausstellung \u201eTr\u00e4ume und Ton\u201c pr\u00e4sentiert Keramikarbeiten, die haupts\u00e4chlich in den Jahren 2022-23 entstanden sind.<\/p>\n<h2><strong>Bonveno und AWO Aktionen w\u00e4hrend der interkulturellen Woche \u2013 Ein R\u00fcckblick<\/strong><\/h2>\n<p><strong>\u00a0<\/strong><strong>#neueR\u00e4ume \u2013 Bonveno sensibilisiert und tanzt<\/strong><\/p>\n<p>Auch in diesem Jahr boten verschiedene Akteure Aktionen in der Interkulturellen Woche vom 24. September bis 01. Oktober an. Mit dabei war auch die Bonveno in Kooperation mit der AWO G\u00f6ttingen mit gleich drei Angeboten.<\/p>\n<p>Los ging es mit der\u00a0<a href=\"https:\/\/www.kolping.de\/projekte-ereignisse\/netzwerk-fuer-gefluechtete\/roadshow-infomobil\/\">Kolping Roadshow<\/a>, die auf Einladung der Ehrenamtskoordinatorin Marie L\u00fcpke zu Gast war.<br \/>\nZiel der Kolping Roadshow ist es, zum Thema Integration zu informieren. Zu diesem Zweck f\u00e4hrt das Infomobil quer durch Deutschland und brachte auch bei dem Besuch in G\u00f6ttingen viele Fragen mit:<br \/>\nWie sensibilisieren wir f\u00fcr die Belange von Gefl\u00fcchteten? Wie tragen wir zu ihrer gesellschaftlichen Akzeptanz bei? Und vor allem \u2013 wie erreichen wir m\u00f6glichst viele Menschen mit unseren Ideen?<\/p>\n<p>In Kooperation mit dem Projekt \u201eChancenpatenschaften\u201c der AWO G\u00f6ttingen gGmbH und dem Nachbarschaftszentrum Holtenserberg sensibilisierten die Mitarbeiter*innen der Kolping Roadshow am\u00a0<strong>25. September<\/strong>\u00a0in der Ladenpassage Genfstra\u00dfe niedrigschwellig f\u00fcr die Belange von Gefl\u00fcchteten und boten Raum f\u00fcr Gespr\u00e4che und Begegnungen.<br \/>\n\u00c4hnlich verlief der Besuch auch am Folgetag in der Bonveno-Wohnanlage Zieten.<\/p>\n<p><strong>Weitere Aktionen in der Interkulturellen Woche 2023<\/strong><\/p>\n<p>Rhythmisch geht es bei einer weiteren Aktion der Bonveno in Kooperation mit der Weststadtkonferenz zu. Am Donnerstag,\u00a0<strong>28. September<\/strong>\u00a0fand von 17:30 bis 21:00 Uhr der<strong>\u00a0Internationale Frauentanzabend<\/strong>\u00a0im Kulturzentrum musa (Hagenweg 2a, 37081 G\u00f6ttingen) statt.<\/p>\n<p><strong>Den ganzen Bericht k\u00f6nnen Sie nachlesen unter:<\/strong> <a href=\"https:\/\/bonveno-goettingen.de\/interkulturelle-woche-2023\/\">Interkulturelle Woche 2023 \u2013 Bonveno G\u00f6ttingen gGmbH (bonveno-goettingen.de)<\/a><strong>\u00a0<\/strong><\/p>\n<h2><strong>Fortbildungen<\/strong><strong>\u00a0<\/strong><\/h2>\n<h3><strong>Workshop f\u00fcr Ehrenamtlich: \u201eIntervision und Kl\u00e4rungshilfe f\u00fcr ehrenamtlich engagierte Paten\/Patinnen von Gefl\u00fcchteten\u201c, Samstag den 04.11., von 10:00 bis 15:00 Uhr.<\/strong><\/h3>\n<p><em>Neustadt 18, 37073 G\u00f6ttingen (EG, Schulungsraum)<\/em><\/p>\n<p><strong>\u00a0<\/strong><strong>Referenten: <\/strong>Thomas Sulzer, Diplom Psychologe und Psychotherapeut, und<br \/>\nJan van de Vyver, Sprachwissenschaftler und Kulturberater von Soul Support e.V.<\/p>\n<p><strong>\u00a0<\/strong><strong>Was: <\/strong>Gemeinsam laden das Migrationszentrum der Diakonie G\u00f6ttingen, die AWO G\u00f6ttingen gGmbH und die Bonveno G\u00f6ttingen gGmbH zum Workshop \u201eIntervision und Kl\u00e4rungshilfe f\u00fcr ehrenamtliche und engagierte Pat*innen im Kontext von Flucht und Migration\u201c ein.<\/p>\n<p>Ihr Ziel -unser Ziel:<\/p>\n<p>Wie wir in unklaren, komplexen, konflikthaften und oft ambivalenten Situationen Rollenklarheit gewinnen, authentisch und handlungsf\u00e4hig bleiben (k\u00f6nnen).<strong>\u00a0<\/strong><\/p>\n<h3><strong>Ein Workshop\/Fortbildung \u201caus der Praxis f\u00fcr die Praxis\u201d<\/strong><\/h3>\n<p>Wir laden Euch\/ Sie zu einer Pr\u00e4senzveranstaltung ein, um Eure\/ Ihre Fragen, Zweifel, Unsicherheiten und Erfahrungen mit uns auszutauschen.<\/p>\n<p>Wir wollen mit Euch\/ Ihnen unterschiedliche \/verschiedene Perspektiven f\u00fcr Eure\/ Ihre Arbeit mit Gefl\u00fcchteten beleuchten, Verhaltensm\u00f6glichkeiten und Einstellungen reflektieren und ggf. ver\u00e4ndern, mit Fragen wie:<\/p>\n<ul>\n<li>Was erwarte ich von mir und von anderen?<\/li>\n<li>Was ver\u00e4ndert sich in mir durch mein Engagement?<\/li>\n<li>Wo und wie komme ich an meine physischen und psychischen Grenzen?<\/li>\n<li>Welche Auswirkungen hat mein Engagement auf mein privates Umfeld?<\/li>\n<li>Wo komme ich mit Traumata in Ber\u00fchrung, die mich \u00fcberfordern?<\/li>\n<li>Was will ich verbessern oder ver\u00e4ndern?<\/li>\n<\/ul>\n<p>Wir freuen uns auf Euch\/ Sie!<\/p>\n<p><strong>Zielgruppe:<\/strong> Ehrenamtliche und Engagierte im Kontext von Flucht und Migration<\/p>\n<p><strong>\u00a0<\/strong><strong>Anmeldung:<\/strong><\/p>\n<p>Astrid M\u00fcller:<\/p>\n<p>E-Mail: <a href=\"mailto:a.mueller@awo-goettingen.de\">a.mueller@awo-goettingen.de<\/a><\/p>\n<p>Mobil: 0176\/ 22919421<\/p>\n<h3><strong>Aufwachsen mit mehreren Kulturen \u2013 Kulturelle und religi\u00f6se Vielfalt in Deutschland Workshop, Freitag den 17.11., von 17:30 bis 19:30 Uhr.<\/strong><\/h3>\n<p><em>Jutta-Limbach-Str. 3, 37073 G\u00f6ttingen (2. Stock, Konferenzraum)<\/em><\/p>\n<p><strong>\u00a0<\/strong><strong>Referenten: <\/strong>Vanessa Probst und Reem Hassouna (HORiZONT \u2013 Fach- und Beratungsstelle zur F\u00f6rderung religi\u00f6ser Vielfalt und gelebter Demokratie)<\/p>\n<p><strong>Was: <\/strong>Die Bonveno G\u00f6ttingen gGmbH l\u00e4dt gemeinsam mit der AWO G\u00f6ttingen gGmbH und der Fach- und Beratungsstelle HORiZONT zum Workshop \u201eAufwachsen mit mehreren Kulturen\u201c ein.<\/p>\n<p>Die wachsende religi\u00f6se und kulturelle Vielfalt ver\u00e4ndert unsere Gesellschaft. Immer mehr Menschen f\u00fchlen sich mehreren Kulturen gleichzeitig zugeh\u00f6rig und vereinen diese in ihrem Alltag.<\/p>\n<p>Ziel unserer Arbeit ist, das gesellschaftliche Zugeh\u00f6rigkeitsgef\u00fchl von in Deutschland lebenden Muslim*innen zu st\u00e4rken, Diskriminierung und antimuslimischem Rassismus entgegenzuwirken und Vielfalt als Ressource zu erkennen. Dazu m\u00f6chten wir uns im Workshop mit folgenden Fragen besch\u00e4ftigen: Was ist kulturelle und religi\u00f6se Identit\u00e4t? Was bedeutet Vielfalt und welche Werte sind wichtig? Welche Herausforderungen gibt es und wie kann ich Gefl\u00fcchtete unterst\u00fctzen?<\/p>\n<p>F\u00fcr Snacks und Getr\u00e4nke ist gesorgt.<\/p>\n<p><strong>Zielgruppe:<\/strong> Ehrenamtliche und Engagierte im Kontext von Flucht und Migration, sowie Interessierte an den Themen Vielfalt, Teilhabe, Migration und Flucht<\/p>\n<p><strong>Anmeldung:<\/strong><\/p>\n<p>Marie L\u00fcpke:<\/p>\n<p>E-Mail: <a href=\"mailto:m.luepke@bonveno-goettingen.de\">m.luepke@bonveno-goettingen.de<\/a><\/p>\n<p>Mobil: 0176\/ 84146370<\/p>\n<p><strong>\u00a0<\/strong>Astrid M\u00fcller:<\/p>\n<p>E-Mail: <a href=\"mailto:a.mueller@awo-goettingen.de\">a.mueller@awo-goettingen.de<\/a><\/p>\n<p>Mobil: 0176\/ 22919421<\/p>\n<h3><strong>Kostenloses Online- Lernangebot f\u00fcr Ehrenamtliche und Engagierte von E-Learning Kinderschutz &#8211;<\/strong><\/h3>\n<h3><strong>\u201eOnline-Modul: Gewaltpr\u00e4vention im ehrenamtlichen Kontext\u201c<\/strong><\/h3>\n<p><strong>Zielgruppe:<\/strong>\u00a0Das Online-Modul richtet sich an alle ehrenamtlich T\u00e4tigen.<\/p>\n<p><strong>Ziel:<\/strong>\u00a0Ziel des Lernangebots ist die Sensibilisierung f\u00fcr die Notwendigkeit der Auseinandersetzung mit (sexualisierter) Gewalt im ehrenamtlichen Kontext, sowie die Sensibilisierung f\u00fcr Gef\u00e4hrdungsfaktoren.<\/p>\n<p><strong>Umfang:<\/strong>\u00a0Der zeitliche Umfang betr\u00e4gt ungef\u00e4hr vier Stunden.<\/p>\n<p><strong>Teilnahme:\u00a0<\/strong>Die Teilnahme am Online-Modul ist w\u00e4hrend der Projektlaufzeit von 2021-2024 kostenlos. Die Bearbeitungszeit f\u00fcr das Online-Modul betr\u00e4gt 180 Tage. Sie k\u00f6nnen sich bis zum <strong>31.10.2023<\/strong>\u00a0unter: <a href=\"https:\/\/engagement-schutzkonzepte.elearning-kinderschutz.de\/Registrierung\">Neues Nutzerkonto (elearning-kinderschutz.de)<\/a> registrieren.<\/p>\n<p><strong>Zertifikat:<\/strong>\u00a0Die Kursteilnehmenden schlie\u00dfen dieses Lernangebot mit einer Teilnahmebescheinigung ab.<\/p>\n<h2><strong>\u00a0<\/strong><strong>Aktiv werden<\/strong><\/h2>\n<p><strong>\u00a0<\/strong>Sollten Sie aktuell etwas Zeit haben, freuen wir uns wie immer \u00fcber Ihre Nachricht. Noch immer ist die Nachfrage nach Gespr\u00e4chspartner*innen zum Deutsch \u00fcben gro\u00df.<\/p>\n<p>In der Unterkunft in der Europa-Allee suchen wir noch Mitstreiter*innen f\u00fcr einen geplanten ehrenamtlichen Alphabetisierungskurs. Der Kurs soll mit mehreren Ehrenamtlichen organisiert werden, so dass der \u201eArbeitsaufwand\u201c verteilt werden kann.<\/p>\n<p>Haben Sie Interesse zu unterst\u00fctzen? Melden Sie sich gern bei uns.<\/p>\n<p>Wir freuen uns, von Ihnen zu h\u00f6ren!<\/p>\n<p><strong>\u00a0<\/strong>Viele Gr\u00fc\u00dfe,<br \/>\nAstrid M\u00fcller und Marie L\u00fcpke<\/p>\n<p>Koordination Ehrenamt &amp; Patenschaften<br \/>\nBonveno G\u00f6ttingen gGmbH<\/p>\n<p><a href=\"http:\/\/www.bonveno-goettingen.de\/\">www.Bonveno-Goettingen.de<\/a><\/p>\n<p>Mit freundlichen Gr\u00fc\u00dfen,<\/p>\n<p>Marie L\u00fcpke<\/p>\n<p>Koordination Ehrenamt &amp; Patenschaften<br \/>\nBonveno G\u00f6ttingen gGmbH<\/p>\n<p>Jutta-Limbach-Stra\u00dfe 3<br \/>\n37073 G\u00f6ttingen<\/p>\n<p>Mobil: +49 176 84146370<\/p>\n<p>E-Mail: <a href=\"mailto:m.luepke@bonveno-goettingen.de\">m.luepke@bonveno-goettingen.de<\/a><\/p>\n<p>Webseite: <a href=\"http:\/\/www.bonveno-goettingen.de\/\">www.bonveno-goettingen.de<\/a><\/p><\/blockquote>\n","protected":false},"excerpt":{"rendered":"<p>E-Mail von\u00a0m.luepke@bonveno-goettingen.de \/ 20.10.2023, 10:54 Liebe Bonveno-Freunde, liebe Ehrenamtliche, \u00a0wir m\u00f6chten Ihnen gern einen R\u00fcckblick auf vergangene Veranstaltungen innerhalb der interkulturellen Woche geben und Sie \u00fcber bevorstehende Veranstaltungen informieren. Wir hoffen Sie sind gut in die Herbstzeit gestartet. Melden Sie sich wie immer gerne, wenn wir Sie unterst\u00fctzen k\u00f6nnen \u2013 wenn Sie Gespr\u00e4chsbedarf haben, wenn &#8230; <a title=\"Bonveno Newsletter Oktober 2023: Infos und Veranstaltungen\" class=\"read-more\" href=\"https:\/\/rt-europaallee.de\/wordpress\/2023\/10\/bonveno-newsletter-oktober-2023-infos-und-veranstaltungen\/\" aria-label=\"Mehr Informationen \u00fcber Bonveno Newsletter Oktober 2023: Infos und Veranstaltungen\">Weiterlesen<\/a><\/p>\n","protected":false},"author":3,"featured_media":0,"comment_status":"closed","ping_status":"open","sticky":false,"template":"","format":"standard","meta":{"footnotes":""},"categories":[1],"tags":[],"class_list":["post-15116","post","type-post","status-publish","format-standard","hentry","category-allgemein"],"_links":{"self":[{"href":"https:\/\/rt-europaallee.de\/wordpress\/wp-json\/wp\/v2\/posts\/15116","targetHints":{"allow":["GET"]}}],"collection":[{"href":"https:\/\/rt-europaallee.de\/wordpress\/wp-json\/wp\/v2\/posts"}],"about":[{"href":"https:\/\/rt-europaallee.de\/wordpress\/wp-json\/wp\/v2\/types\/post"}],"author":[{"embeddable":true,"href":"https:\/\/rt-europaallee.de\/wordpress\/wp-json\/wp\/v2\/users\/3"}],"replies":[{"embeddable":true,"href":"https:\/\/rt-europaallee.de\/wordpress\/wp-json\/wp\/v2\/comments?post=15116"}],"version-history":[{"count":1,"href":"https:\/\/rt-europaallee.de\/wordpress\/wp-json\/wp\/v2\/posts\/15116\/revisions"}],"predecessor-version":[{"id":15117,"href":"https:\/\/rt-europaallee.de\/wordpress\/wp-json\/wp\/v2\/posts\/15116\/revisions\/15117"}],"wp:attachment":[{"href":"https:\/\/rt-europaallee.de\/wordpress\/wp-json\/wp\/v2\/media?parent=15116"}],"wp:term":[{"taxonomy":"category","embeddable":true,"href":"https:\/\/rt-europaallee.de\/wordpress\/wp-json\/wp\/v2\/categories?post=15116"},{"taxonomy":"post_tag","embeddable":true,"href":"https:\/\/rt-europaallee.de\/wordpress\/wp-json\/wp\/v2\/tags?post=15116"}],"curies":[{"name":"wp","href":"https:\/\/api.w.org\/{rel}","templated":true}]}}