{"id":15150,"date":"2023-11-09T13:27:58","date_gmt":"2023-11-09T12:27:58","guid":{"rendered":"http:\/\/rt-europaallee.org\/wordpress\/?p=15150"},"modified":"2023-11-09T13:27:58","modified_gmt":"2023-11-09T12:27:58","slug":"nur-zur-info-der-aufruftext-nie-wieder-ist-jetzt-mahnkundgebung-gegen-antisemitismus-rassismus-und-terror-der-hamas","status":"publish","type":"post","link":"https:\/\/rt-europaallee.de\/wordpress\/2023\/11\/nur-zur-info-der-aufruftext-nie-wieder-ist-jetzt-mahnkundgebung-gegen-antisemitismus-rassismus-und-terror-der-hamas\/","title":{"rendered":"Nur zur Info: Der Aufruftext &#8222;Nie wieder ist jetzt! Mahnkundgebung gegen Antisemitismus, Rassismus und Terror der Hamas&#8220;"},"content":{"rendered":"\n\n<p>(Quelle: <a href=\"https:\/\/www.facebook.com\/goettingenaktuell\/posts\/pfbid0NyxA4RUpAarSMZqZNP4AhP9Yz4u4xNmy4BM99tf5f5UtvxfY4x5um19GpPU6Gitxl\">https:\/\/www.facebook.com\/goettingenaktuell\/posts\/pfbid0NyxA4RUpAarSMZqZNP4AhP9Yz4u4xNmy4BM99tf5f5UtvxfY4x5um19GpPU6Gitxl<\/a>)<\/p>\n<p>\u00a0<\/p>\n<blockquote>\n<div class=\"xu06os2 x1ok221b\">\n<h3 id=\":R1al9aqqd9emhpapd5aq:\" class=\"x1heor9g x1qlqyl8 x1pd3egz x1a2a7pz x1gslohp x1yc453h\"><span class=\"xt0psk2\"><a class=\"x1i10hfl xjbqb8w x6umtig x1b1mbwd xaqea5y xav7gou x9f619 x1ypdohk xt0psk2 xe8uvvx xdj266r x11i5rnm xat24cr x1mh8g0r xexx8yu x4uap5 x18d9i69 xkhd6sd x16tdsg8 x1hl2dhg xggy1nq x1a2a7pz xt0b8zv xzsf02u x1s688f\" tabindex=\"0\" role=\"link\" href=\"https:\/\/www.facebook.com\/goettingenaktuell?__cft__[0]=AZVEmxrNkk8K6URLgvhlc3-XJxgG6IflXBSuqgdIt44xix2LZmU06V7RBx8cJv6NIbZs449w1hmqICAqA0UK6-XULUT66ZN7QTspDPU6g1yuOBkX6rFFDDUdBjuPrSqPwxRuzZAujiSivn6hAcay5dgO&amp;__tn__=-UC%2CP-R\"><strong>G\u00f6ttingen aktuell<\/strong><\/a><\/span><\/h3>\n<\/div>\n<div class=\"\" dir=\"auto\">\n<div id=\":R1al9aqqd9emhpapd5aqH2:\" class=\"x1iorvi4 x1pi30zi x1l90r2v x1swvt13\" data-ad-comet-preview=\"message\" data-ad-preview=\"message\">\n<div class=\"x78zum5 xdt5ytf xz62fqu x16ldp7u\">\n<div class=\"xu06os2 x1ok221b\">\n<div class=\"xdj266r x11i5rnm xat24cr x1mh8g0r x1vvkbs x126k92a\">\n<div dir=\"auto\">&#8222;Nie wieder ist jetzt! Mahnkundgebung gegen Antisemitismus, Rassismus und Terror der Hamas&#8220;<\/div>\n<\/div>\n<div class=\"x11i5rnm xat24cr x1mh8g0r x1vvkbs xtlvy1s x126k92a\">\n<div dir=\"auto\">Zur Kundgebung hatte das (G\u00f6ttinger) &#8222;Gedenkb\u00fcndnis f\u00fcr die Opfer des Nationalsozialismus&#8220; f\u00fcr den 7. November 2023 aufgerufen.<\/div>\n<\/div>\n<div class=\"x11i5rnm xat24cr x1mh8g0r x1vvkbs xtlvy1s x126k92a\">\n<div dir=\"auto\">Der komplette Aufruf:<\/div>\n<\/div>\n<div class=\"x11i5rnm xat24cr x1mh8g0r x1vvkbs xtlvy1s x126k92a\">\n<div dir=\"auto\">&#8222;Nie wieder ist jetzt!<\/div>\n<\/div>\n<div class=\"x11i5rnm xat24cr x1mh8g0r x1vvkbs xtlvy1s x126k92a\">\n<div dir=\"auto\">Solidarit\u00e4t mit Israels Bev\u00f6lkerung<\/div>\n<\/div>\n<div class=\"x11i5rnm xat24cr x1mh8g0r x1vvkbs xtlvy1s x126k92a\">\n<div dir=\"auto\">Solidarit\u00e4t mit allen Opfern antisemitischer Anschl\u00e4ge<\/div>\n<\/div>\n<div class=\"x11i5rnm xat24cr x1mh8g0r x1vvkbs xtlvy1s x126k92a\">\n<div dir=\"auto\">Solidarit\u00e4t mit den zivilen Opfern des Krieges in Israel und Gaza<\/div>\n<\/div>\n<div class=\"x11i5rnm xat24cr x1mh8g0r x1vvkbs xtlvy1s x126k92a\">\n<div dir=\"auto\">Gegen jeden Antisemitismus und Rassismus<\/div>\n<\/div>\n<div class=\"x11i5rnm xat24cr x1mh8g0r x1vvkbs xtlvy1s x126k92a\">\n<div dir=\"auto\">Einen Monat ist es her, dass die Hamas und mit ihr verb\u00fcndete Gruppen wie die PFLP den Islamischen Jihad ausriefen. Tausende Menschen sind in Israel ermordet, vergewaltigt, massakriert und entf\u00fchrt wurden. Einen Monat ist es her: sie fehlen! Die Opfer und Geiseln haben Namen und Gesichter. Die Taten haben T\u00e4ter. Wir fordern die unverz\u00fcgliche Freilassung der Geiseln durch die Hamas!<\/div>\n<\/div>\n<div class=\"x11i5rnm xat24cr x1mh8g0r x1vvkbs xtlvy1s x126k92a\">\n<div dir=\"auto\">Wir gedenken heute der am 7. Oktober 2023 ermordeten, verletzten und entf\u00fchrten Menschen. Wir sind in Gedanken bei ihren und unseren Familien, Freund*innen und Bekannten. Es gibt keine Rechtfertigung f\u00fcr diese Tat, die als antisemitisch benannt werden muss. Ohne ein Wenn und Aber! Das Ziel des Angriffs war und ist die Ausl\u00f6schung jedes j\u00fcdischen Lebens.<\/div>\n<\/div>\n<div class=\"x11i5rnm xat24cr x1mh8g0r x1vvkbs xtlvy1s x126k92a\">\n<div dir=\"auto\">Klar ist: Frieden mit der Hamas ist nicht zu machen. Die Vernichtung Israels und des j\u00fcdischen Lebens weltweit ist ihr erkl\u00e4rtes Ziel. Eines unserer B\u00fcndnismitglieder erinnerte sich unmittelbar nach dem Angriff der Hamas an die Feier zum 10j\u00e4hrigen Bestehen des Staates Israel: \u201eDieses Gef\u00fchl, es k\u00f6nnte was sein. Es k\u00f6nnte etwas geben, wo wir nicht bedroht sind (\u2026) Wir hoffen, dass Israel \u00fcberlebt\u201c. J\u00fcdisches Leben ist nicht sicher, nicht in Deutschland und nicht in Nahost. Aber Israel ist ein Hoffnungsschimmer und ein Verteidigungspunkt gegen den globalen Antisemitismus.<\/div>\n<\/div>\n<div class=\"x11i5rnm xat24cr x1mh8g0r x1vvkbs xtlvy1s x126k92a\">\n<div dir=\"auto\">Israel hat das Recht sich zu verteidigen! Jahrzehntelang gibt es Versuche ziviler Friedensinitiativen- oft unter erheblichen Schwierigkeiten \u2013 an einer friedlichen L\u00f6sung zu arbeiten. Pal\u00e4stinenser*in d\u00fcrfen nicht generell unter Generalverdacht gestellt werden. Wir gedenken ebenfalls tausenden Gestorbenen in der pal\u00e4stinensischen Zivilbev\u00f6lkerung und ihren Familien in der Folge durch israelische Angriffe. Wir stehen an der Seite der Zivilbev\u00f6lkerung, unserer Familien, unsere Freundinnen und Freunde \u2013 aller, die sich f\u00fcr eine bessere Zukunft ohne Hass und Antisemitismus einsetzen.<\/div>\n<\/div>\n<div class=\"x11i5rnm xat24cr x1mh8g0r x1vvkbs xtlvy1s x126k92a\">\n<div dir=\"auto\">Wir setzen uns ein f\u00fcr eine friedliche L\u00f6sung, die die Menschen und ihr Leid in den Blick nimmt &#8211; egal ob in Israel, in Gaza oder sonst wo.<\/div>\n<\/div>\n<div class=\"x11i5rnm xat24cr x1mh8g0r x1vvkbs xtlvy1s x126k92a\">\n<div dir=\"auto\">J\u00fcdisches Leben darf nicht angegriffen und Menschen mit arabischem Background nicht pauschal verurteilt werden.<\/div>\n<\/div>\n<div class=\"x11i5rnm xat24cr x1mh8g0r x1vvkbs xtlvy1s x126k92a\">\n<div dir=\"auto\">\u00dcberall auf der Welt erheben sich Menschen gegen autorit\u00e4re islamistische Regime &#8211; sei es in Iran, Syrien oder Afghanistan. Es ist an der Zeit, dass sich Gaza in diese Bewegung einreiht. F\u00fcr ein besseres Leben f\u00fcr alle, frei von Unterdr\u00fcckung und Verfolgung.<\/div>\n<\/div>\n<div class=\"x11i5rnm xat24cr x1mh8g0r x1vvkbs xtlvy1s x126k92a\">\n<div dir=\"auto\">Wir k\u00f6nnen an der Situation in Israel gegenw\u00e4rtig nichts \u00e4ndern. Wir k\u00f6nnen aber der manifesten Bedrohung von J\u00fcd*innen in Deutschland auf Grund von antisemitischer Solidarit\u00e4t mit den Taten der Hamas entgegenwirken. J\u00fcdisches Leben muss in Deutschland genauso gesch\u00fctzt sein! Wenn in Berlin vor dem Ausw\u00e4rtigen Amt von jungen deutschen Linken \u201eFree Palestine form German guilt\u201c skandiert wird, dann ist es unsere Aufgabe als B\u00fcndnis gegen einen Schlussstrich, dem zu widersprechen. \u201eNie wieder\u201c ist jetzt! J\u00fcd*innen werden nicht in Angst und Sorge in Deutschland leben! L\u00e4ngst ist das herausgefordert durch die akuten allt\u00e4glichen Bedrohungen. Wir m\u00fcssen solidarische Netzwerke mit J\u00fcd*innen spinnen! Es braucht praktische Solidarit\u00e4t, in Europa, f\u00fcr Israel! Es braucht Mittel f\u00fcr den Aufbau der Kibbuzim, der Existenzen von tausenden Menschen.<\/div>\n<\/div>\n<div class=\"x11i5rnm xat24cr x1mh8g0r x1vvkbs xtlvy1s x126k92a\">\n<div dir=\"auto\">Friedensbem\u00fchungen sind auch in unseren Herzen wichtig. Von Frieden kann man aber erst reden, wenn die Geiseln frei und unversehrt sind.<\/div>\n<\/div>\n<div class=\"x11i5rnm xat24cr x1mh8g0r x1vvkbs xtlvy1s x126k92a\">\n<div dir=\"auto\">Gegen jeden Antisemitismus und Rassismus<\/div>\n<\/div>\n<div class=\"x11i5rnm xat24cr x1mh8g0r x1vvkbs xtlvy1s x126k92a\">\n<div dir=\"auto\">Nie wieder ist jetzt!&#8220;<\/div>\n<\/div>\n<div class=\"x11i5rnm xat24cr x1mh8g0r x1vvkbs xtlvy1s x126k92a\">\n<div dir=\"auto\">Ende das Aufruftextes<\/div>\n<\/div>\n<\/div>\n<\/div>\n<\/div>\n<\/div>\n<div id=\":R1al9aqqd9emhpapd5aqH3:\" class=\"x1n2onr6\">\n<div class=\"x1n2onr6\">\n<div>\n<div class=\"x1n2onr6\">\n<div class=\"x1n2onr6\">\n<div class=\"x6ikm8r x10wlt62 x10l6tqk\">\u00a0<\/div>\n<\/div>\n<\/div>\n<\/div>\n<\/div>\n<\/div>\n<div class=\"x6ikm8r x10wlt62 x10l6tqk\">\u00a0<\/div>\n<\/blockquote>\n<div role=\"none\" data-visualcompletion=\"ignore-dynamic\">\u00a0<\/div>\n<p>Siehe auch z.B.\u00a0<a href=\"https:\/\/suedniedersachsen-harz.dgb.de\/termine\/++co++3f732f84-7cb4-11ee-82ed-001a4a160123\">https:\/\/suedniedersachsen-harz.dgb.de\/termine\/++co++3f732f84-7cb4-11ee-82ed-001a4a160123<\/a><\/p>\n\n\n<p><\/p>\n","protected":false},"excerpt":{"rendered":"<p>(Quelle: https:\/\/www.facebook.com\/goettingenaktuell\/posts\/pfbid0NyxA4RUpAarSMZqZNP4AhP9Yz4u4xNmy4BM99tf5f5UtvxfY4x5um19GpPU6Gitxl) \u00a0 G\u00f6ttingen aktuell &#8222;Nie wieder ist jetzt! Mahnkundgebung gegen Antisemitismus, Rassismus und Terror der Hamas&#8220; Zur Kundgebung hatte das (G\u00f6ttinger) &#8222;Gedenkb\u00fcndnis f\u00fcr die Opfer des Nationalsozialismus&#8220; f\u00fcr den 7. November 2023 aufgerufen. Der komplette Aufruf: &#8222;Nie wieder ist jetzt! Solidarit\u00e4t mit Israels Bev\u00f6lkerung Solidarit\u00e4t mit allen Opfern antisemitischer Anschl\u00e4ge Solidarit\u00e4t mit den zivilen &#8230; <a title=\"Nur zur Info: Der Aufruftext &#8222;Nie wieder ist jetzt! Mahnkundgebung gegen Antisemitismus, Rassismus und Terror der Hamas&#8220;\" class=\"read-more\" href=\"https:\/\/rt-europaallee.de\/wordpress\/2023\/11\/nur-zur-info-der-aufruftext-nie-wieder-ist-jetzt-mahnkundgebung-gegen-antisemitismus-rassismus-und-terror-der-hamas\/\" aria-label=\"Mehr Informationen \u00fcber Nur zur Info: Der Aufruftext &#8222;Nie wieder ist jetzt! Mahnkundgebung gegen Antisemitismus, Rassismus und Terror der Hamas&#8220;\">Weiterlesen<\/a><\/p>\n","protected":false},"author":3,"featured_media":0,"comment_status":"closed","ping_status":"open","sticky":false,"template":"","format":"standard","meta":{"footnotes":""},"categories":[1],"tags":[],"class_list":["post-15150","post","type-post","status-publish","format-standard","hentry","category-allgemein"],"_links":{"self":[{"href":"https:\/\/rt-europaallee.de\/wordpress\/wp-json\/wp\/v2\/posts\/15150","targetHints":{"allow":["GET"]}}],"collection":[{"href":"https:\/\/rt-europaallee.de\/wordpress\/wp-json\/wp\/v2\/posts"}],"about":[{"href":"https:\/\/rt-europaallee.de\/wordpress\/wp-json\/wp\/v2\/types\/post"}],"author":[{"embeddable":true,"href":"https:\/\/rt-europaallee.de\/wordpress\/wp-json\/wp\/v2\/users\/3"}],"replies":[{"embeddable":true,"href":"https:\/\/rt-europaallee.de\/wordpress\/wp-json\/wp\/v2\/comments?post=15150"}],"version-history":[{"count":1,"href":"https:\/\/rt-europaallee.de\/wordpress\/wp-json\/wp\/v2\/posts\/15150\/revisions"}],"predecessor-version":[{"id":15151,"href":"https:\/\/rt-europaallee.de\/wordpress\/wp-json\/wp\/v2\/posts\/15150\/revisions\/15151"}],"wp:attachment":[{"href":"https:\/\/rt-europaallee.de\/wordpress\/wp-json\/wp\/v2\/media?parent=15150"}],"wp:term":[{"taxonomy":"category","embeddable":true,"href":"https:\/\/rt-europaallee.de\/wordpress\/wp-json\/wp\/v2\/categories?post=15150"},{"taxonomy":"post_tag","embeddable":true,"href":"https:\/\/rt-europaallee.de\/wordpress\/wp-json\/wp\/v2\/tags?post=15150"}],"curies":[{"name":"wp","href":"https:\/\/api.w.org\/{rel}","templated":true}]}}