{"id":15163,"date":"2023-11-12T00:40:16","date_gmt":"2023-11-11T23:40:16","guid":{"rendered":"http:\/\/rt-europaallee.org\/wordpress\/?p=15163"},"modified":"2023-11-12T00:40:16","modified_gmt":"2023-11-11T23:40:16","slug":"hna-holtenser-berg-in-goettingen-zweite-zufahrt-ueber-stadtweg","status":"publish","type":"post","link":"https:\/\/rt-europaallee.de\/wordpress\/2023\/11\/hna-holtenser-berg-in-goettingen-zweite-zufahrt-ueber-stadtweg\/","title":{"rendered":"HNA: Holtenser Berg in G\u00f6ttingen: Zweite Zufahrt \u00fcber Stadtweg"},"content":{"rendered":"\n<p><\/p>\n\n\n<p>(Quelle: <a href=\"https:\/\/www.hna.de\/lokales\/goettingen\/goettingen-ort28741\/holtenser-berg-in-goettingen-zweite-zufahrt-ueber-stadtweg-92667219.html?utm_source=operanews&amp;utm_medium=external&amp;utm_campaign=rssfeed&amp;fbclid=IwAR2G2XVbUJB-J-JkW6V0JQksxzKv78KlwN9NSYF9-bD7DVG0jvtuFDEl-hM\">https:\/\/www.hna.de\/lokales\/goettingen\/goettingen-ort28741\/holtenser-berg-in-goettingen-zweite-zufahrt-ueber-stadtweg-92667219.html?<\/a>)<\/p>\n<p>\u00a0<\/p>\n<blockquote>\n<h1 class=\"id-StoryElement-headline\">Holtenser Berg in G\u00f6ttingen: Zweite Zufahrt \u00fcber Stadtweg<\/h1>\n<p class=\"id-Story-timestamp id-Story-timestamp--default\"><span class=\"id-Story-timestamp-content\"><span class=\"id-Story-timestamp-content-prefix\">Stand: <\/span><time datetime=\"2023-11-10 17:58\">10.11.2023, 17:58 Uhr<\/time><\/span><\/p>\n<p class=\"id-Story-authors id-Story-authors--default\"><span class=\"id-Story-authors-by\">Von: <\/span><a class=\"id-Story-authors-link lp_west_author\" title=\"Zur Autorenseite von Bernd Schlegel\" href=\"https:\/\/www.hna.de\/autoren\/703\/\" data-id-ec=\"{&quot;shn&quot;:&quot;Story&quot;,&quot;sht&quot;:&quot;Container&quot;,&quot;p&quot;:{&quot;containerType&quot;:&quot;Author-Link&quot;,&quot;elementName&quot;:&quot;Bernd Schlegel&quot;,&quot;elementPosition&quot;:&quot;1&quot;}}\" data-id-em=\"1\">Bernd Schlegel<\/a><\/p>\n<p class=\"id-StoryElement-leadText\">Jetzt ist klar: Der Holtenser Berg im G\u00f6ttinger Norden bekommt eine zweite Zufahrt. Die ist wegen des k\u00fcnftigen Europaquartiers notwendig.<\/p>\n<p class=\"id-StoryElement-paragraph\">G\u00f6ttingen \u2013 Die zweite Zufahrt f\u00fcr das k\u00fcnftige Wohngebiet <a class=\"id-import-Link\" href=\"https:\/\/www.hna.de\/lokales\/goettingen\/goettingen-ort28741\/streit-um-zweite-zufahrt-fuer-kuenftiges-goettinger-neubaugebiet-92563145.html\" data-id-ec=\"{&quot;shn&quot;: &quot;Story&quot;, &quot;sht&quot;: &quot;Container&quot;, &quot;p&quot;: {&quot;containerType&quot;: &quot;InlineLink&quot;, &quot;elementName&quot;: &quot;Europaquartier&quot;, &quot;elementVariant&quot;: &quot;standardLink&quot;}}\" data-id-em=\"1\">Europaquartier<\/a> auf dem Holtenser Berg in <a class=\"id-import-Link\" href=\"https:\/\/www.hna.de\/lokales\/goettingen\/\" target=\"_blank\" rel=\"nofollow noopener\" data-id-ec=\"{&quot;shn&quot;: &quot;Story&quot;, &quot;sht&quot;: &quot;Container&quot;, &quot;p&quot;: {&quot;containerType&quot;: &quot;InlineLink&quot;, &quot;elementName&quot;: &quot;G\u00f6ttingen&quot;, &quot;elementVariant&quot;: &quot;standardLink&quot;}}\" data-id-em=\"1\">G\u00f6ttingen<\/a> soll \u00fcber die Holtenser Stra\u00dfe \u201eAm Stadtweg\u201c gef\u00fchrt werden. Das bekr\u00e4ftigte der Bauausschuss mit gro\u00dfer Mehrheit.<\/p>\n<h3>&#8230;<\/h3>\n<p>(Weiterlesen unter:\u00a0<a href=\"https:\/\/www.hna.de\/lokales\/goettingen\/goettingen-ort28741\/holtenser-berg-in-goettingen-zweite-zufahrt-ueber-stadtweg-92667219.html?utm_source=operanews&amp;utm_medium=external&amp;utm_campaign=rssfeed&amp;fbclid=IwAR2G2XVbUJB-J-JkW6V0JQksxzKv78KlwN9NSYF9-bD7DVG0jvtuFDEl-hM\">https:\/\/www.hna.de\/lokales\/goettingen\/goettingen-ort28741\/holtenser-berg-in-goettingen-zweite-zufahrt-ueber-stadtweg-92667219.html?<\/a>)<\/p>\n<\/blockquote>","protected":false},"excerpt":{"rendered":"<p>(Quelle: https:\/\/www.hna.de\/lokales\/goettingen\/goettingen-ort28741\/holtenser-berg-in-goettingen-zweite-zufahrt-ueber-stadtweg-92667219.html?) \u00a0 Holtenser Berg in G\u00f6ttingen: Zweite Zufahrt \u00fcber Stadtweg Stand: 10.11.2023, 17:58 Uhr Von: Bernd Schlegel Jetzt ist klar: Der Holtenser Berg im G\u00f6ttinger Norden bekommt eine zweite Zufahrt. Die ist wegen des k\u00fcnftigen Europaquartiers notwendig. G\u00f6ttingen \u2013 Die zweite Zufahrt f\u00fcr das k\u00fcnftige Wohngebiet Europaquartier auf dem Holtenser Berg in G\u00f6ttingen soll &#8230; <a title=\"HNA: Holtenser Berg in G\u00f6ttingen: Zweite Zufahrt \u00fcber Stadtweg\" class=\"read-more\" href=\"https:\/\/rt-europaallee.de\/wordpress\/2023\/11\/hna-holtenser-berg-in-goettingen-zweite-zufahrt-ueber-stadtweg\/\" aria-label=\"Mehr Informationen \u00fcber HNA: Holtenser Berg in G\u00f6ttingen: Zweite Zufahrt \u00fcber Stadtweg\">Weiterlesen<\/a><\/p>\n","protected":false},"author":3,"featured_media":0,"comment_status":"closed","ping_status":"open","sticky":false,"template":"","format":"standard","meta":{"footnotes":""},"categories":[1],"tags":[],"class_list":["post-15163","post","type-post","status-publish","format-standard","hentry","category-allgemein"],"_links":{"self":[{"href":"https:\/\/rt-europaallee.de\/wordpress\/wp-json\/wp\/v2\/posts\/15163","targetHints":{"allow":["GET"]}}],"collection":[{"href":"https:\/\/rt-europaallee.de\/wordpress\/wp-json\/wp\/v2\/posts"}],"about":[{"href":"https:\/\/rt-europaallee.de\/wordpress\/wp-json\/wp\/v2\/types\/post"}],"author":[{"embeddable":true,"href":"https:\/\/rt-europaallee.de\/wordpress\/wp-json\/wp\/v2\/users\/3"}],"replies":[{"embeddable":true,"href":"https:\/\/rt-europaallee.de\/wordpress\/wp-json\/wp\/v2\/comments?post=15163"}],"version-history":[{"count":1,"href":"https:\/\/rt-europaallee.de\/wordpress\/wp-json\/wp\/v2\/posts\/15163\/revisions"}],"predecessor-version":[{"id":15164,"href":"https:\/\/rt-europaallee.de\/wordpress\/wp-json\/wp\/v2\/posts\/15163\/revisions\/15164"}],"wp:attachment":[{"href":"https:\/\/rt-europaallee.de\/wordpress\/wp-json\/wp\/v2\/media?parent=15163"}],"wp:term":[{"taxonomy":"category","embeddable":true,"href":"https:\/\/rt-europaallee.de\/wordpress\/wp-json\/wp\/v2\/categories?post=15163"},{"taxonomy":"post_tag","embeddable":true,"href":"https:\/\/rt-europaallee.de\/wordpress\/wp-json\/wp\/v2\/tags?post=15163"}],"curies":[{"name":"wp","href":"https:\/\/api.w.org\/{rel}","templated":true}]}}