{"id":15169,"date":"2023-11-12T12:08:23","date_gmt":"2023-11-12T11:08:23","guid":{"rendered":"http:\/\/rt-europaallee.org\/wordpress\/?p=15169"},"modified":"2023-11-12T12:08:23","modified_gmt":"2023-11-12T11:08:23","slug":"stadt-goettingen-goettinger-weihnachtsmarkt-2023-startet-am-27-november","status":"publish","type":"post","link":"https:\/\/rt-europaallee.de\/wordpress\/2023\/11\/stadt-goettingen-goettinger-weihnachtsmarkt-2023-startet-am-27-november\/","title":{"rendered":"Stadt G\u00f6ttingen: G\u00f6ttinger Weihnachtsmarkt 2023 startet am 27. November"},"content":{"rendered":"<p>(Quelle: <a href=\"https:\/\/www.goettingen.de\/portal\/meldungen\/goettinger-weihnachtsmarkt-2023-startet-am-27-november-900002411-25480.html?rubrik=900000003\">https:\/\/www.goettingen.de\/portal\/meldungen\/goettinger-weihnachtsmarkt-2023-startet-am-27-november-900002411-25480.html?rubrik=900000003<\/a>)<\/p>\n<blockquote>\n<div class=\"fusstext fusstext_oben\"><span class=\"create\">10.11.2023<\/span><\/p>\n<div><\/div>\n<\/div>\n<h3 class=\"kontrast-bild\">G\u00f6ttinger Weihnachtsmarkt 2023 startet am 27. November<\/h3>\n<div id=\"nolis_content_site\" class=\"nolis_content_site\">\n<p class=\"anreisser_detail\"><strong>Der G\u00f6ttinger Weihnachtsmarkt wird am Montag, 27. November 2023, um 16.00 Uhr durch Oberb\u00fcrgermeisterin Petra Broistedt auf der Weihnachtsmarktb\u00fchne feierlich er\u00f6ffnet. Musikalisch umrahmt wird die Er\u00f6ffnung vom Kinder- und Jugendchor St. Johannis unter der Leitung von Carolin Hlusiak und dem Auftritt des gro\u00dfen und kleinen G\u00e4nseliesels sowie des G\u00f6ttinger Weihnachtsmanns.<\/strong><\/p>\n<div class=\"print_href print_abbr\">\n<div class=\"template1\">\n<div class=\"platz platz1\">\n<div class=\"rahmen\">\n<div class=\"innen\">\n<h4>Kulturprogramm<\/h4>\n<p>Von Montag, 27. November 2023, bis Donnerstag, 29. Dezember 2023, bietet der Weihnachtsmarkt kulinarische Gen\u00fcsse, Kunsthandwerk und ein vielf\u00e4ltiges Kulturprogramm. Zahlreiche kleine und gro\u00dfe Konzerte auf der Weihnachtsmarktb\u00fchne an der Stadtbibliothek und im Alten Rathaus sorgen f\u00fcr eine vorweihnachtliche Stimmung.<\/p>\n<p>Die Stadtbibliothek l\u00e4dt an den vier Adventssamstagen ab 11.00 Uhr Kinder ab vier Jahren zum Vorlesen im Advent ein. Eltern und Gro\u00dfeltern sind ebenfalls eingeladen.<\/p>\n<p>Im Alten Rathaus werden Konzerte geboten:<\/p>\n<ul>\n<li>All you want for Christmas The Blues: Weihnachten mit Front Porch Picking (Freitag, 8. Dezember 2023, 20.00 Uhr).<\/li>\n<li>Gregor Kilian &amp; his All Star-Band (Samstag, 16. Dezember 2023, 20.00 Uhr)<\/li>\n<\/ul>\n<p>Karten gibt es unter anderem in der Tourist-Information beim Alten Rathaus. Dar\u00fcber hinaus finden noch eintrittsfreie Konzerte statt:<\/p>\n<ul>\n<li>G\u00f6ttinger Chor CHORios (Montag, 4. Dezember 2023, 18.00 Uhr)<\/li>\n<li>Advent- und weihnachtliches Konzert: \u00d6kumenische Singkreis (\u00d6SK) (Mittwoch, 6. Dezember 2023, 19.00 Uhr)<\/li>\n<li>Orchester G\u00f6ttinger Musikfreunde (OGM) (Montag, 11. Dezember 2023, 19.00 Uhr)<\/li>\n<li>Musikverein Wolbrechtshausen (Montag, 18. Dezember 2023, 20.00 Uhr)<\/li>\n<\/ul>\n<h4>Parkpl\u00e4tze<\/h4>\n<p>T\u00e4glich stehen in der City \u00fcber 4.600 Parkpl\u00e4tze zur Verf\u00fcgung. An den Adventssonnabenden werden zus\u00e4tzlich Stellfl\u00e4chen angeboten:<\/p>\n<ul>\n<li>Bonifatiusschule II am Rosengarten<\/li>\n<li>Au\u00dfenstelle des Felix-Klein-Gymnasiums<\/li>\n<li>Ehemalige Voigt-Realschule, Zufahrt \u00fcber Gartenstra\u00dfe<\/li>\n<li>Universit\u00e4t Nikolausberger Weg \/ Go\u00dflerstra\u00dfe<\/li>\n<li>Parkplatz am Kreishaus im Walkem\u00fchlenweg<\/li>\n<li>Parkpl\u00e4tze am Max-Planck-Gymnasium, Sporthalle W\u00f6hlerstra\u00dfe.<\/li>\n<\/ul>\n<h4>Park &amp; Ride<\/h4>\n<p>Kostenfreie Parkpl\u00e4tze stehen auf dem Sch\u00fctzenplatz zur Verf\u00fcgung. Von hier erreicht man den Weihnachtsmarkt mit den Buslinien 11, 12 im 15-Minuten-Takt (Haltestellen: Sch\u00fctzenplatz &#8211; Markt).<\/p>\n<p>An den Adventssamstagen f\u00e4hrt zus\u00e4tzlich ein Adventsshuttle im 10-Minuten-Takt ab der Haltestelle Sch\u00fctzenplatz zum Weihnachtsmarkt (Erste Fahrt: 9.40 Uhr, letzte Fahrt: 20.20 Uhr).<\/p>\n<p>Alle weiteren Informationen gibt es unter <a class=\"link_katalog nolis-link-extern\" title=\"G\u00f6ttinger Weihnachtsmarkt (https:\/\/www.goettingen-tourismus.de\/erleben\/weihnachtsmarkt)\" href=\"https:\/\/www.goettingen-tourismus.de\/erleben\/weihnachtsmarkt\" target=\"_blank\" rel=\"noopener\">www.goettingen-tourismus.de\/weihnachtsmarkt<\/a> oder in der \u00a0Weihnachtsmarktbrosch\u00fcre, die demn\u00e4chst in der Innenstadt und ab 27. November 2023 auf dem G\u00f6ttinger Weihnachtsmarkt ausliegen wird.<\/p>\n<\/div>\n<\/div>\n<\/div>\n<\/div>\n<\/div>\n<\/div>\n<\/blockquote>\n","protected":false},"excerpt":{"rendered":"<p>(Quelle: https:\/\/www.goettingen.de\/portal\/meldungen\/goettinger-weihnachtsmarkt-2023-startet-am-27-november-900002411-25480.html?rubrik=900000003) 10.11.2023 G\u00f6ttinger Weihnachtsmarkt 2023 startet am 27. November Der G\u00f6ttinger Weihnachtsmarkt wird am Montag, 27. November 2023, um 16.00 Uhr durch Oberb\u00fcrgermeisterin Petra Broistedt auf der Weihnachtsmarktb\u00fchne feierlich er\u00f6ffnet. Musikalisch umrahmt wird die Er\u00f6ffnung vom Kinder- und Jugendchor St. Johannis unter der Leitung von Carolin Hlusiak und dem Auftritt des gro\u00dfen und kleinen &#8230; <a title=\"Stadt G\u00f6ttingen: G\u00f6ttinger Weihnachtsmarkt 2023 startet am 27. November\" class=\"read-more\" href=\"https:\/\/rt-europaallee.de\/wordpress\/2023\/11\/stadt-goettingen-goettinger-weihnachtsmarkt-2023-startet-am-27-november\/\" aria-label=\"Mehr Informationen \u00fcber Stadt G\u00f6ttingen: G\u00f6ttinger Weihnachtsmarkt 2023 startet am 27. November\">Weiterlesen<\/a><\/p>\n","protected":false},"author":3,"featured_media":0,"comment_status":"closed","ping_status":"open","sticky":false,"template":"","format":"standard","meta":{"footnotes":""},"categories":[1],"tags":[],"class_list":["post-15169","post","type-post","status-publish","format-standard","hentry","category-allgemein"],"_links":{"self":[{"href":"https:\/\/rt-europaallee.de\/wordpress\/wp-json\/wp\/v2\/posts\/15169","targetHints":{"allow":["GET"]}}],"collection":[{"href":"https:\/\/rt-europaallee.de\/wordpress\/wp-json\/wp\/v2\/posts"}],"about":[{"href":"https:\/\/rt-europaallee.de\/wordpress\/wp-json\/wp\/v2\/types\/post"}],"author":[{"embeddable":true,"href":"https:\/\/rt-europaallee.de\/wordpress\/wp-json\/wp\/v2\/users\/3"}],"replies":[{"embeddable":true,"href":"https:\/\/rt-europaallee.de\/wordpress\/wp-json\/wp\/v2\/comments?post=15169"}],"version-history":[{"count":1,"href":"https:\/\/rt-europaallee.de\/wordpress\/wp-json\/wp\/v2\/posts\/15169\/revisions"}],"predecessor-version":[{"id":15170,"href":"https:\/\/rt-europaallee.de\/wordpress\/wp-json\/wp\/v2\/posts\/15169\/revisions\/15170"}],"wp:attachment":[{"href":"https:\/\/rt-europaallee.de\/wordpress\/wp-json\/wp\/v2\/media?parent=15169"}],"wp:term":[{"taxonomy":"category","embeddable":true,"href":"https:\/\/rt-europaallee.de\/wordpress\/wp-json\/wp\/v2\/categories?post=15169"},{"taxonomy":"post_tag","embeddable":true,"href":"https:\/\/rt-europaallee.de\/wordpress\/wp-json\/wp\/v2\/tags?post=15169"}],"curies":[{"name":"wp","href":"https:\/\/api.w.org\/{rel}","templated":true}]}}