{"id":15175,"date":"2023-11-13T14:13:04","date_gmt":"2023-11-13T13:13:04","guid":{"rendered":"http:\/\/rt-europaallee.org\/wordpress\/?p=15175"},"modified":"2023-11-13T14:13:04","modified_gmt":"2023-11-13T13:13:04","slug":"bonveno-newsletter-kurzversion-november-2023","status":"publish","type":"post","link":"https:\/\/rt-europaallee.de\/wordpress\/2023\/11\/bonveno-newsletter-kurzversion-november-2023\/","title":{"rendered":"Bonveno Newsletter (Kurzversion) November 2023"},"content":{"rendered":"<p>E-Mail von\u00a0<a href=\"m.luepke@bonveno-goettingen.de\">m.luepke@bonveno-goettingen.de<\/a> <br \/>13.11.2023\/ 11:53<\/p>\n<blockquote>\n<p><strong>Liebe Bonveno-Freunde, liebe Ehrenamtliche,<\/strong><strong>\u00a0<\/strong><\/p>\n<p>diese Ausgabe stellt eine Kurzversion des Newsletters da um Sie auf zeitnahe Veranstaltungen aufmerksam zu machen. <br \/>Melden Sie sich wie immer gerne, wenn wir Sie unterst\u00fctzen k\u00f6nnen \u2013 wenn Sie Gespr\u00e4chsbedarf haben, wenn wir Kosten erstatten k\u00f6nnen oder wenn Sie andere Anliegen haben!<strong>\u00a0<\/strong><\/p>\n<p><strong>\u00a0<\/strong><\/p>\n<p><strong>Veranstaltungen<\/strong><strong>\u00a0<\/strong><strong>\u00a0<\/strong><\/p>\n<p><strong>Lesung: \u201e<\/strong><strong><em>Was wir noch sagen wollten\u201c \u2013 Freikarten f\u00fcr Ehrenamtliche\/ Pat*innen, Donnerstag 7. Dezember, 20 Uhr<\/em><\/strong><strong><em>\u00a0<\/em><\/strong><\/p>\n<p><em>Adresse: Literaturhaus G\u00f6ttingen, Nikolaistr. 22, 37073 G\u00f6ttingen<\/em><strong>\u00a0<\/strong><\/p>\n<p><strong>Wer: <\/strong>Zum Ende des Jahres veranstalten das B\u00fcro f\u00fcr Integration zusammen mit dem Literarischen Zentrum eine Lesung.<\/p>\n<p>Dazu l\u00e4dt das B\u00fcro f\u00fcr Integration gemeinsam mit dem Literarischen Zentrum als Dankesch\u00f6n Ehrenamtliche ein und \u00fcbernehmen die Kosten f\u00fcr die Eintrittskarten. Hierf\u00fcr sind 10 Freikarten f\u00fcr die Bonveno gGmbH reserviert.<\/p>\n<p>Liebe Ehrenamtliche\/ liebe Pat*innen bitte geben Sie uns bis zum <strong>20.11.<\/strong> eine R\u00fcckmeldung, wenn Sie das Angebot wahrnehmen m\u00f6chte. Da die Karten sonst anderweitig vergeben werden.<em>\u00a0<\/em><\/p>\n<p><strong>Was:<\/strong><em> <strong>\u00bbWas wir noch sagen wollten\u00ab<\/strong><\/em><\/p>\n<p>\u201e<a href=\"https:\/\/www.literarisches-zentrum-goettingen.de\/programm\/gaeste\/walaa-albukai\/\">Walaa Albukai<\/a>,\u00a0<a href=\"https:\/\/www.literarisches-zentrum-goettingen.de\/programm\/gaeste\/asia-anwari\/\">Asia Anwari<\/a>,\u00a0<a href=\"https:\/\/www.literarisches-zentrum-goettingen.de\/programm\/gaeste\/shanaz-bashiri\/\">Shanaz Bashiri<\/a>,\u00a0<a href=\"https:\/\/www.literarisches-zentrum-goettingen.de\/programm\/gaeste\/azzah-saffaf\/\">Azzah Saffaf<\/a>\u00a0und\u00a0<a href=\"https:\/\/www.literarisches-zentrum-goettingen.de\/programm\/gaeste\/mohannad-schtewi\/\">Mohannad Schtewi<\/a><\/p>\n<p>2022 haben sich im Northeimer Asyl- und Migrationszentrum Caf\u00e9 Dialog Menschen mit ganz unterschiedlichen Biografien getroffen, um in einer Schreib- und Erz\u00e4hlwerkstatt ihre Erfahrungen aufs Papier zu bringen. Unter der k\u00fcnstlerischen Leitung\u00a0\u00c5za Thelandersson-Res\u00a0ist aus diesen selbstbestimmten Narrativen eine Collage entstanden. Darin erz\u00e4hlen f\u00fcnf der Autor*innen auf Deutsch vom Duft der Walnussb\u00e4ume in der Heimat und dem Wunsch, ihre Liebsten dem eigenen Herzen in die Taschen stecken zu k\u00f6nnen; sie dokumentieren Erlebnisse auf der Flucht und diskriminierende Begegnungen; sie lassen uns teilhaben an der Sehnsucht nach friedlichen Kindheitsorten, und der Hoffnung, die eigene Zukunft zu besitzen. Begleitet wird diese Einladung zum Zuh\u00f6ren von persischen und arabischen Gedichten sowie am Klavier von\u00a0Norea Re.\u201c<em>\u00a0<\/em><\/p>\n<p><strong>Weitere Informationen:<\/strong> Lesen Sie hier ein Interview zum Thema mit den beiden Herausgeberinnen Andrea Hahnefeld und Elena Weigand:<\/p>\n<p><a href=\"https:\/\/www.hogrefe.com\/de\/thema\/kinder-mit-fluchterfahrung-optimal-versorgen\">https:\/\/www.hogrefe.com\/de\/thema\/kinder-mit-fluchterfahrung-optimal-versorgen<\/a><\/p>\n<p><strong>Anmeldung:<\/strong><strong style=\"font-size: revert; color: inherit;\">\u00a0<\/strong><\/p>\n<p><strong>Marie L\u00fcpke:<\/strong><\/p>\n<p>E-Mail: <a href=\"mailto:m.luepke@bonveno-goettingen.de\">m.luepke@bonveno-goettingen.de<\/a><\/p>\n<p>Mobil: 0176\/ 84146370<\/p>\n<p>\u00a0<\/p>\n<p><strong>Astrid M\u00fcller:<\/strong><\/p>\n<p>E-Mail: <a href=\"mailto:a.mueller@awo-goettingen.de\">a.mueller@awo-goettingen.de<\/a><\/p>\n<p>Mobil: 0176\/ 22919421<\/p>\n<p><strong>Reminder: <\/strong><\/p>\n<p><strong>Austausch: Patenschaftsabend von der Bonveno G\u00f6ttingen gGmbH, <\/strong><strong>Dienstag, 21.11., ab 17:30 Uhr<\/strong><\/p>\n<p><em>Adresse: Jutta-Limbach-Str. 3, 37073 G\u00f6ttingen (2. Stock, Panoramaraum)<\/em><\/p>\n<p><strong>Wer: <\/strong>Die Koordinatorinnen f\u00fcr Ehrenamt und Patenschaften der Bonveno G\u00f6ttingen gGmbH<\/p>\n<p><strong>Was:<\/strong> Liebe Pat*innen und Ehrenamtliche,\u00a0<\/p>\n<p>wir laden Sie herzlich ein zum Patenabend in die Jutta-Limbach-Str. 3.<\/p>\n<p>Wir m\u00f6chten uns gern in gem\u00fctlicher Runde gemeinsam austauschen, kl\u00f6nen, Ideen finden, planen und gemeinsam umsetzen. Bei ein paar kleinen Snacks k\u00f6nnen Sie \u00fcber Ihre Erfahrungen, Herausforderungen und W\u00fcnsche berichten.<\/p>\n<p>Haben Sie Ideen oder brauchen Unterst\u00fctzung? M\u00f6chten Sie sich mit anderen \u00fcber Ihre Erfahrungen austauschen? Kommen Sie gern vorbei beim Patenabend!<\/p>\n<p>Wir freuen uns \u00fcber Ihre Anmeldungen!<strong>\u00a0<\/strong><\/p>\n<p><strong>Anmeldung:<\/strong><\/p>\n<p><strong>Marie L\u00fcpke:<\/strong><\/p>\n<p>E-Mail: <a href=\"mailto:m.luepke@bonveno-goettingen.de\">m.luepke@bonveno-goettingen.de<\/a><\/p>\n<p>Mobil: 0176\/ 84146370<\/p>\n<p>\u00a0<\/p>\n<p><strong>Astrid M\u00fcller:<\/strong><\/p>\n<p>E-Mail: <a href=\"mailto:a.mueller@awo-goettingen.de\">a.mueller@awo-goettingen.de<\/a><\/p>\n<p>Mobil: 0176\/ 22919421<\/p>\n<p>\u00a0<\/p>\n<p><strong>Fortbildungen<\/strong><\/p>\n<p><strong>Reminder:<\/strong><\/p>\n<p><strong>Aufwachsen mit mehreren Kulturen \u2013 Kulturelle und religi\u00f6se Vielfalt in Deutschland Workshop, Freitag den 17.11., von 17:30 bis 19:30 Uhr.<\/strong><\/p>\n<p><em>Jutta-Limbach-Str. 3, 37073 G\u00f6ttingen (2. Stock, Konferenzraum)<\/em><strong>\u00a0<\/strong><\/p>\n<p><strong>Referenten: <\/strong>Vanessa Probst und Reem Hassouna (HORiZONT \u2013 Fach- und Beratungsstelle zur F\u00f6rderung religi\u00f6ser Vielfalt und gelebter Demokratie)<\/p>\n<p><strong>Was: <\/strong>Die Bonveno G\u00f6ttingen gGmbH l\u00e4dt gemeinsam mit der AWO G\u00f6ttingen gGmbH und der Fach- und Beratungsstelle HORiZONT zum Workshop \u201eAufwachsen mit mehreren Kulturen\u201c ein.<\/p>\n<p>Die wachsende religi\u00f6se und kulturelle Vielfalt ver\u00e4ndert unsere Gesellschaft. Immer mehr Menschen f\u00fchlen sich mehreren Kulturen gleichzeitig zugeh\u00f6rig und vereinen diese in ihrem Alltag.<\/p>\n<p>Ziel unserer Arbeit ist, das gesellschaftliche Zugeh\u00f6rigkeitsgef\u00fchl von in Deutschland lebenden Muslim*innen zu st\u00e4rken, Diskriminierung und antimuslimischem Rassismus entgegenzuwirken und Vielfalt als Ressource zu erkennen. Dazu m\u00f6chten wir uns im Workshop mit folgenden Fragen besch\u00e4ftigen: Was ist kulturelle und religi\u00f6se Identit\u00e4t? Was bedeutet Vielfalt und welche Werte sind wichtig? Welche Herausforderungen gibt es und wie kann ich Gefl\u00fcchtete unterst\u00fctzen?<\/p>\n<p>F\u00fcr Snacks und Getr\u00e4nke ist gesorgt.<\/p>\n<p><strong>Zielgruppe:<\/strong> Ehrenamtliche und Engagierte im Kontext von Flucht und Migration, sowie Interessierte an den Themen Vielfalt, Teilhabe, Migration und Flucht<strong>\u00a0<\/strong><\/p>\n<p><strong>Anmeldung:<\/strong><\/p>\n<p>Marie L\u00fcpke:<\/p>\n<p>E-Mail: <a href=\"mailto:m.luepke@bonveno-goettingen.de\">m.luepke@bonveno-goettingen.de<\/a><\/p>\n<p>Mobil: 0176\/ 84146370<\/p>\n<p><strong>\u00a0<\/strong><\/p>\n<p>Astrid M\u00fcller:<\/p>\n<p>E-Mail: <a href=\"mailto:a.mueller@awo-goettingen.de\">a.mueller@awo-goettingen.de<\/a><\/p>\n<p>Mobil: 0176\/ 22919421<strong>\u00a0<\/strong><\/p>\n<p>\u00a0<\/p>\n<p><strong>Aktiv werden<\/strong><strong>\u00a0<\/strong><\/p>\n<p>Sollten Sie aktuell etwas Zeit haben, freuen wir uns wie immer \u00fcber Ihre Nachricht. Noch immer ist die Nachfrage nach Gespr\u00e4chspartner*innen zum Deutsch \u00fcben gro\u00df.<\/p>\n<p>Sowohl f\u00fcr die Unterkunft in der Europa-Allee als auch f\u00fcr die Unterkunft auf den Zietenterrassen suchen wir noch Einzelpatenschaften f\u00fcr Lern- und Sprachunterst\u00fctzung f\u00fcr vier junge M\u00e4nner im Alter von 17 bis 26 Jahren.<\/p>\n<p>Haben Sie Interesse zu unterst\u00fctzen? Melden Sie sich gern bei uns.<\/p>\n<p>Wir freuen uns, von Ihnen zu h\u00f6ren!<strong>\u00a0<\/strong><\/p>\n<p>Viele Gr\u00fc\u00dfe,<br \/>Astrid M\u00fcller und Marie L\u00fcpke<\/p>\n<p>Koordination Ehrenamt &amp; Patenschaften<br \/>Bonveno G\u00f6ttingen gGmbH<\/p>\n<p><a href=\"http:\/\/www.bonveno-goettingen.de\/\">www.Bonveno-Goettingen.de<\/a><\/p>\n<p>\u00a0<\/p>\n<p>Mit freundlichen Gr\u00fc\u00dfen,<\/p>\n<p>Marie L\u00fcpke<\/p>\n<p>Koordination Ehrenamt &amp; Patenschaften<br \/>Bonveno G\u00f6ttingen gGmbH<\/p>\n<p>Jutta-Limbach-Stra\u00dfe 3<br \/>37073 G\u00f6ttingen<\/p>\n<p>Mobil: +49 176 84146370\u00a0<\/p>\n<p>E-Mail: <a href=\"mailto:m.luepke@bonveno-goettingen.de\">m.luepke@bonveno-goettingen.de<\/a><\/p>\n<p>Webseite: <a href=\"http:\/\/www.bonveno-goettingen.de\/\">www.bonveno-goettingen.de<\/a>\u00a0\u00a0\u00a0\u00a0<\/p>\n<p><strong><em><u>Sprechzeiten: <\/u><\/em><\/strong><\/p>\n<p><em>Montags bis Donnerstags: 8:30 Uhr bis 14:00 Uhr und nach Vereinbarung<\/em><\/p>\n<p><em>Freitags: 8:30 bis 13:00 Uhr und nach Vereinbarung<\/em><\/p>\n<\/blockquote>\n","protected":false},"excerpt":{"rendered":"<p>E-Mail von\u00a0m.luepke@bonveno-goettingen.de 13.11.2023\/ 11:53 Liebe Bonveno-Freunde, liebe Ehrenamtliche,\u00a0 diese Ausgabe stellt eine Kurzversion des Newsletters da um Sie auf zeitnahe Veranstaltungen aufmerksam zu machen. Melden Sie sich wie immer gerne, wenn wir Sie unterst\u00fctzen k\u00f6nnen \u2013 wenn Sie Gespr\u00e4chsbedarf haben, wenn wir Kosten erstatten k\u00f6nnen oder wenn Sie andere Anliegen haben!\u00a0 \u00a0 Veranstaltungen\u00a0\u00a0 Lesung: \u201eWas &#8230; <a title=\"Bonveno Newsletter (Kurzversion) November 2023\" class=\"read-more\" href=\"https:\/\/rt-europaallee.de\/wordpress\/2023\/11\/bonveno-newsletter-kurzversion-november-2023\/\" aria-label=\"Mehr Informationen \u00fcber Bonveno Newsletter (Kurzversion) November 2023\">Weiterlesen<\/a><\/p>\n","protected":false},"author":3,"featured_media":0,"comment_status":"closed","ping_status":"open","sticky":false,"template":"","format":"standard","meta":{"footnotes":""},"categories":[1],"tags":[],"class_list":["post-15175","post","type-post","status-publish","format-standard","hentry","category-allgemein"],"_links":{"self":[{"href":"https:\/\/rt-europaallee.de\/wordpress\/wp-json\/wp\/v2\/posts\/15175","targetHints":{"allow":["GET"]}}],"collection":[{"href":"https:\/\/rt-europaallee.de\/wordpress\/wp-json\/wp\/v2\/posts"}],"about":[{"href":"https:\/\/rt-europaallee.de\/wordpress\/wp-json\/wp\/v2\/types\/post"}],"author":[{"embeddable":true,"href":"https:\/\/rt-europaallee.de\/wordpress\/wp-json\/wp\/v2\/users\/3"}],"replies":[{"embeddable":true,"href":"https:\/\/rt-europaallee.de\/wordpress\/wp-json\/wp\/v2\/comments?post=15175"}],"version-history":[{"count":1,"href":"https:\/\/rt-europaallee.de\/wordpress\/wp-json\/wp\/v2\/posts\/15175\/revisions"}],"predecessor-version":[{"id":15176,"href":"https:\/\/rt-europaallee.de\/wordpress\/wp-json\/wp\/v2\/posts\/15175\/revisions\/15176"}],"wp:attachment":[{"href":"https:\/\/rt-europaallee.de\/wordpress\/wp-json\/wp\/v2\/media?parent=15175"}],"wp:term":[{"taxonomy":"category","embeddable":true,"href":"https:\/\/rt-europaallee.de\/wordpress\/wp-json\/wp\/v2\/categories?post=15175"},{"taxonomy":"post_tag","embeddable":true,"href":"https:\/\/rt-europaallee.de\/wordpress\/wp-json\/wp\/v2\/tags?post=15175"}],"curies":[{"name":"wp","href":"https:\/\/api.w.org\/{rel}","templated":true}]}}