{"id":15181,"date":"2023-11-13T20:18:10","date_gmt":"2023-11-13T19:18:10","guid":{"rendered":"http:\/\/rt-europaallee.org\/wordpress\/?p=15181"},"modified":"2023-11-13T20:18:10","modified_gmt":"2023-11-13T19:18:10","slug":"hna-rundweg-erinnert-an-den-gewaltsamen-tod-von-alexander-selchow","status":"publish","type":"post","link":"https:\/\/rt-europaallee.de\/wordpress\/2023\/11\/hna-rundweg-erinnert-an-den-gewaltsamen-tod-von-alexander-selchow\/","title":{"rendered":"HNA: Rundweg erinnert an den gewaltsamen Tod von Alexander Selchow"},"content":{"rendered":"<p>(Quelle: <a href=\"https:\/\/www.hna.de\/lokales\/goettingen\/goettingen-ort28741\/erinnerungen-an-den-gewaltsamen-tod-von-alexander-selchow-92669029.html?fbclid=IwAR2YsecSgbqddcdi4ewp4XXTpnPy1ZsGlH6kZPDrd-b9P-SU4oXAAz9HdQ8\">https:\/\/www.hna.de\/lokales\/goettingen\/goettingen-ort28741\/erinnerungen-an-den-gewaltsamen-tod-von-alexander-selchow-92669029.html?fbclid=IwAR2YsecSgbqddcdi4ewp4XXTpnPy1ZsGlH6kZPDrd-b9P-SU4oXAAz9HdQ8<\/a>)<\/p>\n<blockquote>\n<h1 class=\"id-StoryElement-headline\">Erinnerungen an den gewaltsamen Tod von Alexander Selchow<\/h1>\n<p class=\"id-Story-timestamp id-Story-timestamp--default\"><span class=\"id-Story-timestamp-content\"><span class=\"id-Story-timestamp-content-prefix\">Stand: <\/span><time datetime=\"2023-11-12 09:08\">12.11.2023, 09:08 Uhr<\/time><\/span><\/p>\n<p class=\"id-Story-authors id-Story-authors--default\"><span class=\"id-Story-authors-by\">Von: <\/span><a class=\"id-Story-authors-link lp_west_author\" title=\"Zur Autorenseite von Bernd Schlegel\" href=\"https:\/\/www.hna.de\/autoren\/703\/\" data-id-ec=\"{&quot;shn&quot;:&quot;Story&quot;,&quot;sht&quot;:&quot;Container&quot;,&quot;p&quot;:{&quot;containerType&quot;:&quot;Author-Link&quot;,&quot;elementName&quot;:&quot;Bernd Schlegel&quot;,&quot;elementPosition&quot;:&quot;1&quot;}}\" data-id-em=\"1\">Bernd Schlegel<\/a><\/p>\n<p class=\"id-StoryElement-leadText\">Alexander Selchow starb durch Messerstiche von Skinheads gewaltsam in der Neujahrsnacht 1990\/91. An das Opfer wird erinnert.<\/p>\n<p class=\"id-StoryElement-paragraph\">Rosdorf \u2013 In der Rosdorfer Friedensstra\u00dfe (Landkreis <a class=\"id-import-Link\" href=\"https:\/\/www.hna.de\/lokales\/goettingen\/\" target=\"_blank\" rel=\"nofollow noopener\" data-id-ec=\"{&quot;shn&quot;: &quot;Story&quot;, &quot;sht&quot;: &quot;Container&quot;, &quot;p&quot;: {&quot;containerType&quot;: &quot;InlineLink&quot;, &quot;elementName&quot;: &quot;G\u00f6ttingen&quot;, &quot;elementVariant&quot;: &quot;standardLink&quot;}}\" data-id-em=\"1\">G\u00f6ttingen<\/a>) weist heute nicht viel auf die Neujahrsnacht 1990\/91 hin. Damals brachten zwei 17-J\u00e4hrige den 21-j\u00e4hrigen Alexander Selchow mit Messerstichen und Fu\u00dftritten um.<\/p>\n<h2>&#8230;<\/h2>\n<p>(Weiterlesen:\u00a0<a href=\"https:\/\/www.hna.de\/lokales\/goettingen\/goettingen-ort28741\/erinnerungen-an-den-gewaltsamen-tod-von-alexander-selchow-92669029.html?\">https:\/\/www.hna.de\/lokales\/goettingen\/goettingen-ort28741\/erinnerungen-an-den-gewaltsamen-tod-von-alexander-selchow-92669029.html?<\/a>)<\/p><\/blockquote>\n","protected":false},"excerpt":{"rendered":"<p>(Quelle: https:\/\/www.hna.de\/lokales\/goettingen\/goettingen-ort28741\/erinnerungen-an-den-gewaltsamen-tod-von-alexander-selchow-92669029.html?fbclid=IwAR2YsecSgbqddcdi4ewp4XXTpnPy1ZsGlH6kZPDrd-b9P-SU4oXAAz9HdQ8) Erinnerungen an den gewaltsamen Tod von Alexander Selchow Stand: 12.11.2023, 09:08 Uhr Von: Bernd Schlegel Alexander Selchow starb durch Messerstiche von Skinheads gewaltsam in der Neujahrsnacht 1990\/91. An das Opfer wird erinnert. Rosdorf \u2013 In der Rosdorfer Friedensstra\u00dfe (Landkreis G\u00f6ttingen) weist heute nicht viel auf die Neujahrsnacht 1990\/91 hin. Damals brachten zwei 17-J\u00e4hrige &#8230; <a title=\"HNA: Rundweg erinnert an den gewaltsamen Tod von Alexander Selchow\" class=\"read-more\" href=\"https:\/\/rt-europaallee.de\/wordpress\/2023\/11\/hna-rundweg-erinnert-an-den-gewaltsamen-tod-von-alexander-selchow\/\" aria-label=\"Mehr Informationen \u00fcber HNA: Rundweg erinnert an den gewaltsamen Tod von Alexander Selchow\">Weiterlesen<\/a><\/p>\n","protected":false},"author":3,"featured_media":0,"comment_status":"closed","ping_status":"open","sticky":false,"template":"","format":"standard","meta":{"footnotes":""},"categories":[1],"tags":[],"class_list":["post-15181","post","type-post","status-publish","format-standard","hentry","category-allgemein"],"_links":{"self":[{"href":"https:\/\/rt-europaallee.de\/wordpress\/wp-json\/wp\/v2\/posts\/15181","targetHints":{"allow":["GET"]}}],"collection":[{"href":"https:\/\/rt-europaallee.de\/wordpress\/wp-json\/wp\/v2\/posts"}],"about":[{"href":"https:\/\/rt-europaallee.de\/wordpress\/wp-json\/wp\/v2\/types\/post"}],"author":[{"embeddable":true,"href":"https:\/\/rt-europaallee.de\/wordpress\/wp-json\/wp\/v2\/users\/3"}],"replies":[{"embeddable":true,"href":"https:\/\/rt-europaallee.de\/wordpress\/wp-json\/wp\/v2\/comments?post=15181"}],"version-history":[{"count":1,"href":"https:\/\/rt-europaallee.de\/wordpress\/wp-json\/wp\/v2\/posts\/15181\/revisions"}],"predecessor-version":[{"id":15182,"href":"https:\/\/rt-europaallee.de\/wordpress\/wp-json\/wp\/v2\/posts\/15181\/revisions\/15182"}],"wp:attachment":[{"href":"https:\/\/rt-europaallee.de\/wordpress\/wp-json\/wp\/v2\/media?parent=15181"}],"wp:term":[{"taxonomy":"category","embeddable":true,"href":"https:\/\/rt-europaallee.de\/wordpress\/wp-json\/wp\/v2\/categories?post=15181"},{"taxonomy":"post_tag","embeddable":true,"href":"https:\/\/rt-europaallee.de\/wordpress\/wp-json\/wp\/v2\/tags?post=15181"}],"curies":[{"name":"wp","href":"https:\/\/api.w.org\/{rel}","templated":true}]}}