{"id":15183,"date":"2023-11-13T20:25:58","date_gmt":"2023-11-13T19:25:58","guid":{"rendered":"http:\/\/rt-europaallee.org\/wordpress\/?p=15183"},"modified":"2023-11-13T20:25:58","modified_gmt":"2023-11-13T19:25:58","slug":"museum-friedland-was-uns-verbindet-erzaehlcafe-und-workshops-im-museum","status":"publish","type":"post","link":"https:\/\/rt-europaallee.de\/wordpress\/2023\/11\/museum-friedland-was-uns-verbindet-erzaehlcafe-und-workshops-im-museum\/","title":{"rendered":"Museum Friedland: &#8222;Was uns verbindet\u201c (Erz\u00e4hlcaf\u00e9 und Workshops im Museum )"},"content":{"rendered":"<p>(Quelle: <a href=\"https:\/\/www.facebook.com\/MuseumFriedland\/posts\/pfbid02ut6GTdFzA5P9b9ApCb7BnmkH6QiZC3Vyxb5XTYdFS2ooKHLLWubt9MPgcjxq2mfEl\">https:\/\/www.facebook.com\/MuseumFriedland\/posts\/pfbid02ut6GTdFzA5P9b9ApCb7BnmkH6QiZC3Vyxb5XTYdFS2ooKHLLWubt9MPgcjxq2mfEl<\/a>)<\/p>\n<blockquote>\n<div class=\"x78zum5 xqtp20y x1emribx\">\n<h3 class=\"x1vqgdyp x1n2onr6 x100vrsf\"><a class=\"x1i10hfl xjbqb8w x6umtig x1b1mbwd xaqea5y xav7gou x9f619 x1ypdohk xt0psk2 xe8uvvx xdj266r x11i5rnm xat24cr x1mh8g0r xexx8yu x4uap5 x18d9i69 xkhd6sd x16tdsg8 x1hl2dhg xggy1nq x1a2a7pz xt0b8zv xzsf02u x1s688f\" style=\"font-family: Roboto, sans-serif; font-size: 30px;\" tabindex=\"0\" role=\"link\" href=\"https:\/\/www.facebook.com\/MuseumFriedland?__cft__[0]=AZWoSNbcu8tt1T5D6fleA908sP-ef-I3Oi0JDltuNJauKucdtvspUZZ-g06AHAu9Nspo6kmKYq2Ry0-5lrDaJyS8q-cqKHiboZdDjaKma5aUifHAqxbUQPy8XjVZ36aP7gtHNYMNFLyHsb2BQ_SQuGOS&amp;__tn__=-UC%2CP-R\"><strong>Museum Friedland<\/strong><\/a><\/h3>\n<\/div>\n<div class=\"x1iyjqo2\">\n<div class=\"x78zum5 xdt5ytf xz62fqu x16ldp7u\"><\/div>\n<\/div>\n<div class=\"x1iyjqo2\">\n<div class=\"x78zum5 xdt5ytf xz62fqu x16ldp7u\">\n<div class=\"xu06os2 x1ok221b\"><span style=\"color: inherit; font-size: 1.2em;\">&#8222;Was uns verbindet\u201c &#8211; unter diesem Motto bieten wir jeden Mittwoch von 13.30 bis 16 Uhr einen Workshop in den Bereichen Musik, Sprachen, Kunst, Erinnerung und Dialog an. Egal welchen Alters, welcher Herkunft oder Sprache, wir wollen miteinander ins Gespr\u00e4ch kommen, Gemeinsamkeiten entdecken und \u00fcber Themen sprechen, die uns alle bewegen. Wir laden alle Menschen aus Friedland, G\u00f6ttingen oder Umgebung herzlich ein, gemeinsam mit uns aktiv zu werden.<\/span><\/div>\n<\/div>\n<\/div>\n<div class=\"\" dir=\"auto\">\n<div id=\":R1al9aqqd9emhpapd5aqH2:\" class=\"x1iorvi4 x1pi30zi x1l90r2v x1swvt13\" data-ad-comet-preview=\"message\" data-ad-preview=\"message\">\n<div class=\"x78zum5 xdt5ytf xz62fqu x16ldp7u\">\n<div class=\"xu06os2 x1ok221b\">\n<div class=\"x11i5rnm xat24cr x1mh8g0r x1vvkbs xtlvy1s x126k92a\">\n<div dir=\"auto\">Bei Interesse oder Fragen zu einem der Termine schreibt uns einfach per DM.<\/div>\n<\/div>\n<div class=\"x11i5rnm xat24cr x1mh8g0r x1vvkbs xtlvy1s x126k92a\">\n<div dir=\"auto\">Unsere n\u00e4chsten Workshops:<\/div>\n<\/div>\n<div class=\"x11i5rnm xat24cr x1mh8g0r x1vvkbs xtlvy1s x126k92a\">\n<div dir=\"auto\">22.11. Erz\u00e4hlcaf\u00e9 im Museum: Aktuelle mediale Diskurse und unsere Antwort darauf.<\/div>\n<div dir=\"auto\">6.12. Kunst-Workshop mit Ravo Ossmann<\/div>\n<div dir=\"auto\">13.12. Musik-Workshop mit Kerst Sikkema<\/div>\n<div dir=\"auto\">20.12. Thema Ende und Neubeginn<\/div>\n<div dir=\"auto\"><\/div>\n<div dir=\"auto\"><img decoding=\"async\" class=\"x1bwycvy x193iq5w x4fas0m x19kjcj4\" src=\"https:\/\/scontent-ham3-1.xx.fbcdn.net\/v\/t39.30808-6\/401138912_812810440852519_6430470519751411416_n.jpg?_nc_cat=104&amp;ccb=1-7&amp;_nc_sid=5f2048&amp;_nc_eui2=AeEiacM-BegUzii4zxp6Pb7AMUraeTEuKwExStp5MS4rAXgXTBcUkQdiB53d9J1ELkzESTdsIXkDyttp9agEm1n6&amp;_nc_ohc=HwO-9381OgUAX9xL8cH&amp;_nc_ht=scontent-ham3-1.xx&amp;oh=00_AfDItZAUOlVWy0zTLjfMV0RWKihHRVom-AlB11sG-IE0rQ&amp;oe=65584CD7\" alt=\"Ist m\u00f6glicherweise ein Bild von 10 Personen, Personen, die lernen, Tisch und Schach\" data-visualcompletion=\"media-vc-image\" \/><\/div>\n<div dir=\"auto\">(<a href=\"https:\/\/www.facebook.com\/photo\/?fbid=812810447519185&amp;set=pcb.812811417519088\">https:\/\/www.facebook.com\/photo\/?fbid=812810447519185&amp;set=pcb.812811417519088<\/a>)<\/div>\n<div dir=\"auto\"><\/div>\n<div dir=\"auto\">Weitere Fotos siehe\u00a0<a href=\"https:\/\/www.facebook.com\/MuseumFriedland\/posts\/pfbid02ut6GTdFzA5P9b9ApCb7BnmkH6QiZC3Vyxb5XTYdFS2ooKHLLWubt9MPgcjxq2mfEl\">https:\/\/www.facebook.com\/MuseumFriedland\/posts\/pfbid02ut6GTdFzA5P9b9ApCb7BnmkH6QiZC3Vyxb5XTYdFS2ooKHLLWubt9MPgcjxq2mfEl<\/a><\/div>\n<\/div>\n<\/div>\n<\/div>\n<\/div>\n<\/div>\n<\/blockquote>\n","protected":false},"excerpt":{"rendered":"<p>(Quelle: https:\/\/www.facebook.com\/MuseumFriedland\/posts\/pfbid02ut6GTdFzA5P9b9ApCb7BnmkH6QiZC3Vyxb5XTYdFS2ooKHLLWubt9MPgcjxq2mfEl) Museum Friedland &#8222;Was uns verbindet\u201c &#8211; unter diesem Motto bieten wir jeden Mittwoch von 13.30 bis 16 Uhr einen Workshop in den Bereichen Musik, Sprachen, Kunst, Erinnerung und Dialog an. Egal welchen Alters, welcher Herkunft oder Sprache, wir wollen miteinander ins Gespr\u00e4ch kommen, Gemeinsamkeiten entdecken und \u00fcber Themen sprechen, die uns alle bewegen. &#8230; <a title=\"Museum Friedland: &#8222;Was uns verbindet\u201c (Erz\u00e4hlcaf\u00e9 und Workshops im Museum )\" class=\"read-more\" href=\"https:\/\/rt-europaallee.de\/wordpress\/2023\/11\/museum-friedland-was-uns-verbindet-erzaehlcafe-und-workshops-im-museum\/\" aria-label=\"Mehr Informationen \u00fcber Museum Friedland: &#8222;Was uns verbindet\u201c (Erz\u00e4hlcaf\u00e9 und Workshops im Museum )\">Weiterlesen<\/a><\/p>\n","protected":false},"author":3,"featured_media":0,"comment_status":"closed","ping_status":"open","sticky":false,"template":"","format":"standard","meta":{"footnotes":""},"categories":[1],"tags":[],"class_list":["post-15183","post","type-post","status-publish","format-standard","hentry","category-allgemein"],"_links":{"self":[{"href":"https:\/\/rt-europaallee.de\/wordpress\/wp-json\/wp\/v2\/posts\/15183","targetHints":{"allow":["GET"]}}],"collection":[{"href":"https:\/\/rt-europaallee.de\/wordpress\/wp-json\/wp\/v2\/posts"}],"about":[{"href":"https:\/\/rt-europaallee.de\/wordpress\/wp-json\/wp\/v2\/types\/post"}],"author":[{"embeddable":true,"href":"https:\/\/rt-europaallee.de\/wordpress\/wp-json\/wp\/v2\/users\/3"}],"replies":[{"embeddable":true,"href":"https:\/\/rt-europaallee.de\/wordpress\/wp-json\/wp\/v2\/comments?post=15183"}],"version-history":[{"count":1,"href":"https:\/\/rt-europaallee.de\/wordpress\/wp-json\/wp\/v2\/posts\/15183\/revisions"}],"predecessor-version":[{"id":15184,"href":"https:\/\/rt-europaallee.de\/wordpress\/wp-json\/wp\/v2\/posts\/15183\/revisions\/15184"}],"wp:attachment":[{"href":"https:\/\/rt-europaallee.de\/wordpress\/wp-json\/wp\/v2\/media?parent=15183"}],"wp:term":[{"taxonomy":"category","embeddable":true,"href":"https:\/\/rt-europaallee.de\/wordpress\/wp-json\/wp\/v2\/categories?post=15183"},{"taxonomy":"post_tag","embeddable":true,"href":"https:\/\/rt-europaallee.de\/wordpress\/wp-json\/wp\/v2\/tags?post=15183"}],"curies":[{"name":"wp","href":"https:\/\/api.w.org\/{rel}","templated":true}]}}