{"id":15185,"date":"2023-11-13T20:45:05","date_gmt":"2023-11-13T19:45:05","guid":{"rendered":"http:\/\/rt-europaallee.org\/wordpress\/?p=15185"},"modified":"2023-11-13T20:45:05","modified_gmt":"2023-11-13T19:45:05","slug":"modellprojekt-wege-ins-bleiberecht-stadt-goettingen-und-fluechtlingsrat-intensivieren-kooperation","status":"publish","type":"post","link":"https:\/\/rt-europaallee.de\/wordpress\/2023\/11\/modellprojekt-wege-ins-bleiberecht-stadt-goettingen-und-fluechtlingsrat-intensivieren-kooperation\/","title":{"rendered":"Modellprojekt \u201eWege ins Bleiberecht\u201c: Stadt G\u00f6ttingen und Fl\u00fcchtlingsrat intensivieren Kooperation"},"content":{"rendered":"<p>(Quelle: <a href=\"https:\/\/www.goettingen.de\/portal\/meldungen\/modellprojekt-wege-ins-bleiberecht-stadt-goettingen-und-fluechtlingsrat-intensivieren-kooperation-900002416-25480.html?rubrik=900000003\">https:\/\/www.goettingen.de\/portal\/meldungen\/modellprojekt-wege-ins-bleiberecht-stadt-goettingen-und-fluechtlingsrat-intensivieren-kooperation-900002416-25480.html?rubrik=900000003<\/a>)<\/p>\n<blockquote>\n<div class=\"fusstext fusstext_oben\"><span class=\"create\">13.11.2023<\/span><\/p>\n<div><\/div>\n<\/div>\n<h3 class=\"kontrast-bild\">Modellprojekt \u201eWege ins Bleiberecht\u201c: Stadt G\u00f6ttingen und Fl\u00fcchtlingsrat intensivieren Kooperation<\/h3>\n<div id=\"nolis_content_site\" class=\"nolis_content_site\">\n<p class=\"anreisser_detail\"><strong>Wie k\u00f6nnen m\u00f6glichst viele Menschen mit Duldung ein gesichertes Bleiberecht erhalten? Um systematisch weitere Antworten auf diese zentrale Frage zu finden, legen die Stadt G\u00f6ttingen und der Fl\u00fcchtlingsrat Niedersachsen ihre Kooperation im Rahmen des Projekts \u201eWege ins Bleiberecht\u201c neu auf.<\/strong><\/p>\n<div class=\"print_href print_abbr\">\n<div class=\"template1\">\n<div class=\"platz platz1\">\n<div class=\"rahmen\">\n<div class=\"innen\">\n<p><span class=\"param_35 param_right\"><img loading=\"lazy\" decoding=\"async\" title=\"Bleiberecht Christian-Schmetz-und-Muzaffer-\u00d6zt\u00fcrkyilmaz\" src=\"https:\/\/www.goettingen.de\/static\/images\/bilder\/bleiberecht_christian_schmetz_und_muzaffer_oeztuerkyilma_-900007503-25480-20.webp?20231113150854\" alt=\"Kooperation &quot;Wege ins Bleiberecht&quot;. Christian Schmetz, Erster Stadtrat der Stadt G\u00f6ttingen und Muzaffer \u00d6zt\u00fcrkyilmaz, Gesch\u00e4ftsf\u00fchrung des Fl\u00fcchtlingsrats Niedersachsen e.V. (v.l.)\" width=\"380\" height=\"380\" data-description=\"Kooperation &quot;Wege ins Bleiberecht&quot;. Christian Schmetz, Erster Stadtrat der Stadt G\u00f6ttingen und Muzaffer \u00d6zt\u00fcrkyilmaz, Gesch\u00e4ftsf\u00fchrung des Fl\u00fcchtlingsrats Niedersachsen e.V. (v.l.)\" data-copyright=\"\u00a9\u00a0Stadt G\u00f6ttingen\" data-size=\"265\" data-width=\"570\" data-height=\"570\" \/><span class=\"bu_container show_copyright show_copyright_by_bu\"><span class=\"bu_container_in\"><span class=\"bu\">Kooperation &#8222;Wege ins Bleiberecht&#8220;. Christian Schmetz, Erster Stadtrat der Stadt G\u00f6ttingen und Muzaffer \u00d6zt\u00fcrkyilmaz, Gesch\u00e4ftsf\u00fchrung des Fl\u00fcchtlingsrats Niedersachsen e.V. (v.l.)<\/span><span class=\"copyright\">\u00a9\u00a0Stadt G\u00f6ttingen<\/span><\/span><\/span><\/span>Die Stadt G\u00f6ttingen und der Fl\u00fcchtlingsrat wollen ihre Anstrengungen intensivieren, Gefl\u00fcchteten mit Langzeitduldungen zu einem Aufenthaltsrecht zu verhelfen. Mit dem Modellprojekt \u201eWege ins Bleiberecht\u201c setzen sich die Stadt G\u00f6ttingen, der Fl\u00fcchtlingsrat Niedersachsen und die lokalen Beratungsstellen zum Ziel, w\u00e4hrend der Projektlaufzeit mindestens 30 Prozent der langzeitgeduldeten Zielgruppenpersonen in der Stadt G\u00f6ttingen durch Beratung und Unterst\u00fctzung ein Bleiberecht zu verschaffen.<\/p>\n<p>Christian Schmetz, Erster Stadtrat, Stadt G\u00f6ttingen: \u201eInsbesondere zur Umsetzung der Bleiberechtsregelung ist eine vertrauensvolle Zusammenarbeit zwischen Ausl\u00e4nderbeh\u00f6rden und NGOs wichtig. Daher freuen wir uns auf die weitere Kooperation mit dem Fl\u00fcchtlingsrat und den lokalen Beratungsstellen. Zumal der von allen Beteiligten gemeinsam entwickelte Ansatz, integrationswillige Langzeitgeduldete auf ihrem Weg zu einem Bleiberecht systematisch zu beraten und zu begleiten, sich bereits bew\u00e4hrt hat und nun optimiert werden kann.\u201c<\/p>\n<p>Muzaffer \u00d6zt\u00fcrkyilmaz, Gesch\u00e4ftsf\u00fchrung, Fl\u00fcchtlingsrat Niedersachsen e.V.: \u201eObwohl Langzeitgeduldete l\u00e4ngst Teil der Gesellschaft sind, leben sie in permanenter Unsicherheit, da ihnen unentwegt Abschiebung droht \u2013 selbst wenn sie arbeiten und f\u00fcr sich selbst sorgen. Deshalb freut es uns besonders, dass die Stadt den Projekteilnehmer*innen zusichert, niemanden von ihnen abzuschieben. Dies schafft Vertrauen und gibt Betroffenen die notwendige Zeit, um die Voraussetzungen f\u00fcr eine der Bleiberechtsregelungen zu erf\u00fcllen.\u201c<\/p>\n<p>W\u00e4hrend die Projektpartner*innen ihren Schwerpunkt im ersten Projektjahr auf alle geduldeten Personen legen, die seit f\u00fcnf Jahren ununterbrochen im Besitz einer Duldung sind, werden sie sich im zweiten Projektjahr zus\u00e4tzlich denjenigen Geduldeten zuwenden, die sich am 01. November 2024 seit mindestens f\u00fcnf Jahren im Bundesgebiet aufhalten und im Besitz einer Duldung sind.<\/p>\n<p>Die Projektpartner*innen wollen durch eine niedrigschwellige Ansprache der Langzeitgeduldeten, der Kooperation mit zivilgesellschaftlichen Tr\u00e4gern und durch regelm\u00e4\u00dfige Austauschrunden die Nutzung des gegebenen Rechtsrahmens aussch\u00f6pfen.<\/p>\n<p>Nach einer Erstpr\u00fcfung durch die Ausl\u00e4nderbeh\u00f6rde wird allen Personen, die unter die jeweilige Projektzielgruppe fallen, ein Beratungsangebot durch nichtstaatliche Beratungstr\u00e4ger unterbreitet. In diesem Rahmen werden die geduldeten Personen mit Rat und Tat dabei unterst\u00fctzt, die Voraussetzungen zur Erlangung eines Aufenthaltstitels zu erf\u00fcllen. Hierzu geh\u00f6ren unter anderem der Erwerb vom Sprachkenntnissen auf fortgeschrittenem Niveau, die Sicherung des Lebensunterhalts, die Identit\u00e4tskl\u00e4rung und der Nachweis von Grundkenntnissen \u00fcber die Rechts- und Gesellschaftsordnung der Bundesrepublik Deutschland.<\/p>\n<\/div>\n<\/div>\n<\/div>\n<\/div>\n<\/div>\n<\/div>\n<\/blockquote>\n","protected":false},"excerpt":{"rendered":"<p>(Quelle: https:\/\/www.goettingen.de\/portal\/meldungen\/modellprojekt-wege-ins-bleiberecht-stadt-goettingen-und-fluechtlingsrat-intensivieren-kooperation-900002416-25480.html?rubrik=900000003) 13.11.2023 Modellprojekt \u201eWege ins Bleiberecht\u201c: Stadt G\u00f6ttingen und Fl\u00fcchtlingsrat intensivieren Kooperation Wie k\u00f6nnen m\u00f6glichst viele Menschen mit Duldung ein gesichertes Bleiberecht erhalten? Um systematisch weitere Antworten auf diese zentrale Frage zu finden, legen die Stadt G\u00f6ttingen und der Fl\u00fcchtlingsrat Niedersachsen ihre Kooperation im Rahmen des Projekts \u201eWege ins Bleiberecht\u201c neu auf. Kooperation &#8222;Wege &#8230; <a title=\"Modellprojekt \u201eWege ins Bleiberecht\u201c: Stadt G\u00f6ttingen und Fl\u00fcchtlingsrat intensivieren Kooperation\" class=\"read-more\" href=\"https:\/\/rt-europaallee.de\/wordpress\/2023\/11\/modellprojekt-wege-ins-bleiberecht-stadt-goettingen-und-fluechtlingsrat-intensivieren-kooperation\/\" aria-label=\"Mehr Informationen \u00fcber Modellprojekt \u201eWege ins Bleiberecht\u201c: Stadt G\u00f6ttingen und Fl\u00fcchtlingsrat intensivieren Kooperation\">Weiterlesen<\/a><\/p>\n","protected":false},"author":3,"featured_media":0,"comment_status":"closed","ping_status":"open","sticky":false,"template":"","format":"standard","meta":{"footnotes":""},"categories":[1],"tags":[],"class_list":["post-15185","post","type-post","status-publish","format-standard","hentry","category-allgemein"],"_links":{"self":[{"href":"https:\/\/rt-europaallee.de\/wordpress\/wp-json\/wp\/v2\/posts\/15185","targetHints":{"allow":["GET"]}}],"collection":[{"href":"https:\/\/rt-europaallee.de\/wordpress\/wp-json\/wp\/v2\/posts"}],"about":[{"href":"https:\/\/rt-europaallee.de\/wordpress\/wp-json\/wp\/v2\/types\/post"}],"author":[{"embeddable":true,"href":"https:\/\/rt-europaallee.de\/wordpress\/wp-json\/wp\/v2\/users\/3"}],"replies":[{"embeddable":true,"href":"https:\/\/rt-europaallee.de\/wordpress\/wp-json\/wp\/v2\/comments?post=15185"}],"version-history":[{"count":1,"href":"https:\/\/rt-europaallee.de\/wordpress\/wp-json\/wp\/v2\/posts\/15185\/revisions"}],"predecessor-version":[{"id":15186,"href":"https:\/\/rt-europaallee.de\/wordpress\/wp-json\/wp\/v2\/posts\/15185\/revisions\/15186"}],"wp:attachment":[{"href":"https:\/\/rt-europaallee.de\/wordpress\/wp-json\/wp\/v2\/media?parent=15185"}],"wp:term":[{"taxonomy":"category","embeddable":true,"href":"https:\/\/rt-europaallee.de\/wordpress\/wp-json\/wp\/v2\/categories?post=15185"},{"taxonomy":"post_tag","embeddable":true,"href":"https:\/\/rt-europaallee.de\/wordpress\/wp-json\/wp\/v2\/tags?post=15185"}],"curies":[{"name":"wp","href":"https:\/\/api.w.org\/{rel}","templated":true}]}}