{"id":15197,"date":"2023-11-16T02:43:43","date_gmt":"2023-11-16T01:43:43","guid":{"rendered":"http:\/\/rt-europaallee.org\/wordpress\/?p=15197"},"modified":"2023-11-16T02:43:43","modified_gmt":"2023-11-16T01:43:43","slug":"internationaler-tag-nein-zu-gewalt-an-frauen-aktionen-und-veranstaltungen","status":"publish","type":"post","link":"https:\/\/rt-europaallee.de\/wordpress\/2023\/11\/internationaler-tag-nein-zu-gewalt-an-frauen-aktionen-und-veranstaltungen\/","title":{"rendered":"Internationaler Tag \u201eNein zu Gewalt an Frauen\u201c Aktionen und Veranstaltungen)"},"content":{"rendered":"<p>(Quelle: <a href=\"https:\/\/www.goettingen.de\/portal\/meldungen\/internationaler-tag-nein-zu-gewalt-an-frauen--900002423-25480.html?rubrik=900000003\">https:\/\/www.goettingen.de\/portal\/meldungen\/internationaler-tag-nein-zu-gewalt-an-frauen&#8211;900002423-25480.html?rubrik=900000003<\/a>)<\/p>\n<blockquote>\n<div class=\"fusstext fusstext_oben\"><span class=\"create\">14.11.2023<\/span><span class=\"modified\"> | ge\u00e4ndert am 15.11.2023<\/span><\/p>\n<div><\/div>\n<\/div>\n<h3 class=\"kontrast-bild\">Internationaler Tag \u201eNein zu Gewalt an Frauen\u201c<\/h3>\n<div id=\"nolis_content_site\" class=\"nolis_content_site\">\n<p class=\"anreisser_detail\"><strong>Anl\u00e4sslich des Internationalen Tages \u201eNein zu Gewalt an Frauen\u201c zeigen Stadt und Landkreis G\u00f6ttingen traditionell Flagge. Am Freitag, 24. November 2023, 13.00 Uhr hissen Oberb\u00fcrgermeisterin Petra Broistedt und Landrat Marcel Riethig vor dem Kreishaus G\u00f6ttingen die Fahnen als Zeichen der Mahnung und der Solidarit\u00e4t.<\/strong><\/p>\n<div class=\"print_href print_abbr\">\n<div class=\"template1\">\n<div class=\"platz platz1\">\n<div class=\"rahmen\">\n<div class=\"innen\">\n<p>F\u00fcr das veranstaltende Frauen*Forum G\u00f6ttingen spricht vor dem Kreishaus Mirja Ramola, Koordinatorin zur Umsetzung der Istanbul-Konvention. Seit 1987 wird weltweit zu diesem Internationalen Tag \u2013 er ist am 25. November &#8211; auf Gewalt an Frauen und M\u00e4dchen aufmerksam gemacht. Zentrale Aktion ist jedes Jahr das Flagge-Hissen vor \u00f6ffentlichen Geb\u00e4uden. Das Frauen*Forum G\u00f6ttingen ist ein Zusammenschluss von \u00fcber 25 Einrichtungen und einzelnen Frauen*, die sich seit 1994 f\u00fcr frauen*politische Themen und Gleichberechtigung einsetzen. Seit 2001 organisiert es ein vielf\u00e4ltiges Programm zu diesem Aktionstag.<\/p>\n<h4>Vielf\u00e4ltiges Programm<\/h4>\n<p>Das <a class=\"link_katalog nolis-link-extern\" title=\"Programm 2023 \u201eNein zu Gewalt an Frauen\u201c (https:\/\/frauenforum-goettingen.de\/aktionstage\/tag-gegen-gewalt-an-frauen\/)\" href=\"https:\/\/frauenforum-goettingen.de\/aktionstage\/tag-gegen-gewalt-an-frauen\/\" target=\"_blank\" rel=\"noopener\">Programm 2023 \u201eNein zu Gewalt an Frauen\u201c<\/a> bietet Veranstaltungen in G\u00f6ttingen, Hann. M\u00fcnden und Osterode. Das Angebot reicht von Ausstellungen, Workshops und Vortr\u00e4gen bis zur Filmvorf\u00fchrung und Aktionen in der G\u00f6ttinger Innenstadt. Die Veranstaltungen finden ma\u00dfgeblich in der Zeit vom 18. bis 30. November statt, bei den Ausstellungen gibt es abweichende Termine von ab sofort bis zum 8. Dezember. Teilweise ist eine Anmeldung erforderlich, Informationen dazu sind im Programm direkt bei den einzelnen Veranstaltungen zu finden.<\/p>\n<p>Zu den Veranstaltungen geh\u00f6ren ein Workshop zur Selbstverteidigung am Samstag, 18. November, ab 10.00 Uhr ebenso wie am darauffolgenden Samstag, 25. November, eine Mahnwache gegen Gewalt an Frauen und M\u00e4dchen ab 11.00 Uhr am Kornmarkt. Direkt im Anschluss informiert am selben Tag und Ort ein Team des Frauen*Forums \u00fcber seine Arbeit und steht f\u00fcr Fragen bereit. Am Donnerstag, 30. November, beginnt um 20.00 Uhr im Kino Lumi\u00e8re der Film \u201eHi, Ai \u2013 Liebesgeschichten aus der Zukunft\u201c zur Frage des Zusammenlebens mit k\u00fcnstlicher Intelligenz.<\/p>\n<h4>Hintergrund<\/h4>\n<p>Der 25. November ist ein Gedenk- und Aktionstag anl\u00e4sslich der Verschleppung, Vergewaltigung und Ermordung der drei aktivistischen Schwestern Mirabal durch das diktatorische Milit\u00e4r in der Dominikanischen Republik im Jahr 1960. Der Tod der drei Widerstandsk\u00e4mpferinnen ist beispielhaft f\u00fcr sexuelle, kulturelle und politische Gewalt gegen Frauen. 1981 wurde der Tag durch lateinamerikanische Frauen zum Gedenktag f\u00fcr die Opfer von Gewalt an Frauen ausgesprochen. Seit 1999 wurde er durch die Vereinten Nationen zum Internationalen Tag zur Beseitigung von Gewalt gegen Frauen erkl\u00e4rt. Schon seit 1991 begehen Aktionsgruppen weltweit eine 16-t\u00e4gige Kampagne gegen geschlechtsspezifische Gewalt, traditionell vom 25. November bis zum 10. Dezember, dem Internationalen Tag der Menschenrechte.<\/p>\n<h4>Weitere Informationen<\/h4>\n<p>Der Programm-Flyer 2023 steht <a class=\"link_katalog nolis-link-extern\" title=\"Programm-Flyer 2023 Nein zu Gewalt an Frauen (https:\/\/frauenforum-goettingen.de\/wp-content\/uploads\/Faltblatt-25-11-2023.pdf)\" href=\"https:\/\/frauenforum-goettingen.de\/wp-content\/uploads\/Faltblatt-25-11-2023.pdf\" target=\"_blank\" rel=\"noopener\">hier<\/a> zum Herunterladen bereit. Inklusive Erg\u00e4nzungen und Aktualisierungen ist das <a class=\"link_katalog nolis-link-extern\" title=\"Programm direkt auf der Webseite des Frauenforums (https:\/\/frauenforum-goettingen.de\/aktionstage\/tag-gegen-gewalt-an-frauen\/)\" href=\"https:\/\/frauenforum-goettingen.de\/aktionstage\/tag-gegen-gewalt-an-frauen\/\" target=\"_blank\" rel=\"noopener\">Programm direkt auf der Webseite des Frauenforums<\/a> unter <a class=\"link_katalog nolis-link-extern\" title=\"Frauenforum (https:\/\/frauenforum-goettingen.de\/)\" href=\"https:\/\/frauenforum-goettingen.de\/\" target=\"_blank\" rel=\"noopener\">www.frauenforum-goettingen.de<\/a> zu finden.<\/p>\n<\/div>\n<\/div>\n<\/div>\n<\/div>\n<\/div>\n<\/div>\n<\/blockquote>\n","protected":false},"excerpt":{"rendered":"<p>(Quelle: https:\/\/www.goettingen.de\/portal\/meldungen\/internationaler-tag-nein-zu-gewalt-an-frauen&#8211;900002423-25480.html?rubrik=900000003) 14.11.2023 | ge\u00e4ndert am 15.11.2023 Internationaler Tag \u201eNein zu Gewalt an Frauen\u201c Anl\u00e4sslich des Internationalen Tages \u201eNein zu Gewalt an Frauen\u201c zeigen Stadt und Landkreis G\u00f6ttingen traditionell Flagge. Am Freitag, 24. November 2023, 13.00 Uhr hissen Oberb\u00fcrgermeisterin Petra Broistedt und Landrat Marcel Riethig vor dem Kreishaus G\u00f6ttingen die Fahnen als Zeichen der Mahnung &#8230; <a title=\"Internationaler Tag \u201eNein zu Gewalt an Frauen\u201c Aktionen und Veranstaltungen)\" class=\"read-more\" href=\"https:\/\/rt-europaallee.de\/wordpress\/2023\/11\/internationaler-tag-nein-zu-gewalt-an-frauen-aktionen-und-veranstaltungen\/\" aria-label=\"Mehr Informationen \u00fcber Internationaler Tag \u201eNein zu Gewalt an Frauen\u201c Aktionen und Veranstaltungen)\">Weiterlesen<\/a><\/p>\n","protected":false},"author":3,"featured_media":0,"comment_status":"closed","ping_status":"open","sticky":false,"template":"","format":"standard","meta":{"footnotes":""},"categories":[1],"tags":[],"class_list":["post-15197","post","type-post","status-publish","format-standard","hentry","category-allgemein"],"_links":{"self":[{"href":"https:\/\/rt-europaallee.de\/wordpress\/wp-json\/wp\/v2\/posts\/15197","targetHints":{"allow":["GET"]}}],"collection":[{"href":"https:\/\/rt-europaallee.de\/wordpress\/wp-json\/wp\/v2\/posts"}],"about":[{"href":"https:\/\/rt-europaallee.de\/wordpress\/wp-json\/wp\/v2\/types\/post"}],"author":[{"embeddable":true,"href":"https:\/\/rt-europaallee.de\/wordpress\/wp-json\/wp\/v2\/users\/3"}],"replies":[{"embeddable":true,"href":"https:\/\/rt-europaallee.de\/wordpress\/wp-json\/wp\/v2\/comments?post=15197"}],"version-history":[{"count":1,"href":"https:\/\/rt-europaallee.de\/wordpress\/wp-json\/wp\/v2\/posts\/15197\/revisions"}],"predecessor-version":[{"id":15198,"href":"https:\/\/rt-europaallee.de\/wordpress\/wp-json\/wp\/v2\/posts\/15197\/revisions\/15198"}],"wp:attachment":[{"href":"https:\/\/rt-europaallee.de\/wordpress\/wp-json\/wp\/v2\/media?parent=15197"}],"wp:term":[{"taxonomy":"category","embeddable":true,"href":"https:\/\/rt-europaallee.de\/wordpress\/wp-json\/wp\/v2\/categories?post=15197"},{"taxonomy":"post_tag","embeddable":true,"href":"https:\/\/rt-europaallee.de\/wordpress\/wp-json\/wp\/v2\/tags?post=15197"}],"curies":[{"name":"wp","href":"https:\/\/api.w.org\/{rel}","templated":true}]}}