{"id":15201,"date":"2023-11-16T13:58:44","date_gmt":"2023-11-16T12:58:44","guid":{"rendered":"http:\/\/rt-europaallee.org\/wordpress\/?p=15201"},"modified":"2023-11-16T14:06:21","modified_gmt":"2023-11-16T13:06:21","slug":"pro-asyl-news-letter-11-23-online-version-gemeinsam-die-menschenrechte-hochhalten-argumentationshilfen","status":"publish","type":"post","link":"https:\/\/rt-europaallee.de\/wordpress\/2023\/11\/pro-asyl-news-letter-11-23-online-version-gemeinsam-die-menschenrechte-hochhalten-argumentationshilfen\/","title":{"rendered":"Gemeinsam die Menschenrechte hochhalten! (PRO ASYL Info 11\/23 mit Argumentationshilfen)"},"content":{"rendered":"<p>(Quelle: <a href=\"https:\/\/proasyl.gu-marketingsuite.com\/index.php?action=social&amp;chash=26408ffa703a72e8ac0117e74ad46f33.923&amp;s=d01ad8d9d27286f9c712a3afb7592d64\">https:\/\/proasyl.gu-marketingsuite.com\/index.php?action=social&amp;chash=26408ffa703a72e8ac0117e74ad46f33.923&amp;s=d01ad8d9d27286f9c712a3afb7592d64<\/a>)<\/p>\n<blockquote><p>Liebe Freundinnen und Freunde,<\/p>\n<p>wir alle erleben gegenw\u00e4rtig die Folgen der krisenhaften Entwicklungen weltweit. Sie sorgen auch in Deutschland f\u00fcr eine immer unsachlicher gef\u00fchrte Debatte, in der kaum ein Tag vergeht, an dem nicht Stimmung gegen Gefl\u00fcchtete gemacht oder Hand an die Menschenrechte gelegt wird.<\/p>\n<p>Unsere Position in dieser Krise ist und bleibt klar: Menschenrechte und Menschenwu\u0308rde sind Kernbestandteile unseres Zusammenlebens, die wir niemals aufgeben d\u00fcrfen, die wir nicht relativieren d\u00fcrfen, die wir gefl\u00fcchteten Menschen nicht absprechen d\u00fcrfen.<\/p>\n<p><a href=\"https:\/\/www.proasyl.de\/spenden\/?utm_source=ActiveCampaign&amp;utm_medium=email&amp;utm_content=Gemeinsam+die+Menschenrechte+hochhalten%21+%28PRO+ASYL+Info+11%2F23%29&amp;utm_campaign=Newsletter+November&amp;vgo_ee=WGKlxBqKvwm671ykTnr%2FoUr94dRaonMEXYKQDHapatE%3D%3A%2BV8%2BQs9eMZX3xa7TJe6xaXzInAZeqaDn\">MENSCHENRECHTE SCH\u00dcTZEN: JETZT SPENDEN!<\/a><\/p>\n<p>Da wir im \u00f6ffentlichen Diskurs konstruktive und menschenrechtsgeleitete Vorschl\u00e4ge immer mehr vermissen, haben wir einige Leitplanken und Argumentationen formuliert. In diesem Newsletter findet ihr verschiedene Beitr\u00e4ge zu den unterschiedlichen aktuellen Diskussionen.<\/p>\n<p>Viele Gr\u00fc\u00dfe und vielen Dank an alle, die mit uns gemeinsam die Menschenrechte auch in diesen Zeiten hochhalten!<\/p>\n<p>Euer Team von PRO ASYL<\/p>\n<h2>&#8230;<\/h2>\n<\/blockquote>\n<h3>Der vollst\u00e4ndige Beitrag und die Argumentationshilfen:<\/h3>\n<p><a href=\"https:\/\/proasyl.gu-marketingsuite.com\/index.php?action=social&amp;chash=26408ffa703a72e8ac0117e74ad46f33.923&amp;s=d01ad8d9d27286f9c712a3afb7592d64\">https:\/\/proasyl.gu-marketingsuite.com\/index.php?action=social&amp;chash=26408ffa703a72e8ac0117e74ad46f33.923&amp;s=d01ad8d9d27286f9c712a3afb7592d64<\/a><\/p>\n","protected":false},"excerpt":{"rendered":"<p>(Quelle: https:\/\/proasyl.gu-marketingsuite.com\/index.php?action=social&amp;chash=26408ffa703a72e8ac0117e74ad46f33.923&amp;s=d01ad8d9d27286f9c712a3afb7592d64) Liebe Freundinnen und Freunde, wir alle erleben gegenw\u00e4rtig die Folgen der krisenhaften Entwicklungen weltweit. Sie sorgen auch in Deutschland f\u00fcr eine immer unsachlicher gef\u00fchrte Debatte, in der kaum ein Tag vergeht, an dem nicht Stimmung gegen Gefl\u00fcchtete gemacht oder Hand an die Menschenrechte gelegt wird. Unsere Position in dieser Krise ist und bleibt &#8230; <a title=\"Gemeinsam die Menschenrechte hochhalten! (PRO ASYL Info 11\/23 mit Argumentationshilfen)\" class=\"read-more\" href=\"https:\/\/rt-europaallee.de\/wordpress\/2023\/11\/pro-asyl-news-letter-11-23-online-version-gemeinsam-die-menschenrechte-hochhalten-argumentationshilfen\/\" aria-label=\"Mehr Informationen \u00fcber Gemeinsam die Menschenrechte hochhalten! (PRO ASYL Info 11\/23 mit Argumentationshilfen)\">Weiterlesen<\/a><\/p>\n","protected":false},"author":3,"featured_media":0,"comment_status":"closed","ping_status":"open","sticky":false,"template":"","format":"standard","meta":{"footnotes":""},"categories":[1],"tags":[],"class_list":["post-15201","post","type-post","status-publish","format-standard","hentry","category-allgemein"],"_links":{"self":[{"href":"https:\/\/rt-europaallee.de\/wordpress\/wp-json\/wp\/v2\/posts\/15201","targetHints":{"allow":["GET"]}}],"collection":[{"href":"https:\/\/rt-europaallee.de\/wordpress\/wp-json\/wp\/v2\/posts"}],"about":[{"href":"https:\/\/rt-europaallee.de\/wordpress\/wp-json\/wp\/v2\/types\/post"}],"author":[{"embeddable":true,"href":"https:\/\/rt-europaallee.de\/wordpress\/wp-json\/wp\/v2\/users\/3"}],"replies":[{"embeddable":true,"href":"https:\/\/rt-europaallee.de\/wordpress\/wp-json\/wp\/v2\/comments?post=15201"}],"version-history":[{"count":3,"href":"https:\/\/rt-europaallee.de\/wordpress\/wp-json\/wp\/v2\/posts\/15201\/revisions"}],"predecessor-version":[{"id":15204,"href":"https:\/\/rt-europaallee.de\/wordpress\/wp-json\/wp\/v2\/posts\/15201\/revisions\/15204"}],"wp:attachment":[{"href":"https:\/\/rt-europaallee.de\/wordpress\/wp-json\/wp\/v2\/media?parent=15201"}],"wp:term":[{"taxonomy":"category","embeddable":true,"href":"https:\/\/rt-europaallee.de\/wordpress\/wp-json\/wp\/v2\/categories?post=15201"},{"taxonomy":"post_tag","embeddable":true,"href":"https:\/\/rt-europaallee.de\/wordpress\/wp-json\/wp\/v2\/tags?post=15201"}],"curies":[{"name":"wp","href":"https:\/\/api.w.org\/{rel}","templated":true}]}}