{"id":15264,"date":"2023-11-17T18:33:55","date_gmt":"2023-11-17T17:33:55","guid":{"rendered":"http:\/\/rt-europaallee.org\/wordpress\/?p=15264"},"modified":"2023-11-17T18:33:55","modified_gmt":"2023-11-17T17:33:55","slug":"allgemeiner-rettungsverband-niedersachsen-sued-ev-kartonaktion-weihnachtspaeckchen-fuer-kinder-in-osteuropa","status":"publish","type":"post","link":"https:\/\/rt-europaallee.de\/wordpress\/2023\/11\/allgemeiner-rettungsverband-niedersachsen-sued-ev-kartonaktion-weihnachtspaeckchen-fuer-kinder-in-osteuropa\/","title":{"rendered":"Allgemeiner Rettungsverband Niedersachsen-S\u00fcd EV: Kartonaktion Weihnachtsp\u00e4ckchen f\u00fcr Kinder in Osteuropa"},"content":{"rendered":"<p>(Quelle: <a href=\"https:\/\/www.facebook.com\/allgemeinerrettungsverband.niedersachsensudev\/posts\/pfbid02vMiwV5QUEU2r6vfywWBxAuA9vJLW6Cs7hKs2GtGNGgoWfMS7Mv8kExkuKXQ7tPpRl\">https:\/\/www.facebook.com\/allgemeinerrettungsverband.niedersachsensudev\/posts\/pfbid02vMiwV5QUEU2r6vfywWBxAuA9vJLW6Cs7hKs2GtGNGgoWfMS7Mv8kExkuKXQ7tPpRl<\/a>)<\/p>\n<blockquote>\n<div class=\"x1iyjqo2\">\n<div class=\"x78zum5 xdt5ytf xz62fqu x16ldp7u\">\n<div class=\"xu06os2 x1ok221b\">\n<div class=\"x6prxxf xk50ysn xvq8zen\">\n<h3 dir=\"ltr\"><span dir=\"ltr\"><span class=\"\"><span class=\"xt0psk2\"><a class=\"x1i10hfl xjbqb8w x6umtig x1b1mbwd xaqea5y xav7gou x9f619 x1ypdohk xt0psk2 xe8uvvx xdj266r x11i5rnm xat24cr x1mh8g0r xexx8yu x4uap5 x18d9i69 xkhd6sd x16tdsg8 x1hl2dhg xggy1nq x1a2a7pz xt0b8zv xzsf02u x1s688f\" tabindex=\"0\" role=\"link\" href=\"https:\/\/www.facebook.com\/allgemeinerrettungsverband.niedersachsensudev?__cft__[0]=AZVoDuiV6Au5OBhFGXskra3WfvgdrhlTWb0xf0K6RTKyZZKDl13CSybYJS8cNjKzCL7JMBtzsIZSJeiY4ZCgP5sR62OFE-ILJJ-aZjs2J8EAxuB0gqyg1lK4UlPI7lz0LP91TwdmoARZY1xQE4GK6yvwa3r67ey488Ir0bTjZmuMOg&amp;__tn__=-UC%2CP-R\">Allgemeiner Rettungsverband Niedersachsen-S\u00fcd\u00a0<\/a><\/span><\/span><\/span><\/h3>\n<\/div>\n<\/div>\n<\/div>\n<p><img decoding=\"async\" class=\"x1bwycvy x193iq5w x4fas0m x19kjcj4\" src=\"https:\/\/scontent-ham3-1.xx.fbcdn.net\/v\/t39.30808-6\/401856739_2307772632757500_1249479745037694899_n.jpg?_nc_cat=106&amp;ccb=1-7&amp;_nc_sid=5f2048&amp;_nc_ohc=c2XO0z4Nf0QAX9AGDkH&amp;_nc_ht=scontent-ham3-1.xx&amp;oh=00_AfDSGq02EyVUiFcBeWG3uwHGvRICQAkX-Laj5RoXbcDRRg&amp;oe=655D1389\" alt=\"Ist m\u00f6glicherweise ein Bild von 9 Personen, Kind, Spielzeug und Text \u201ePORESETITE Tausende leuchtende Kinderaugen CORENIN nur durch Eure Hilfe! EDIENSTE UND OTA \u0b9a6 DIENSTE UND NOT Abgabestelle und Abgabetermin: ARV-Fahrdienst Robert-Bosch-Breite8a G\u00f6ttingen bitte bis sp\u00e4testens Mitte Dezember 2023 Zaubert mit uns lachende Kinderaugen! bringt eure Geschenke bed\u00fcrftigen Kindern entlegene \u00e4ndliche Regionen Osteuropa. Kinder helfen Kindern. Dieser Grundgedanke werden Kindern Deutschland gepackt, die eigenes gut erhaltenes Spielzeug ausw\u00e4hlen, verschenken. Hilfe, die ankommt! Wir freuen darauf, Jahr Geschenkvon liebevoll gepackte Waisen- Krankenh\u00e4user, Behinderteneinrichtungen, Kinderg\u00e4rten und Schulen bringen. und viele weitere Allgemeiner Rettungsverband Niedersachsen-S\u00fcd e.V. lheringstra\u00dfe 37081 G\u00f6ttingen 0551\/7700 525 info@arv-nds.de www:\/\/arv-nds.de\u201c\" data-visualcompletion=\"media-vc-image\" \/><\/p>\n<p>(<a href=\"https:\/\/www.facebook.com\/photo\/?fbid=2307772642757499&amp;set=a.149147835286668\">https:\/\/www.facebook.com\/photo\/?fbid=2307772642757499&amp;set=a.149147835286668<\/a>)<\/p>\n<\/div>\n<div class=\"xqcrz7y x78zum5 x1qx5ct2 x1y1aw1k x1sxyh0 xwib8y2 xurb0ha xw4jnvo\">\n<div><\/div>\n<\/div>\n<div class=\"xu06os2 x1ok221b\">\n<h3 class=\"x1heor9g x1qlqyl8 x1pd3egz x1a2a7pz x1gslohp x1yc453h\"><span class=\"xt0psk2\"><a class=\"x1i10hfl xjbqb8w x6umtig x1b1mbwd xaqea5y xav7gou x9f619 x1ypdohk xt0psk2 xe8uvvx xdj266r x11i5rnm xat24cr x1mh8g0r xexx8yu x4uap5 x18d9i69 xkhd6sd x16tdsg8 x1hl2dhg xggy1nq x1a2a7pz xt0b8zv xzsf02u x1s688f\" tabindex=\"0\" role=\"link\" href=\"https:\/\/www.facebook.com\/torsten.broscheit?__cft__[0]=AZVoDuiV6Au5OBhFGXskra3WfvgdrhlTWb0xf0K6RTKyZZKDl13CSybYJS8cNjKzCL7JMBtzsIZSJeiY4ZCgP5sR62OFE-ILJJ-aZjs2J8EAxuB0gqyg1lK4UlPI7lz0LP91TwdmoARZY1xQE4GK6yvwa3r67ey488Ir0bTjZmuMOg&amp;__tn__=-UC%2CP-y-R\"><strong>Torsten Broscheit<\/strong><\/a><\/span><\/h3>\n<p>(<a href=\"https:\/\/www.facebook.com\/torsten.broscheit\/posts\/pfbid06EeBBUuPUvCDfeJMgHYyM69zW3aq3rffYqpkXYUUNz2CBdkGt8AUss5EUqDwthNvl\">https:\/\/www.facebook.com\/torsten.broscheit\/posts\/pfbid06EeBBUuPUvCDfeJMgHYyM69zW3aq3rffYqpkXYUUNz2CBdkGt8AUss5EUqDwthNvl<\/a>)<\/p>\n<\/div>\n<div class=\"xu06os2 x1ok221b\"><span style=\"color: inherit; font-size: 1.2em;\">Hallo zusammen, wir der <\/span><a class=\"x1i10hfl xjbqb8w x6umtig x1b1mbwd xaqea5y xav7gou x9f619 x1ypdohk xt0psk2 xe8uvvx xdj266r x11i5rnm xat24cr x1mh8g0r xexx8yu x4uap5 x18d9i69 xkhd6sd x16tdsg8 x1hl2dhg xggy1nq x1a2a7pz xt0b8zv x1qq9wsj xo1l8bm\" style=\"font-size: 1.2em;\" tabindex=\"0\" role=\"link\" href=\"https:\/\/www.facebook.com\/groups\/409814729056939\/user\/100052655882266\/?__cft__[0]=AZVoDuiV6Au5OBhFGXskra3WfvgdrhlTWb0xf0K6RTKyZZKDl13CSybYJS8cNjKzCL7JMBtzsIZSJeiY4ZCgP5sR62OFE-ILJJ-aZjs2J8EAxuB0gqyg1lK4UlPI7lz0LP91TwdmoARZY1xQE4GK6yvwa3r67ey488Ir0bTjZmuMOg&amp;__tn__=-]K-y-R\"><span class=\"xt0psk2\">Allgemeiner Rettungsverband Niedersachsen-S\u00fcd EV<\/span><\/a><span style=\"color: inherit; font-size: 1.2em;\">, haben eine Kartonaktion ins Leben gerufen. Wir wollen Kindern in Schulen, Kinderg\u00e4rten etc. Geschenke zukommen lassen zu Weihnachten. Geschenke bitte aus logistischen Gr\u00fcnden nicht gr\u00f6\u00dfer als ein Schuhkarton, als Inhalt k\u00f6nnen Utensilien f\u00fcr die Schule, kleine Geschenke, Briefe, S\u00fc\u00dfigkeiten beigelegt werden. Die Geschenke bitte nicht fest verschliessen da Sie f\u00fcr eventuelle Kontrollen durch den Zoll zu \u00f6ffnen sein m\u00fcssen. Auf dem Geschenk bitte vermerken f\u00fcr welches Geschlecht und Altersklasse das Geschenk sein soll. Gerne auch Geschenke f\u00fcr das Lehrpersonal. Abgabeschluss ist der 15.12.2023, gr\u00f6\u00dfere Mengen w\u00fcrden wir auch abholen<\/span><\/div>\n<div class=\"\" dir=\"auto\">\n<div class=\"\" dir=\"auto\">\n<div class=\"x1iorvi4 x1pi30zi x1l90r2v x1swvt13\" data-ad-comet-preview=\"message\" data-ad-preview=\"message\">\n<div class=\"x78zum5 xdt5ytf xz62fqu x16ldp7u\">\n<div class=\"xu06os2 x1ok221b\">\n<div class=\"xdj266r x11i5rnm xat24cr x1mh8g0r x1vvkbs x126k92a\">\n<div dir=\"auto\">Darf sehr gerne geteilt werden.<\/div>\n<\/div>\n<\/div>\n<\/div>\n<\/div>\n<\/div>\n<\/div>\n<\/blockquote>\n","protected":false},"excerpt":{"rendered":"<p>(Quelle: https:\/\/www.facebook.com\/allgemeinerrettungsverband.niedersachsensudev\/posts\/pfbid02vMiwV5QUEU2r6vfywWBxAuA9vJLW6Cs7hKs2GtGNGgoWfMS7Mv8kExkuKXQ7tPpRl) Allgemeiner Rettungsverband Niedersachsen-S\u00fcd\u00a0 (https:\/\/www.facebook.com\/photo\/?fbid=2307772642757499&amp;set=a.149147835286668) Torsten Broscheit (https:\/\/www.facebook.com\/torsten.broscheit\/posts\/pfbid06EeBBUuPUvCDfeJMgHYyM69zW3aq3rffYqpkXYUUNz2CBdkGt8AUss5EUqDwthNvl) Hallo zusammen, wir der Allgemeiner Rettungsverband Niedersachsen-S\u00fcd EV, haben eine Kartonaktion ins Leben gerufen. Wir wollen Kindern in Schulen, Kinderg\u00e4rten etc. Geschenke zukommen lassen zu Weihnachten. Geschenke bitte aus logistischen Gr\u00fcnden nicht gr\u00f6\u00dfer als ein Schuhkarton, als Inhalt k\u00f6nnen Utensilien f\u00fcr die Schule, kleine Geschenke, Briefe, &#8230; <a title=\"Allgemeiner Rettungsverband Niedersachsen-S\u00fcd EV: Kartonaktion Weihnachtsp\u00e4ckchen f\u00fcr Kinder in Osteuropa\" class=\"read-more\" href=\"https:\/\/rt-europaallee.de\/wordpress\/2023\/11\/allgemeiner-rettungsverband-niedersachsen-sued-ev-kartonaktion-weihnachtspaeckchen-fuer-kinder-in-osteuropa\/\" aria-label=\"Mehr Informationen \u00fcber Allgemeiner Rettungsverband Niedersachsen-S\u00fcd EV: Kartonaktion Weihnachtsp\u00e4ckchen f\u00fcr Kinder in Osteuropa\">Weiterlesen<\/a><\/p>\n","protected":false},"author":3,"featured_media":0,"comment_status":"closed","ping_status":"open","sticky":false,"template":"","format":"standard","meta":{"footnotes":""},"categories":[1],"tags":[],"class_list":["post-15264","post","type-post","status-publish","format-standard","hentry","category-allgemein"],"_links":{"self":[{"href":"https:\/\/rt-europaallee.de\/wordpress\/wp-json\/wp\/v2\/posts\/15264","targetHints":{"allow":["GET"]}}],"collection":[{"href":"https:\/\/rt-europaallee.de\/wordpress\/wp-json\/wp\/v2\/posts"}],"about":[{"href":"https:\/\/rt-europaallee.de\/wordpress\/wp-json\/wp\/v2\/types\/post"}],"author":[{"embeddable":true,"href":"https:\/\/rt-europaallee.de\/wordpress\/wp-json\/wp\/v2\/users\/3"}],"replies":[{"embeddable":true,"href":"https:\/\/rt-europaallee.de\/wordpress\/wp-json\/wp\/v2\/comments?post=15264"}],"version-history":[{"count":1,"href":"https:\/\/rt-europaallee.de\/wordpress\/wp-json\/wp\/v2\/posts\/15264\/revisions"}],"predecessor-version":[{"id":15265,"href":"https:\/\/rt-europaallee.de\/wordpress\/wp-json\/wp\/v2\/posts\/15264\/revisions\/15265"}],"wp:attachment":[{"href":"https:\/\/rt-europaallee.de\/wordpress\/wp-json\/wp\/v2\/media?parent=15264"}],"wp:term":[{"taxonomy":"category","embeddable":true,"href":"https:\/\/rt-europaallee.de\/wordpress\/wp-json\/wp\/v2\/categories?post=15264"},{"taxonomy":"post_tag","embeddable":true,"href":"https:\/\/rt-europaallee.de\/wordpress\/wp-json\/wp\/v2\/tags?post=15264"}],"curies":[{"name":"wp","href":"https:\/\/api.w.org\/{rel}","templated":true}]}}