{"id":15286,"date":"2023-11-24T19:30:33","date_gmt":"2023-11-24T18:30:33","guid":{"rendered":"http:\/\/rt-europaallee.org\/wordpress\/?p=15286"},"modified":"2023-11-24T19:30:33","modified_gmt":"2023-11-24T18:30:33","slug":"pinnadeln-im-birkenweg","status":"publish","type":"post","link":"https:\/\/rt-europaallee.de\/wordpress\/2023\/11\/pinnadeln-im-birkenweg\/","title":{"rendered":"Pinnadeln im Birkenweg!"},"content":{"rendered":"<p>(Quelle: <a href=\"https:\/\/www.facebook.com\/groups\/133926820002855\/posts\/7168604536535013\/\">https:\/\/www.facebook.com\/groups\/133926820002855\/posts\/7168604536535013\/<\/a>)<\/p>\n<div class=\"x1iyjqo2\">\n<div class=\"x78zum5 xdt5ytf xz62fqu x16ldp7u\">\n<div class=\"xu06os2 x1ok221b\">\n<blockquote>\n<h3 id=\":r2i:\" class=\"x1heor9g x1qlqyl8 x1pd3egz x1a2a7pz x1gslohp x1yc453h\"><span class=\"\"><span class=\"xt0psk2\"><a class=\"x1i10hfl xjbqb8w x6umtig x1b1mbwd xaqea5y xav7gou x9f619 x1ypdohk xt0psk2 xe8uvvx xdj266r x11i5rnm xat24cr x1mh8g0r xexx8yu x4uap5 x18d9i69 xkhd6sd x16tdsg8 x1hl2dhg xggy1nq x1a2a7pz xt0b8zv xzsf02u x1s688f\" tabindex=\"0\" role=\"link\" href=\"https:\/\/www.facebook.com\/groups\/133926820002855\/user\/100007491159107\/?__cft__[0]=AZVRS3kPz2CMc8KsKNY12f5sv4D-u1iXdEMe1qBe9NCKPaaW8odprm_90zJXc2fAW_8NqxEwKZH_-Fimzay_wnE-eByObnndbVzIvbab1B_S8JnGv5kHEj2G67njvYHeT8HHxXixPeYnmOog75MUZkPW&amp;__tn__=-UC%2CP-R\"><strong>Petra Steeger<\/strong><\/a><\/span><\/span><\/h3>\n<h3 class=\"x1heor9g x1qlqyl8 x1pd3egz x1a2a7pz x1gslohp x1yc453h\"><\/h3>\n<h3 class=\"x1heor9g x1qlqyl8 x1pd3egz x1a2a7pz x1gslohp x1yc453h\">Hagenberg<\/h3>\n<p><img decoding=\"async\" class=\"x1bwycvy x193iq5w x4fas0m x19kjcj4\" src=\"https:\/\/scontent-ham3-1.xx.fbcdn.net\/v\/t39.30808-6\/404370576_3527635174162820_1161306642669055353_n.jpg?_nc_cat=110&amp;ccb=1-7&amp;_nc_sid=5f2048&amp;_nc_eui2=AeGLiE_sONV4DryTlNp5qWizwc2dyCk6uYPBzZ3IKTq5g2wsFTrx86M9hRlSbVgjXcB7iFwGkEQccy8qOJZYAkXm&amp;_nc_ohc=y4JxcqpfcIwAX8ogxFI&amp;_nc_ht=scontent-ham3-1.xx&amp;oh=00_AfB01BnZd5Leo60DgZYqFFfK1mGAhu0nuaiJDa5_SyLzvg&amp;oe=65669BF4\" alt=\"Ist m\u00f6glicherweise ein Bild von Text \u201eAchtung! Bitte aufpassen, im Birkenweg liegen auf dem Gr\u00fcnstreifen bei den B\u00e4umen \u00fcberall gestreut Pinnadeln. Kann ja auch nur ein gest\u00f6rter gestreut haben damit Hunde reintreten. Aber eben auch alle anderen Tiere Mein Mann hat beim Gassi gehen dort schon viele aufgesammelt die er gesehen hat. 05:55\u201c\" data-visualcompletion=\"media-vc-image\" \/><\/p><\/blockquote>\n<\/div>\n<\/div>\n<\/div>\n","protected":false},"excerpt":{"rendered":"<p>(Quelle: https:\/\/www.facebook.com\/groups\/133926820002855\/posts\/7168604536535013\/) Petra Steeger Hagenberg<\/p>\n","protected":false},"author":3,"featured_media":0,"comment_status":"closed","ping_status":"open","sticky":false,"template":"","format":"standard","meta":{"footnotes":""},"categories":[1],"tags":[],"class_list":["post-15286","post","type-post","status-publish","format-standard","hentry","category-allgemein"],"_links":{"self":[{"href":"https:\/\/rt-europaallee.de\/wordpress\/wp-json\/wp\/v2\/posts\/15286","targetHints":{"allow":["GET"]}}],"collection":[{"href":"https:\/\/rt-europaallee.de\/wordpress\/wp-json\/wp\/v2\/posts"}],"about":[{"href":"https:\/\/rt-europaallee.de\/wordpress\/wp-json\/wp\/v2\/types\/post"}],"author":[{"embeddable":true,"href":"https:\/\/rt-europaallee.de\/wordpress\/wp-json\/wp\/v2\/users\/3"}],"replies":[{"embeddable":true,"href":"https:\/\/rt-europaallee.de\/wordpress\/wp-json\/wp\/v2\/comments?post=15286"}],"version-history":[{"count":1,"href":"https:\/\/rt-europaallee.de\/wordpress\/wp-json\/wp\/v2\/posts\/15286\/revisions"}],"predecessor-version":[{"id":15287,"href":"https:\/\/rt-europaallee.de\/wordpress\/wp-json\/wp\/v2\/posts\/15286\/revisions\/15287"}],"wp:attachment":[{"href":"https:\/\/rt-europaallee.de\/wordpress\/wp-json\/wp\/v2\/media?parent=15286"}],"wp:term":[{"taxonomy":"category","embeddable":true,"href":"https:\/\/rt-europaallee.de\/wordpress\/wp-json\/wp\/v2\/categories?post=15286"},{"taxonomy":"post_tag","embeddable":true,"href":"https:\/\/rt-europaallee.de\/wordpress\/wp-json\/wp\/v2\/tags?post=15286"}],"curies":[{"name":"wp","href":"https:\/\/api.w.org\/{rel}","templated":true}]}}