{"id":15293,"date":"2023-11-28T11:49:09","date_gmt":"2023-11-28T10:49:09","guid":{"rendered":"http:\/\/rt-europaallee.org\/wordpress\/?p=15293"},"modified":"2023-11-28T11:49:09","modified_gmt":"2023-11-28T10:49:09","slug":"bonveno-newsletter-november-dezember-2023","status":"publish","type":"post","link":"https:\/\/rt-europaallee.de\/wordpress\/2023\/11\/bonveno-newsletter-november-dezember-2023\/","title":{"rendered":"Bonveno Newsletter November\/ Dezember 2023"},"content":{"rendered":"<p>E-Mail 28.11.2023 von <a href=\"mailto:m.luepke@bonveno-goettingen.de\">m.luepke@bonveno-goettingen.de<\/a><\/p>\n<blockquote>\n<table width=\"100%\">\n<tbody>\n<tr>\n<td>Betreff:<\/p>\n<p>Bonveno Newsletter November\/ Dezember 2023<\/td>\n<\/tr>\n<tr>\n<td>Von:<\/p>\n<p>Marie L\u00fcpke &lt;m.luepke@bonveno-goettingen.de&gt;<\/td>\n<\/tr>\n<tr>\n<td>Datum:<\/p>\n<p>28.11.2023, 10:55<\/td>\n<\/tr>\n<\/tbody>\n<\/table>\n<table width=\"100%\">\n<tbody>\n<tr>\n<td>An:<\/p>\n<p>&lt;m.luepke@bonveno-goettingen.de&gt;<\/td>\n<\/tr>\n<tr>\n<td>Kopie (CC):<\/p>\n<p>&lt;a.mueller@bonveno-goettingen.de&gt;<\/td>\n<\/tr>\n<\/tbody>\n<\/table>\n<p><strong>Liebe Bonveno-Freunde, liebe Ehrenamtliche,<\/strong><strong>\u00a0<\/strong><\/p>\n<p>das Jahr wird immer k\u00fcrzer und die Adventszeit steht schon vor der T\u00fcr, eine Zeit der Besinnlichkeit aber auch Dankbarkeit. Auch wir m\u00f6chten Danke sagen, f\u00fcr die Unterst\u00fctzung, die vielen tollen Ideen und das vertrauensvolle Miteinander, ohne das vieles 2023 nicht m\u00f6glich gewesen w\u00e4re. Ein gro\u00dfes <strong>DANKE<\/strong> an Sie!<\/p>\n<p>A<strong>m 5. Dezember ist der Internationale Tag des Ehrenamtes! Das m\u00f6chten wir ein bisschen mit Ihnen feiern.<\/strong><\/p>\n<p><strong>\u00a0<\/strong><strong>Veranstaltungen<\/strong><strong>\u00a0<\/strong><strong>\u00a0<\/strong><\/p>\n<p><strong>Dankesch\u00f6n-Treffen f\u00fcr unsere Ehrenamtlichen am Internationalen Tag des Ehrenamtes<\/strong><strong><em>, Dienstag 5. Dezember, von 16 bis 18 Uhr<\/em><\/strong><\/p>\n<p><em>Adresse: <\/em><strong>Caf\u00e9- Inti, Burgstra\u00dfe 17, (Hinterraum)<\/strong><\/p>\n<p><strong>\u00a0<\/strong><strong>Wer: <\/strong>Ehrenamtskoordination und Patenschaftskoordination der AWO G\u00f6ttingen gGmbH und der Bonveno G\u00f6ttingen gGmbH in Kooperation mit der Ehrenamtskoordination des Migrationszentrums<em>\u00a0<\/em><\/p>\n<p><strong>Was:<\/strong><\/p>\n<p>Liebe Engagierte und Ehrenamtliche,<\/p>\n<p>Wir m\u00f6chten Sie herzlich anl\u00e4sslich des Internationalen Tags des Ehrenamts einladen.<\/p>\n<p><strong>Um unseren Ehrenamtlichen ein herzliches Dankesch\u00f6n f\u00fcr Ihre wertvolle Zeit, Ihr Vertrauen und die tolle Zusammenarbeit zu sagen und das Jahr ausklingen zu lassen, laden wir Sie in Kooperation mit der Ehrenamtskoordination des Migrationszentrums der Diakonie <\/strong><strong>am 5.12. zwischen 16 und 18 Uhr<\/strong> <strong>zu einem warmen oder kalten Getr\u00e4nk und ein paar Keksen ins <\/strong><strong>Inti-Caf\u00e9<\/strong><strong> ein.<\/strong><\/p>\n<p><strong>Wir sind von 16 bis 18 Uhr f\u00fcr Sie da und freuen uns auf Ihren Besuch und die Gespr\u00e4che. <\/strong><\/p>\n<p><strong>Bitte teilen Sie uns per E-Mail mit, ob Sie kommen werden.\u00a0\u00a0 <\/strong><em>\u00a0<\/em><\/p>\n<p><strong>Anmeldung:<\/strong><strong style=\"font-size: revert; color: inherit;\">\u00a0<\/strong><\/p>\n<p><strong>Marie L\u00fcpke:<\/strong><\/p>\n<p>E-Mail: <a href=\"mailto:m.luepke@bonveno-goettingen.de\">m.luepke@bonveno-goettingen.de<\/a><\/p>\n<p>Mobil: 0176\/ 84146370<\/p>\n<p><strong>Astrid M\u00fcller:<\/strong><\/p>\n<p>E-Mail: <a href=\"mailto:a.mueller@awo-goettingen.de\">a.mueller@awo-goettingen.de<\/a><\/p>\n<p>Mobil: 0176\/ 22919421<\/p>\n<p><strong>Lesung \u201eZu jung f\u00fcr alt\u201c vom Aufbruch in die Freiheit nach dem Berufsleben, Dienstag 5. Dezember ab 19 Uhr<\/strong><\/p>\n<p><strong><em>Adresse: Literaturhaus<\/em><\/strong> <em>G\u00f6ttingen, Nikolaistr. 22<\/em><\/p>\n<p><strong>Wer:<\/strong> Freiwilligenzentrum BONUS<\/p>\n<p><strong>Was:<\/strong> Am 05.12.23, dem Internationalen Tag des Ehrenamts, und aus Anlass des 25-j\u00e4hrigen Bestehens des Freiwilligenzentrums BONUS, l\u00e4dt das Freiwilligenzentrum BONUS sehr herzlich zu einer kostenfreien Lesung mit Dieter Bednarz ein. Was tun, wenn das Berufsleben endet, man sich aber viel zu jung f\u00fchlt, um zum alten Eisen zu geh\u00f6ren? Dieter Bednarz, \u00fcber 30 Jahre SPIEGEL-Redakteur, kommt schwer ins Gr\u00fcbeln, als seine Firma den Vorruhestand propagiert. Aber er w\u00e4re nicht der erfolgreiche Journalist und Bestseller-Autor, wenn er mit dieser Situation nicht h\u00f6chst produktiv und unterhaltsam umgehen w\u00fcrde. Mit viel Humor und Neugier, angetrieben von den Sp\u00f6tteleien seiner drei jungen T\u00f6chter und seiner zehn Jahre j\u00fcngeren Frau, begibt er sich auf die Suche nach Menschen, die wie er \u00fcberzeugt sind: Da geht noch was!<\/p>\n<p><strong>Anmeldung:<\/strong> Der Eintritt ist frei und ohne Anmeldung.<\/p>\n<p><strong>Weihnachtsaktion: Sendet euren Weihnachtsgru\u00df, bis Dienstag 12. Dezember<\/strong><\/p>\n<p><em>Adresse: Freiwilligenagentur G\u00f6ttingen, Sandweg 5 oder dem Freiwilligenzentrum Bonus Pfalz-Grona-Breite 2a<\/em><\/p>\n<p><strong>Wer:<\/strong> Freiwilligenagentur G\u00f6ttingen und Freiwilligenzentrum BONUS<\/p>\n<p><strong>Was:<\/strong> Helft mit bei unserer Weihnachtsaktion und \u00fcberrascht einen einsamen Menschen zum Fest. Wie das geht? Ihr schreibt eine Weihnachtskarte, oder bastelt eine kleine Aufmerksamkeit und gebt diese bei der Freiwilligenagentur G\u00f6ttingen (Sandweg 5), oder dem Freiwilligenzentrum Bonus (Pfalz-Grona-Breite 2a) ab. Ihr k\u00f6nnt uns euren Gru\u00df auch gern unter dem Stichwort \u201eWeihnachtsaktion\u201c mit der Post senden. Wichtig ist, dass wir eure Gr\u00fc\u00dfe bis zum <strong>12.12.2023<\/strong> erhalten, damit wir daf\u00fcr Sorge tragen k\u00f6nnen, dass die Gr\u00fc\u00dfe rechtzeitig in den Seniorenheimen in unserer Region ankommen. Eurer Kreativit\u00e4t sind keine Grenzen gesetzt. Die Teams der Freiwilligenagentur G\u00f6ttingen und des Freiwilligenzentrums Bonus freuen sich auf eure Weihnachtsbotschaften.<\/p>\n<p><strong>Aktiv werden<\/strong><\/p>\n<p>Sollten Sie aktuell etwas Zeit haben, freuen wir uns wie immer \u00fcber Ihre Nachricht. Noch immer ist die Nachfrage nach Gespr\u00e4chspartner*innen zum Deutsch \u00fcben gro\u00df.<\/p>\n<p>Sowohl f\u00fcr die Unterkunft in der Europa-Allee als auch f\u00fcr die Unterkunft auf den Zietenterassen suchen wir noch Einzelpatenschaften f\u00fcr Lern- und Sprachunterst\u00fctzung f\u00fcr vier junge M\u00e4nner im Alter von 17 bis 26 Jahren.<\/p>\n<p>Haben Sie Interesse zu unterst\u00fctzen? Melden Sie sich gern bei uns.<\/p>\n<p>Wir freuen uns, von Ihnen zu h\u00f6ren!<\/p>\n<p>Viele Gr\u00fc\u00dfe,<br \/>\nAstrid M\u00fcller und Marie L\u00fcpke<\/p>\n<p>Koordination Ehrenamt &amp; Patenschaften<br \/>\nBonveno G\u00f6ttingen gGmbH<\/p>\n<p><a href=\"http:\/\/www.bonveno-goettingen.de\/\">www.Bonveno-Goettingen.de<\/a><\/p>\n<p>Mit freundlichen Gr\u00fc\u00dfen,<\/p>\n<p>Marie L\u00fcpke<\/p>\n<p>Koordination Ehrenamt &amp; Patenschaften<br \/>\nBonveno G\u00f6ttingen gGmbH<\/p>\n<p>Jutta-Limbach-Stra\u00dfe 3<br \/>\n37073 G\u00f6ttingen<\/p>\n<p>Mobil: +49 176 84146370<\/p>\n<p>E-Mail: <a href=\"mailto:m.luepke@bonveno-goettingen.de\">m.luepke@bonveno-goettingen.de<\/a><\/p>\n<p>Webseite: <a href=\"http:\/\/www.bonveno-goettingen.de\/\">www.bonveno-goettingen.de<\/a><\/p>\n<p><strong><em><u>Sprechzeiten: <\/u><\/em><\/strong><\/p>\n<p><em>Montags bis Donnerstags: 8:30 Uhr bis 14:00 Uhr und nach Vereinbarung<\/em><\/p>\n<p><em>Freitags: 8:30 bis 13:00 Uhr und nach Vereinbarung<\/em><\/p><\/blockquote>\n","protected":false},"excerpt":{"rendered":"<p>E-Mail 28.11.2023 von m.luepke@bonveno-goettingen.de Betreff: Bonveno Newsletter November\/ Dezember 2023 Von: Marie L\u00fcpke &lt;m.luepke@bonveno-goettingen.de&gt; Datum: 28.11.2023, 10:55 An: &lt;m.luepke@bonveno-goettingen.de&gt; Kopie (CC): &lt;a.mueller@bonveno-goettingen.de&gt; Liebe Bonveno-Freunde, liebe Ehrenamtliche,\u00a0 das Jahr wird immer k\u00fcrzer und die Adventszeit steht schon vor der T\u00fcr, eine Zeit der Besinnlichkeit aber auch Dankbarkeit. Auch wir m\u00f6chten Danke sagen, f\u00fcr die Unterst\u00fctzung, die &#8230; <a title=\"Bonveno Newsletter November\/ Dezember 2023\" class=\"read-more\" href=\"https:\/\/rt-europaallee.de\/wordpress\/2023\/11\/bonveno-newsletter-november-dezember-2023\/\" aria-label=\"Mehr Informationen \u00fcber Bonveno Newsletter November\/ Dezember 2023\">Weiterlesen<\/a><\/p>\n","protected":false},"author":3,"featured_media":0,"comment_status":"closed","ping_status":"open","sticky":false,"template":"","format":"standard","meta":{"footnotes":""},"categories":[1],"tags":[],"class_list":["post-15293","post","type-post","status-publish","format-standard","hentry","category-allgemein"],"_links":{"self":[{"href":"https:\/\/rt-europaallee.de\/wordpress\/wp-json\/wp\/v2\/posts\/15293","targetHints":{"allow":["GET"]}}],"collection":[{"href":"https:\/\/rt-europaallee.de\/wordpress\/wp-json\/wp\/v2\/posts"}],"about":[{"href":"https:\/\/rt-europaallee.de\/wordpress\/wp-json\/wp\/v2\/types\/post"}],"author":[{"embeddable":true,"href":"https:\/\/rt-europaallee.de\/wordpress\/wp-json\/wp\/v2\/users\/3"}],"replies":[{"embeddable":true,"href":"https:\/\/rt-europaallee.de\/wordpress\/wp-json\/wp\/v2\/comments?post=15293"}],"version-history":[{"count":1,"href":"https:\/\/rt-europaallee.de\/wordpress\/wp-json\/wp\/v2\/posts\/15293\/revisions"}],"predecessor-version":[{"id":15294,"href":"https:\/\/rt-europaallee.de\/wordpress\/wp-json\/wp\/v2\/posts\/15293\/revisions\/15294"}],"wp:attachment":[{"href":"https:\/\/rt-europaallee.de\/wordpress\/wp-json\/wp\/v2\/media?parent=15293"}],"wp:term":[{"taxonomy":"category","embeddable":true,"href":"https:\/\/rt-europaallee.de\/wordpress\/wp-json\/wp\/v2\/categories?post=15293"},{"taxonomy":"post_tag","embeddable":true,"href":"https:\/\/rt-europaallee.de\/wordpress\/wp-json\/wp\/v2\/tags?post=15293"}],"curies":[{"name":"wp","href":"https:\/\/api.w.org\/{rel}","templated":true}]}}