{"id":15322,"date":"2023-12-13T13:42:24","date_gmt":"2023-12-13T12:42:24","guid":{"rendered":"http:\/\/rt-europaallee.org\/wordpress\/?p=15322"},"modified":"2023-12-13T13:42:24","modified_gmt":"2023-12-13T12:42:24","slug":"hna-neben-dem-umgestalteten-frueheren-eam-turm-soll-eine-wohnanlage-fuer-senioren-entstehen","status":"publish","type":"post","link":"https:\/\/rt-europaallee.de\/wordpress\/2023\/12\/hna-neben-dem-umgestalteten-frueheren-eam-turm-soll-eine-wohnanlage-fuer-senioren-entstehen\/","title":{"rendered":"HNA: Neben dem umgestalteten fr\u00fcheren EAM-Turm soll eine Wohnanlage f\u00fcr Senioren entstehen"},"content":{"rendered":"<p>(Quelle: <a href=\"https:\/\/www.hna.de\/lokales\/goettingen\/goettingen-ort28741\/auf-filetstueck-170-neue-wohnungen-fuer-senioren-in-goettingen-92725024.html?fbclid=IwAR36k4m6HSoelCKOtEe-7mpnuerSUip8v5jPnlUjzwvP8QZ1PDusbyweuOw\">https:\/\/www.hna.de\/lokales\/goettingen\/goettingen-ort28741\/auf-filetstueck-170-neue-wohnungen-fuer-senioren-in-goettingen-92725024.html?fbclid=IwAR36k4m6HSoelCKOtEe-7mpnuerSUip8v5jPnlUjzwvP8QZ1PDusbyweuOw<\/a>)<\/p>\n<blockquote>\n<h3 class=\"id-StoryElement-headline\">Hotelneubau kommt nicht \u2013 Stattdessen 170 Wohnungen f\u00fcr Senioren<\/h3>\n<p class=\"id-Story-timestamp id-Story-timestamp--default\"><span class=\"id-Story-timestamp-content\"><span class=\"id-Story-timestamp-content-prefix\">Stand: <\/span><time datetime=\"2023-12-13 10:11\">13.12.2023, 10:11 Uhr<\/time><\/span><\/p>\n<p class=\"id-Story-authors id-Story-authors--default\"><span class=\"id-Story-authors-by\">Von: <\/span><a class=\"id-Story-authors-link lp_west_author\" title=\"Zur Autorenseite von Bernd Schlegel\" href=\"https:\/\/www.hna.de\/autoren\/703\/\" data-id-ec=\"{&quot;shn&quot;:&quot;Story&quot;,&quot;sht&quot;:&quot;Container&quot;,&quot;p&quot;:{&quot;containerType&quot;:&quot;Author-Link&quot;,&quot;elementName&quot;:&quot;Bernd Schlegel&quot;,&quot;elementPosition&quot;:&quot;1&quot;}}\" data-id-em=\"1\">Bernd Schlegel<\/a><\/p>\n<figure class=\"id-StoryElement-image\">\n<div class=\"id-RatioPlaceholder\"><img loading=\"lazy\" decoding=\"async\" class=\"id-RatioPlaceholder-element wv_story_el_image\" src=\"https:\/\/www.hna.de\/assets\/images\/33\/407\/33407749-die-baugrube-ist-schon-da-an-der-ecke-kasseler-landstrasse-bachstrasse-soll-neben-dem-umgestalteten-frueheren-eam-turm-eine-wohnanlage-fuer-senioren-1tkIUrisEWfe.jpg\" sizes=\"auto, (min-width: 769px) 768px, 100vw\" srcset=\"https:\/\/www.hna.de\/assets\/images\/33\/407\/33407749-die-baugrube-ist-schon-da-an-der-ecke-kasseler-landstrasse-bachstrasse-soll-neben-dem-umgestalteten-frueheren-eam-turm-eine-wohnanlage-fuer-senioren-1tkIUrisEWb6.jpg 448w,https:\/\/www.hna.de\/assets\/images\/33\/407\/33407749-die-baugrube-ist-schon-da-an-der-ecke-kasseler-landstrasse-bachstrasse-soll-neben-dem-umgestalteten-frueheren-eam-turm-eine-wohnanlage-fuer-senioren-1tkIUrisEW70.jpg 768w,https:\/\/www.hna.de\/assets\/images\/33\/407\/33407749-die-baugrube-ist-schon-da-an-der-ecke-kasseler-landstrasse-bachstrasse-soll-neben-dem-umgestalteten-frueheren-eam-turm-eine-wohnanlage-fuer-senioren-1tkIUrisEWfe.jpg 1100w,https:\/\/www.hna.de\/assets\/images\/33\/407\/33407749-die-baugrube-ist-schon-da-an-der-ecke-kasseler-landstrasse-bachstrasse-soll-neben-dem-umgestalteten-frueheren-eam-turm-eine-wohnanlage-fuer-senioren-1tkIUrisEW7a.jpg 1408w,https:\/\/www.hna.de\/assets\/images\/33\/407\/33407749-die-baugrube-ist-schon-da-an-der-ecke-kasseler-landstrasse-bachstrasse-soll-neben-dem-umgestalteten-frueheren-eam-turm-eine-wohnanlage-fuer-senioren-1tkIUrisEWMH.jpg 1600w\" alt=\"Die Baugrube ist schon da: An der Ecke Kasseler Landstra\u00dfe\/Bachstra\u00dfe soll neben dem umgestalteten fr\u00fcheren EAM-Turm eine Wohnanlage f\u00fcr Senioren entstehen. Damit w\u00e4re das Filetst\u00fcck an einer wichtigen Hauptroute f\u00fcr Pendler wieder bebaut.\" width=\"1100\" height=\"619\" \/><\/div><figcaption class=\"id-StoryElement-image-caption\">Die Baugrube ist schon da: An der Ecke Kasseler Landstra\u00dfe\/Bachstra\u00dfe soll neben dem umgestalteten fr\u00fcheren EAM-Turm eine Wohnanlage f\u00fcr Senioren entstehen. Damit w\u00e4re das Filetst\u00fcck an einer wichtigen Hauptroute f\u00fcr Pendler wieder bebaut. \u00a9\u00a0Bernd Schlegel<\/figcaption><\/figure>\n<p class=\"id-StoryElement-leadText\"><strong>Auf einem brachliegenden Gel\u00e4nde in G\u00f6ttingen soll eine Seniorenwohnanlage mit 170 Appartements entstehen \u2013 mit einem vielf\u00e4ltigen Serviceangebot.<\/strong><\/p>\n<p class=\"id-StoryElement-paragraph\">G\u00f6ttingen \u2013 Lange wurde auf dem ehemaligen EAM-Gel\u00e4nde in <a class=\"id-import-Link\" href=\"https:\/\/www.hna.de\/lokales\/goettingen\/\" target=\"_blank\" rel=\"nofollow noopener\" data-id-ec=\"{&quot;shn&quot;:&quot;Story&quot;,&quot;sht&quot;:&quot;Container&quot;,&quot;p&quot;:{&quot;containerType&quot;:&quot;InlineLink&quot;,&quot;elementName&quot;:&quot;G\u00f6ttingen&quot;,&quot;elementVariant&quot;:&quot;standardLink&quot;,&quot;sponsored&quot;:false}}\" data-id-em=\"1\">G\u00f6ttingen<\/a> ein Hotelneubau geplant. Nun m\u00f6chte die Tetraeder GmbH als Eigent\u00fcmerin dort eine Seniorenwohnanlage mit etwa 170 Appartements errichten.<\/p>\n<h3>&#8230;<\/h3>\n<\/blockquote>\n","protected":false},"excerpt":{"rendered":"<p>(Quelle: https:\/\/www.hna.de\/lokales\/goettingen\/goettingen-ort28741\/auf-filetstueck-170-neue-wohnungen-fuer-senioren-in-goettingen-92725024.html?fbclid=IwAR36k4m6HSoelCKOtEe-7mpnuerSUip8v5jPnlUjzwvP8QZ1PDusbyweuOw) Hotelneubau kommt nicht \u2013 Stattdessen 170 Wohnungen f\u00fcr Senioren Stand: 13.12.2023, 10:11 Uhr Von: Bernd Schlegel Die Baugrube ist schon da: An der Ecke Kasseler Landstra\u00dfe\/Bachstra\u00dfe soll neben dem umgestalteten fr\u00fcheren EAM-Turm eine Wohnanlage f\u00fcr Senioren entstehen. Damit w\u00e4re das Filetst\u00fcck an einer wichtigen Hauptroute f\u00fcr Pendler wieder bebaut. \u00a9\u00a0Bernd Schlegel Auf einem &#8230; <a title=\"HNA: Neben dem umgestalteten fr\u00fcheren EAM-Turm soll eine Wohnanlage f\u00fcr Senioren entstehen\" class=\"read-more\" href=\"https:\/\/rt-europaallee.de\/wordpress\/2023\/12\/hna-neben-dem-umgestalteten-frueheren-eam-turm-soll-eine-wohnanlage-fuer-senioren-entstehen\/\" aria-label=\"Mehr Informationen \u00fcber HNA: Neben dem umgestalteten fr\u00fcheren EAM-Turm soll eine Wohnanlage f\u00fcr Senioren entstehen\">Weiterlesen<\/a><\/p>\n","protected":false},"author":3,"featured_media":0,"comment_status":"closed","ping_status":"open","sticky":false,"template":"","format":"standard","meta":{"footnotes":""},"categories":[1],"tags":[],"class_list":["post-15322","post","type-post","status-publish","format-standard","hentry","category-allgemein"],"_links":{"self":[{"href":"https:\/\/rt-europaallee.de\/wordpress\/wp-json\/wp\/v2\/posts\/15322","targetHints":{"allow":["GET"]}}],"collection":[{"href":"https:\/\/rt-europaallee.de\/wordpress\/wp-json\/wp\/v2\/posts"}],"about":[{"href":"https:\/\/rt-europaallee.de\/wordpress\/wp-json\/wp\/v2\/types\/post"}],"author":[{"embeddable":true,"href":"https:\/\/rt-europaallee.de\/wordpress\/wp-json\/wp\/v2\/users\/3"}],"replies":[{"embeddable":true,"href":"https:\/\/rt-europaallee.de\/wordpress\/wp-json\/wp\/v2\/comments?post=15322"}],"version-history":[{"count":1,"href":"https:\/\/rt-europaallee.de\/wordpress\/wp-json\/wp\/v2\/posts\/15322\/revisions"}],"predecessor-version":[{"id":15323,"href":"https:\/\/rt-europaallee.de\/wordpress\/wp-json\/wp\/v2\/posts\/15322\/revisions\/15323"}],"wp:attachment":[{"href":"https:\/\/rt-europaallee.de\/wordpress\/wp-json\/wp\/v2\/media?parent=15322"}],"wp:term":[{"taxonomy":"category","embeddable":true,"href":"https:\/\/rt-europaallee.de\/wordpress\/wp-json\/wp\/v2\/categories?post=15322"},{"taxonomy":"post_tag","embeddable":true,"href":"https:\/\/rt-europaallee.de\/wordpress\/wp-json\/wp\/v2\/tags?post=15322"}],"curies":[{"name":"wp","href":"https:\/\/api.w.org\/{rel}","templated":true}]}}