{"id":15345,"date":"2023-12-20T13:44:25","date_gmt":"2023-12-20T12:44:25","guid":{"rendered":"http:\/\/rt-europaallee.org\/wordpress\/?p=15345"},"modified":"2023-12-20T13:44:25","modified_gmt":"2023-12-20T12:44:25","slug":"stadt-goettingen-jahreswechsel-parkscheinautomaten-werden-verschlossen","status":"publish","type":"post","link":"https:\/\/rt-europaallee.de\/wordpress\/2023\/12\/stadt-goettingen-jahreswechsel-parkscheinautomaten-werden-verschlossen\/","title":{"rendered":"Stadt G\u00f6ttingen: Jahreswechsel: Parkscheinautomaten werden verschlossen"},"content":{"rendered":"<p>(Quelle: <a href=\"https:\/\/www.goettingen.de\/portal\/meldungen\/jahreswechsel-parkscheinautomaten-werden-verschlossen-900002515-25480.html?rubrik=900000003\">https:\/\/www.goettingen.de\/portal\/meldungen\/jahreswechsel-parkscheinautomaten-werden-verschlossen-900002515-25480.html?rubrik=900000003<\/a>)<\/p>\n<blockquote>\n<div class=\"fusstext fusstext_oben\"><span class=\"create\">20.12.2023<\/span><\/p>\n<div><\/div>\n<\/div>\n<h3 class=\"kontrast-bild\">Jahreswechsel: Parkscheinautomaten werden verschlossen<\/h3>\n<div id=\"nolis_content_site\" class=\"nolis_content_site\">\n<p class=\"anreisser_detail\"><strong>Wie in den Vorjahren nimmt die Stadt G\u00f6ttingen auch zum Jahreswechsel 2023\/2024 wieder Parkscheinautomaten au\u00dfer Betrieb. Dies geschieht zum Schutz vor Vandalismus.<\/strong><\/p>\n<div class=\"print_href print_abbr\">\n<div class=\"template1\">\n<div class=\"platz platz1\">\n<div class=\"rahmen\">\n<div class=\"innen\">\n<p>Alle Parkscheinautomaten in der <a class=\"link_katalog nolis-link-extern\" title=\"Stadtplan - Parkzone I und II (https:\/\/stadtplan.goettingen.de\/Goettingen\/client\/gisclient\/index.html?&amp;applicationId=1105#center\/3564985.700000003,5712414.400000001|zoom\/6|layers\/32,31|baseSlider\/33|aerialSlider\/0|header\/Parkpl%C3%A4tze)\" href=\"https:\/\/stadtplan.goettingen.de\/Goettingen\/client\/gisclient\/index.html?&amp;applicationId=1105#center\/3564985.700000003,5712414.400000001|zoom\/6|layers\/32,31|baseSlider\/33|aerialSlider\/0|header\/Parkpl%C3%A4tze\" target=\"_blank\" rel=\"noopener\">Parkzone II<\/a> (Bereich um Innenstadt-Parkzone I herum) werden in der Zeit von Mittwoch, 27. Dezember, bis Donnerstagabend, 28. Dezember 2023, nach und nach verschlossen. Die Automaten in der <a class=\"link_katalog nolis-link-extern\" title=\"Stadtplan - Parkzone I und II (https:\/\/stadtplan.goettingen.de\/Goettingen\/client\/gisclient\/index.html?&amp;applicationId=1105#center\/3564985.700000003,5712414.400000001|zoom\/6|layers\/32,31|baseSlider\/33|aerialSlider\/0|header\/Parkpl%C3%A4tze)\" href=\"https:\/\/stadtplan.goettingen.de\/Goettingen\/client\/gisclient\/index.html?&amp;applicationId=1105#center\/3564985.700000003,5712414.400000001|zoom\/6|layers\/32,31|baseSlider\/33|aerialSlider\/0|header\/Parkpl%C3%A4tze\" target=\"_blank\" rel=\"noopener\">Parkzone I<\/a> (Innenstadt und Bereich Bahnhof) werden im Verlauf des Freitags, 29. Dezember 2023, au\u00dfer Betrieb genommen. Ab Dienstag, 2. Januar 2024, herrscht in den Parkzonen wieder Geb\u00fchrenpflicht.<\/p>\n<h4>Parkscheibe erforderlich<\/h4>\n<p>Wer im Bereich eines verschlossenen Automaten parkt, muss eine Parkscheibe gut sichtbar im Wagen auslegen. Grunds\u00e4tzlich besteht in der Parkzone I eine Parkh\u00f6chstdauer von vier Stunden. Ausnahmen davon sind der Bereich Bahnhof-Ost mit maximal einer Stunde parken, der Bereich Albaniplatz mit maximal acht Stunden und der Bereich Bonifatiusschule II mit maximal zehn Stunden Parkdauer.<\/p>\n<p>In der Parkzone II gilt ebenfalls grunds\u00e4tzlich eine Parkh\u00f6chstdauer von vier Stunden. Ausgenommen sind die Bereiche Humboldtallee, Von-Siebold-Stra\u00dfe, Kreuzbergring (Abschnitt Humboldtallee bis Nikolausberger Weg) sowie Nikolausberger Weg (Abschnitt Go\u00dflerstra\u00dfe bis Kreuzbergring). Hier betr\u00e4gt die Parkh\u00f6chstdauer sechs Stunden.<\/p>\n<\/div>\n<\/div>\n<\/div>\n<\/div>\n<\/div>\n<\/div>\n<\/blockquote>\n","protected":false},"excerpt":{"rendered":"<p>(Quelle: https:\/\/www.goettingen.de\/portal\/meldungen\/jahreswechsel-parkscheinautomaten-werden-verschlossen-900002515-25480.html?rubrik=900000003) 20.12.2023 Jahreswechsel: Parkscheinautomaten werden verschlossen Wie in den Vorjahren nimmt die Stadt G\u00f6ttingen auch zum Jahreswechsel 2023\/2024 wieder Parkscheinautomaten au\u00dfer Betrieb. Dies geschieht zum Schutz vor Vandalismus. Alle Parkscheinautomaten in der Parkzone II (Bereich um Innenstadt-Parkzone I herum) werden in der Zeit von Mittwoch, 27. Dezember, bis Donnerstagabend, 28. Dezember 2023, nach und &#8230; <a title=\"Stadt G\u00f6ttingen: Jahreswechsel: Parkscheinautomaten werden verschlossen\" class=\"read-more\" href=\"https:\/\/rt-europaallee.de\/wordpress\/2023\/12\/stadt-goettingen-jahreswechsel-parkscheinautomaten-werden-verschlossen\/\" aria-label=\"Mehr Informationen \u00fcber Stadt G\u00f6ttingen: Jahreswechsel: Parkscheinautomaten werden verschlossen\">Weiterlesen<\/a><\/p>\n","protected":false},"author":3,"featured_media":0,"comment_status":"closed","ping_status":"open","sticky":false,"template":"","format":"standard","meta":{"footnotes":""},"categories":[1],"tags":[],"class_list":["post-15345","post","type-post","status-publish","format-standard","hentry","category-allgemein"],"_links":{"self":[{"href":"https:\/\/rt-europaallee.de\/wordpress\/wp-json\/wp\/v2\/posts\/15345","targetHints":{"allow":["GET"]}}],"collection":[{"href":"https:\/\/rt-europaallee.de\/wordpress\/wp-json\/wp\/v2\/posts"}],"about":[{"href":"https:\/\/rt-europaallee.de\/wordpress\/wp-json\/wp\/v2\/types\/post"}],"author":[{"embeddable":true,"href":"https:\/\/rt-europaallee.de\/wordpress\/wp-json\/wp\/v2\/users\/3"}],"replies":[{"embeddable":true,"href":"https:\/\/rt-europaallee.de\/wordpress\/wp-json\/wp\/v2\/comments?post=15345"}],"version-history":[{"count":1,"href":"https:\/\/rt-europaallee.de\/wordpress\/wp-json\/wp\/v2\/posts\/15345\/revisions"}],"predecessor-version":[{"id":15346,"href":"https:\/\/rt-europaallee.de\/wordpress\/wp-json\/wp\/v2\/posts\/15345\/revisions\/15346"}],"wp:attachment":[{"href":"https:\/\/rt-europaallee.de\/wordpress\/wp-json\/wp\/v2\/media?parent=15345"}],"wp:term":[{"taxonomy":"category","embeddable":true,"href":"https:\/\/rt-europaallee.de\/wordpress\/wp-json\/wp\/v2\/categories?post=15345"},{"taxonomy":"post_tag","embeddable":true,"href":"https:\/\/rt-europaallee.de\/wordpress\/wp-json\/wp\/v2\/tags?post=15345"}],"curies":[{"name":"wp","href":"https:\/\/api.w.org\/{rel}","templated":true}]}}