{"id":15518,"date":"2024-02-09T15:53:57","date_gmt":"2024-02-09T14:53:57","guid":{"rendered":"http:\/\/rt-europaallee.org\/wordpress\/?p=15518"},"modified":"2024-02-09T15:53:57","modified_gmt":"2024-02-09T14:53:57","slug":"jugendhilfe-sued-niedersachsen-%f0%9d%97%a3%f0%9d%97%b3%f0%9d%97%b9%f0%9d%97%b2%f0%9d%97%b4%f0%9d%97%b2-%f0%9d%98%82%f0%9d%97%bb%f0%9d%97%b1-%f0%9d%97%9a%f0%9d%97%ae%f0%9d%98%80%f0%9d%98%81","status":"publish","type":"post","link":"https:\/\/rt-europaallee.de\/wordpress\/2024\/02\/jugendhilfe-sued-niedersachsen-%f0%9d%97%a3%f0%9d%97%b3%f0%9d%97%b9%f0%9d%97%b2%f0%9d%97%b4%f0%9d%97%b2-%f0%9d%98%82%f0%9d%97%bb%f0%9d%97%b1-%f0%9d%97%9a%f0%9d%97%ae%f0%9d%98%80%f0%9d%98%81\/","title":{"rendered":"Jugendhilfe S\u00fcd-Niedersachsen: \ud835\udde3\ud835\uddf3\ud835\uddf9\ud835\uddf2\ud835\uddf4\ud835\uddf2- \ud835\ude02\ud835\uddfb\ud835\uddf1 \ud835\uddda\ud835\uddee\ud835\ude00\ud835\ude01\ud835\uddf3\ud835\uddee\ud835\uddfa\ud835\uddf6\ud835\uddf9\ud835\uddf6\ud835\uddf2\ud835\uddfb \ud835\uddf4\ud835\uddf2\ud835\ude00\ud835\ude02\ud835\uddf0\ud835\uddf5\ud835\ude01!"},"content":{"rendered":"<p>(Quelle: <a href=\"https:\/\/www.facebook.com\/jugendhilfesuedniedersachsen\/posts\/pfbid0jzMMi5LqV4zKF5ChKLn74LJG2aNgvss1UKx193YfknHJQdLPWuwrGvDonhzC2VzVl\">https:\/\/www.facebook.com\/jugendhilfesuedniedersachsen\/posts\/pfbid0jzMMi5LqV4zKF5ChKLn74LJG2aNgvss1UKx193YfknHJQdLPWuwrGvDonhzC2VzVl<\/a>)<\/p>\n<blockquote>\n<div class=\"xu06os2 x1ok221b\">\n<h3 id=\":R1al9aqqd9emhpapd5aq:\" class=\"x1heor9g x1qlqyl8 x1pd3egz x1a2a7pz x1gslohp x1yc453h\"><span class=\"xt0psk2\"><a class=\"x1i10hfl xjbqb8w x1ejq31n xd10rxx x1sy0etr x17r0tee x972fbf xcfux6l x1qhh985 xm0m39n x9f619 x1ypdohk xt0psk2 xe8uvvx xdj266r x11i5rnm xat24cr x1mh8g0r xexx8yu x4uap5 x18d9i69 xkhd6sd x16tdsg8 x1hl2dhg xggy1nq x1a2a7pz xt0b8zv xzsf02u x1s688f\" tabindex=\"0\" role=\"link\" href=\"https:\/\/www.facebook.com\/jugendhilfesuedniedersachsen?__cft__[0]=AZXT467DXAVy2qRetfOdzV55EYOnV7ZkMCLftC5ncxyIwZ6-GNRYqglvpLNuaqXh1cJ2SAsBhPL_2ueGvFEDHV_so83STtcgIsnoZsaapuKcyrOIluRZTbXpU_mQVb48sUxS4pIUhi-M3aH0kXB_1YJX&amp;__tn__=-UC%2CP-R\"><strong>Jugendhilfe S\u00fcd-Niedersachsen<\/strong><\/a><\/span><\/h3>\n<\/div>\n<div class=\"\" dir=\"auto\">\n<div id=\":R1al9aqqd9emhpapd5aqH2:\" class=\"x1iorvi4 x1pi30zi x1l90r2v x1swvt13\" data-ad-comet-preview=\"message\" data-ad-preview=\"message\">\n<div class=\"x78zum5 xdt5ytf xz62fqu x16ldp7u\">\n<div class=\"xu06os2 x1ok221b\">\n<div class=\"xdj266r x11i5rnm xat24cr x1mh8g0r x1vvkbs x126k92a\">\n<div dir=\"auto\">\ud835\udde3\ud835\uddf3\ud835\uddf9\ud835\uddf2\ud835\uddf4\ud835\uddf2- \ud835\ude02\ud835\uddfb\ud835\uddf1 \ud835\uddda\ud835\uddee\ud835\ude00\ud835\ude01\ud835\uddf3\ud835\uddee\ud835\uddfa\ud835\uddf6\ud835\uddf9\ud835\uddf6\ud835\uddf2\ud835\uddfb \ud835\uddf4\ud835\uddf2\ud835\ude00\ud835\ude02\ud835\uddf0\ud835\uddf5\ud835\ude01!<\/div>\n<\/div>\n<div class=\"x11i5rnm xat24cr x1mh8g0r x1vvkbs xtlvy1s x126k92a\">\n<div dir=\"auto\">Pflegefamilien nehmen Kinder und Jugendliche bei sich zu Hause auf, wenn diese nicht mehr bei ihren \u201erichtigen\u201c Eltern leben k\u00f6nnen. Wie es dazu kommt, dass Kinder ein neues Zuhause brauchen, ist sehr unterschiedlich. Pflegefamilien \u201epflegen\u201c die Kinder nicht nur k\u00f6rperlich (z.B. gesunde Ern\u00e4hrung, K\u00f6rperhygiene, neue Kleidung), sondern bieten einen Schutzraum mit Liebe, W\u00e4rme und Entfaltungsm\u00f6glichkeit. Es gibt verschiedene Pflegeformen, d.h. einige Kinder bleiben \u00fcber l\u00e4ngere Zeit in ihrer Pflegefamilie, w\u00e4hrend andere Kinder geplant \u201enur\u201c einige Wochen oder Monate in der Pflegefamilie bleiben.<\/div>\n<div dir=\"auto\">In sogenannten \u201eGastfamilien\u201c finden gefl\u00fcchtete Jugendliche ein neues Zuhause. Neben der kritischen Situation in ihren Herkunftsl\u00e4ndern haben sie eine lange und beschwerliche Flucht nach Deutschland hinter sich. Sie ben\u00f6tigen einen sicheren Schutzraum und Unterst\u00fctzung im Alltag.<\/div>\n<div dir=\"auto\">Leider ist es so, dass sehr viel mehr Kinder und Jugendliche ein neues Zuhause suchen, als es Pflege- bzw. Gastfamilien gibt. Daher unser Aufruf: Wir suchen Paare und Singles (m, w, d), jung und alt, die neben einem gro\u00dfen Herzen auch zeitliche und r\u00e4umliche Ressourcen mitbringen, finanziell eigenst\u00e4ndig sind und selbst stabil im Leben stehen und sich vorstellen k\u00f6nnen, Kindern oder Jugendlichen in Not zu helfen.<\/div>\n<div dir=\"auto\">M\u00f6chtest Du mehr dar\u00fcber erfahren? Dann schaue doch auf <a class=\"x1i10hfl xjbqb8w x1ejq31n xd10rxx x1sy0etr x17r0tee x972fbf xcfux6l x1qhh985 xm0m39n x9f619 x1ypdohk xt0psk2 xe8uvvx xdj266r x11i5rnm xat24cr x1mh8g0r xexx8yu x4uap5 x18d9i69 xkhd6sd x16tdsg8 x1hl2dhg xggy1nq x1a2a7pz xt0b8zv x1fey0fg\" tabindex=\"0\" role=\"link\" href=\"https:\/\/l.facebook.com\/l.php?u=http%3A%2F%2Fwww.pflegefamiliewerden.de%2F%3Ffbclid%3DIwAR0t9CNJB3Z5jelD42mouqD-ApyJ9ZrabH-qXq7kIYFUdrguUb1R9JGCTDk&amp;h=AT1uGlu2KNzKpagRM_fGpEu4AitUzbOB3zPdr6U62i3-KF36ltQakeMPVnsFst0TkUq1KNjTdH4PpUwBUcxhTz3t85xE4qk0dkDjlkCidt2_s9AWKn5KQrK3z9qz3RuXTQb19JaT4xKTNXpPwx7F&amp;__tn__=-UK-R&amp;c[0]=AT0mJQ3w4NR-f4pLBHZQ-_UxHICb9-jUZPUq7iD7vKZCLKyFd1yDyBG1WfknsnjF4wxq_qfrex8gq1g1Xlggk3GVL-ZvMv7-2hPwm291q7hIYrbteS0PSe0rwBnaiIvJ5BO1KroaikldTmpUQ1-kZo6sHtXbHsGN-Y1SHsbA5vMf8pTA-A\" target=\"_blank\" rel=\"nofollow noopener noreferrer\">http:\/\/www.pflegefamiliewerden.de\/<\/a> vorbei oder Du kommst einfach zu einem unserer unverbindlichen online-Infoveranstaltungen. Zu den Terminen und zur Anmeldung geht es hier entlang: <a class=\"x1i10hfl xjbqb8w x1ejq31n xd10rxx x1sy0etr x17r0tee x972fbf xcfux6l x1qhh985 xm0m39n x9f619 x1ypdohk xt0psk2 xe8uvvx xdj266r x11i5rnm xat24cr x1mh8g0r xexx8yu x4uap5 x18d9i69 xkhd6sd x16tdsg8 x1hl2dhg xggy1nq x1a2a7pz xt0b8zv x1fey0fg\" tabindex=\"0\" role=\"link\" href=\"https:\/\/l.facebook.com\/l.php?u=https%3A%2F%2Fwww.pflegefamiliewerden.de%2Ftermine%2F%3Ffbclid%3DIwAR1s1BMjO5izy7Wi8oBR4xqVkpnHmGNXA1RgQvHhBe36Ggia15mwPcZT7R4&amp;h=AT0c-igB4TLkNKO2vQKm8P863tltVCjA6EdfelrNDSiVcQiqcTMjRPdKm4AEhLmxM8CyakOWKtz10obBWRCOMaMFxsi93B6zzTsblRljJivyJCV8oETNj2claDBReJhHRupSbChisPvncQ7nGeA1&amp;__tn__=-UK-R&amp;c[0]=AT0mJQ3w4NR-f4pLBHZQ-_UxHICb9-jUZPUq7iD7vKZCLKyFd1yDyBG1WfknsnjF4wxq_qfrex8gq1g1Xlggk3GVL-ZvMv7-2hPwm291q7hIYrbteS0PSe0rwBnaiIvJ5BO1KroaikldTmpUQ1-kZo6sHtXbHsGN-Y1SHsbA5vMf8pTA-A\" target=\"_blank\" rel=\"nofollow noopener noreferrer\">https:\/\/www.pflegefamiliewerden.de\/termine\/<\/a><\/div>\n<div dir=\"auto\"><\/div>\n<div dir=\"auto\"><img decoding=\"async\" class=\"x1bwycvy x193iq5w x4fas0m x19kjcj4\" src=\"https:\/\/scontent-ham3-1.xx.fbcdn.net\/v\/t39.30808-6\/426751650_326632907034675_4665574478080923145_n.jpg?_nc_cat=103&amp;ccb=1-7&amp;_nc_sid=3635dc&amp;_nc_ohc=GbcyC8gM0FUAX_W4qRe&amp;_nc_ht=scontent-ham3-1.xx&amp;oh=00_AfCUQD69Xqf39ddC3CiTwJpk1uRva0K3lp5fbAUNhsDLTA&amp;oe=65CA9411\" alt=\"Ist m\u00f6glicherweise ein Bild von 9 Personen und Text \u201eWIR SUCHEN PFLEGEELTERN UND GASTFAMILIEN pflegefamiliewerden.de\u201c\" data-visualcompletion=\"media-vc-image\" \/><\/div>\n<div dir=\"auto\">(<a href=\"https:\/\/www.facebook.com\/photo\/?fbid=326632913701341&amp;set=pcb.326635827034383\">https:\/\/www.facebook.com\/photo\/?fbid=326632913701341&amp;set=pcb.326635827034383<\/a>)<\/div>\n<\/div>\n<\/div>\n<\/div>\n<\/div>\n<\/div>\n<\/blockquote>\n","protected":false},"excerpt":{"rendered":"<p>(Quelle: https:\/\/www.facebook.com\/jugendhilfesuedniedersachsen\/posts\/pfbid0jzMMi5LqV4zKF5ChKLn74LJG2aNgvss1UKx193YfknHJQdLPWuwrGvDonhzC2VzVl) Jugendhilfe S\u00fcd-Niedersachsen \ud835\udde3\ud835\uddf3\ud835\uddf9\ud835\uddf2\ud835\uddf4\ud835\uddf2- \ud835\ude02\ud835\uddfb\ud835\uddf1 \ud835\uddda\ud835\uddee\ud835\ude00\ud835\ude01\ud835\uddf3\ud835\uddee\ud835\uddfa\ud835\uddf6\ud835\uddf9\ud835\uddf6\ud835\uddf2\ud835\uddfb \ud835\uddf4\ud835\uddf2\ud835\ude00\ud835\ude02\ud835\uddf0\ud835\uddf5\ud835\ude01! Pflegefamilien nehmen Kinder und Jugendliche bei sich zu Hause auf, wenn diese nicht mehr bei ihren \u201erichtigen\u201c Eltern leben k\u00f6nnen. Wie es dazu kommt, dass Kinder ein neues Zuhause brauchen, ist sehr unterschiedlich. Pflegefamilien \u201epflegen\u201c die Kinder nicht nur k\u00f6rperlich (z.B. gesunde Ern\u00e4hrung, K\u00f6rperhygiene, neue Kleidung), sondern &#8230; <a title=\"Jugendhilfe S\u00fcd-Niedersachsen: \ud835\udde3\ud835\uddf3\ud835\uddf9\ud835\uddf2\ud835\uddf4\ud835\uddf2- \ud835\ude02\ud835\uddfb\ud835\uddf1 \ud835\uddda\ud835\uddee\ud835\ude00\ud835\ude01\ud835\uddf3\ud835\uddee\ud835\uddfa\ud835\uddf6\ud835\uddf9\ud835\uddf6\ud835\uddf2\ud835\uddfb \ud835\uddf4\ud835\uddf2\ud835\ude00\ud835\ude02\ud835\uddf0\ud835\uddf5\ud835\ude01!\" class=\"read-more\" href=\"https:\/\/rt-europaallee.de\/wordpress\/2024\/02\/jugendhilfe-sued-niedersachsen-%f0%9d%97%a3%f0%9d%97%b3%f0%9d%97%b9%f0%9d%97%b2%f0%9d%97%b4%f0%9d%97%b2-%f0%9d%98%82%f0%9d%97%bb%f0%9d%97%b1-%f0%9d%97%9a%f0%9d%97%ae%f0%9d%98%80%f0%9d%98%81\/\" aria-label=\"Mehr Informationen \u00fcber Jugendhilfe S\u00fcd-Niedersachsen: \ud835\udde3\ud835\uddf3\ud835\uddf9\ud835\uddf2\ud835\uddf4\ud835\uddf2- \ud835\ude02\ud835\uddfb\ud835\uddf1 \ud835\uddda\ud835\uddee\ud835\ude00\ud835\ude01\ud835\uddf3\ud835\uddee\ud835\uddfa\ud835\uddf6\ud835\uddf9\ud835\uddf6\ud835\uddf2\ud835\uddfb \ud835\uddf4\ud835\uddf2\ud835\ude00\ud835\ude02\ud835\uddf0\ud835\uddf5\ud835\ude01!\">Weiterlesen<\/a><\/p>\n","protected":false},"author":3,"featured_media":0,"comment_status":"closed","ping_status":"open","sticky":false,"template":"","format":"standard","meta":{"footnotes":""},"categories":[1],"tags":[],"class_list":["post-15518","post","type-post","status-publish","format-standard","hentry","category-allgemein"],"_links":{"self":[{"href":"https:\/\/rt-europaallee.de\/wordpress\/wp-json\/wp\/v2\/posts\/15518","targetHints":{"allow":["GET"]}}],"collection":[{"href":"https:\/\/rt-europaallee.de\/wordpress\/wp-json\/wp\/v2\/posts"}],"about":[{"href":"https:\/\/rt-europaallee.de\/wordpress\/wp-json\/wp\/v2\/types\/post"}],"author":[{"embeddable":true,"href":"https:\/\/rt-europaallee.de\/wordpress\/wp-json\/wp\/v2\/users\/3"}],"replies":[{"embeddable":true,"href":"https:\/\/rt-europaallee.de\/wordpress\/wp-json\/wp\/v2\/comments?post=15518"}],"version-history":[{"count":1,"href":"https:\/\/rt-europaallee.de\/wordpress\/wp-json\/wp\/v2\/posts\/15518\/revisions"}],"predecessor-version":[{"id":15519,"href":"https:\/\/rt-europaallee.de\/wordpress\/wp-json\/wp\/v2\/posts\/15518\/revisions\/15519"}],"wp:attachment":[{"href":"https:\/\/rt-europaallee.de\/wordpress\/wp-json\/wp\/v2\/media?parent=15518"}],"wp:term":[{"taxonomy":"category","embeddable":true,"href":"https:\/\/rt-europaallee.de\/wordpress\/wp-json\/wp\/v2\/categories?post=15518"},{"taxonomy":"post_tag","embeddable":true,"href":"https:\/\/rt-europaallee.de\/wordpress\/wp-json\/wp\/v2\/tags?post=15518"}],"curies":[{"name":"wp","href":"https:\/\/api.w.org\/{rel}","templated":true}]}}