{"id":15541,"date":"2024-02-16T14:05:38","date_gmt":"2024-02-16T13:05:38","guid":{"rendered":"http:\/\/rt-europaallee.org\/wordpress\/?p=15541"},"modified":"2024-02-16T14:05:38","modified_gmt":"2024-02-16T13:05:38","slug":"cheltenhampark-arbeiten-zur-umgestaltung-beginnen","status":"publish","type":"post","link":"https:\/\/rt-europaallee.de\/wordpress\/2024\/02\/cheltenhampark-arbeiten-zur-umgestaltung-beginnen\/","title":{"rendered":"Cheltenhampark: Arbeiten zur Umgestaltung beginnen"},"content":{"rendered":"<p>(Quelle: <a href=\"https:\/\/www.goettingen.de\/portal\/meldungen\/cheltenhampark-arbeiten-zur-umgestaltung-beginnen-900002648-25480.html?rubrik=900000003\">https:\/\/www.goettingen.de\/portal\/meldungen\/cheltenhampark-arbeiten-zur-umgestaltung-beginnen-900002648-25480.html?rubrik=900000003<\/a>)<\/p>\n<blockquote>\n<div id=\"middle_center\">\n<div id=\"content\" role=\"main\">\n<div id=\"content_in\">\n<div id=\"nolis_content\">\n<div id=\"nolis_content_heading\" class=\"nolis_eigene_seite kontrast-bg\">\n<div id=\"nolis_content_site\" class=\"nolis_content_site\">\n<div class=\"print_href print_abbr\">\n<div class=\"template1\">\n<div class=\"platz platz1\">\n<div class=\"rahmen\">\n<div class=\"fusstext fusstext_oben\">\n<h3><span class=\"create\">16.02.2024<\/span><\/h3>\n<h3><span style=\"font-size: 30px;\">Cheltenhampark: Arbeiten zur Umgestaltung beginnen<\/span><\/h3>\n<\/div>\n<div><\/div>\n<div class=\"innen\">\n<div id=\"nolis_content_site\" class=\"nolis_content_site\">\n<p class=\"anreisser_detail\"><strong>In den kommenden Tagen und Wochen beginnen die ersten Arbeiten zur Umgestaltung des Cheltenhamparks. Dabei kommt es zeitweise zu Einschr\u00e4nkungen und Sperrungen im Park.<\/strong><\/p>\n<div class=\"print_href print_abbr\">\n<div class=\"template1\">\n<div class=\"platz platz1\">\n<div class=\"rahmen\">\n<div class=\"innen\">\n<p>Im Bereich des Stadthallengartens werden zur Vorbereitung der Umgestaltung erste Schnitt- und Rodungsma\u00dfnahmen durchgef\u00fchrt. Die weiteren Arbeiten in diesem Bereich erfolgen im Sommer und Herbst. Die Notwendigkeit f\u00fcr die vorzeitigen Ma\u00dfnahmen ergibt sich aus dem Artenschutz. Aufgrund der anstehenden Nist- und Brutzeit von V\u00f6geln sind R\u00fcckschnitte nur bis zum 29. Februar erlaubt. Die Arbeiten k\u00f6nnen zu vor\u00fcbergehenden Einschr\u00e4nkungen in der Nutzung der Gr\u00fcnfl\u00e4chen f\u00fchren.<\/p>\n<p>\u201eDer Schutz der Artenvielfalt genie\u00dft h\u00f6chste Priorit\u00e4t,\u201c so Umweltdezernent Frithjof Look, \u201edeshalb sind die Schnitt- und Rodungsarbeiten rechtzeitig durchzuf\u00fchren. Ich freue mich, dass die Arbeiten zur Umgestaltung des Cheltenhamparks nun beginnen.\u201c<\/p>\n<h4>Mauersanierung am Schw\u00e4nchenteich<\/h4>\n<p>Noch im ersten Quartal dieses Jahres wird au\u00dferdem mit der Sanierung der historischen Mauer am Schw\u00e4nchenteich begonnen. Ziel ist, die Mauersanierung im August abzuschlie\u00dfen. Das historische Gel\u00e4nder am Teich wird abgebaut und ebenfalls \u00fcberarbeitet. Im Zuge der Arbeiten an der Mauer und dem Gel\u00e4nder wird es am Teichweg zu einer Sperrung kommen. Eine Umleitung f\u00fcr den Fu\u00df- und Radverkehr wird f\u00fcr den Zeitraum der Ma\u00dfnahme ausgeschildert.<\/p>\n<p>Die Entwurfsplanung des Cheltenhamparks befindet sich derzeit in der baufachlichen Pr\u00fcfung durch den F\u00f6rdermittelgeber. Parallel dazu arbeitet das Planungsb\u00fcro Querfeldeins bereits an der Detailplanung. Nach positivem Bescheid des F\u00f6rdermittelgebers kann die Umsetzung der weiteren Ma\u00dfnahmen konkretisiert werden.<\/p>\n<p>Der Cheltenhampark wird mit <a class=\"link_aktuelles nolis-link-intern\" title=\"Bund f\u00f6rdert Sanierung des Cheltenhamparks mit drei Millionen Euro\" href=\"https:\/\/www.goettingen.de\/portal\/meldungen\/bund-foerdert-sanierung-des-cheltenhamparks-mit-drei-millionen-euro-900000289-25480.html?rubrik=900000003\" target=\"_self\" rel=\"noopener\">F\u00f6rdermitteln des Bundes<\/a> aufgewertet. Weitere Informationen zum Verlauf und zu den Planungen der Umgestaltung finden sich auf der Projektseite <a class=\"link_seite nolis-link-intern\" title=\"Cheltenhampark\" href=\"https:\/\/www.goettingen.de\/portal\/seiten\/cheltenhampark-900000984-25480.html?rubrik=900000002\" target=\"_self\" rel=\"noopener\">goe.de\/cheltenhampark<\/a>.<\/p>\n<\/div>\n<\/div>\n<\/div>\n<\/div>\n<\/div>\n<\/div>\n<\/div>\n<\/div>\n<\/div>\n<\/div>\n<\/div>\n<\/div>\n<\/div>\n<\/div>\n<\/div>\n<\/div>\n<\/div>\n<\/blockquote>\n","protected":false},"excerpt":{"rendered":"<p>(Quelle: https:\/\/www.goettingen.de\/portal\/meldungen\/cheltenhampark-arbeiten-zur-umgestaltung-beginnen-900002648-25480.html?rubrik=900000003) 16.02.2024 Cheltenhampark: Arbeiten zur Umgestaltung beginnen In den kommenden Tagen und Wochen beginnen die ersten Arbeiten zur Umgestaltung des Cheltenhamparks. Dabei kommt es zeitweise zu Einschr\u00e4nkungen und Sperrungen im Park. Im Bereich des Stadthallengartens werden zur Vorbereitung der Umgestaltung erste Schnitt- und Rodungsma\u00dfnahmen durchgef\u00fchrt. Die weiteren Arbeiten in diesem Bereich erfolgen im Sommer &#8230; <a title=\"Cheltenhampark: Arbeiten zur Umgestaltung beginnen\" class=\"read-more\" href=\"https:\/\/rt-europaallee.de\/wordpress\/2024\/02\/cheltenhampark-arbeiten-zur-umgestaltung-beginnen\/\" aria-label=\"Mehr Informationen \u00fcber Cheltenhampark: Arbeiten zur Umgestaltung beginnen\">Weiterlesen<\/a><\/p>\n","protected":false},"author":3,"featured_media":0,"comment_status":"closed","ping_status":"open","sticky":false,"template":"","format":"standard","meta":{"footnotes":""},"categories":[1],"tags":[],"class_list":["post-15541","post","type-post","status-publish","format-standard","hentry","category-allgemein"],"_links":{"self":[{"href":"https:\/\/rt-europaallee.de\/wordpress\/wp-json\/wp\/v2\/posts\/15541","targetHints":{"allow":["GET"]}}],"collection":[{"href":"https:\/\/rt-europaallee.de\/wordpress\/wp-json\/wp\/v2\/posts"}],"about":[{"href":"https:\/\/rt-europaallee.de\/wordpress\/wp-json\/wp\/v2\/types\/post"}],"author":[{"embeddable":true,"href":"https:\/\/rt-europaallee.de\/wordpress\/wp-json\/wp\/v2\/users\/3"}],"replies":[{"embeddable":true,"href":"https:\/\/rt-europaallee.de\/wordpress\/wp-json\/wp\/v2\/comments?post=15541"}],"version-history":[{"count":1,"href":"https:\/\/rt-europaallee.de\/wordpress\/wp-json\/wp\/v2\/posts\/15541\/revisions"}],"predecessor-version":[{"id":15542,"href":"https:\/\/rt-europaallee.de\/wordpress\/wp-json\/wp\/v2\/posts\/15541\/revisions\/15542"}],"wp:attachment":[{"href":"https:\/\/rt-europaallee.de\/wordpress\/wp-json\/wp\/v2\/media?parent=15541"}],"wp:term":[{"taxonomy":"category","embeddable":true,"href":"https:\/\/rt-europaallee.de\/wordpress\/wp-json\/wp\/v2\/categories?post=15541"},{"taxonomy":"post_tag","embeddable":true,"href":"https:\/\/rt-europaallee.de\/wordpress\/wp-json\/wp\/v2\/tags?post=15541"}],"curies":[{"name":"wp","href":"https:\/\/api.w.org\/{rel}","templated":true}]}}