{"id":15555,"date":"2024-02-19T15:54:13","date_gmt":"2024-02-19T14:54:13","guid":{"rendered":"http:\/\/rt-europaallee.org\/wordpress\/?p=15555"},"modified":"2024-02-19T15:54:13","modified_gmt":"2024-02-19T14:54:13","slug":"stadt-goettingen-quartier-weender-strasse-kornmarkt-geht-an-den-start","status":"publish","type":"post","link":"https:\/\/rt-europaallee.de\/wordpress\/2024\/02\/stadt-goettingen-quartier-weender-strasse-kornmarkt-geht-an-den-start\/","title":{"rendered":"Stadt G\u00f6ttingen: Quartier Weender Stra\u00dfe\/Kornmarkt geht an den Start"},"content":{"rendered":"<p>(Quelle: <a href=\"https:\/\/www.goettingen.de\/portal\/meldungen\/quartier-weender-strasse-kornmarkt-geht-an-den-start-900002655-25480.html?rubrik=900000003\">https:\/\/www.goettingen.de\/portal\/meldungen\/quartier-weender-strasse-kornmarkt-geht-an-den-start-900002655-25480.html?rubrik=900000003<\/a>)<\/p>\n<blockquote>\n<div class=\"fusstext fusstext_oben\"><span class=\"create\">19.02.2024<\/span><\/p>\n<div><\/div>\n<\/div>\n<h3 class=\"kontrast-bild\">Quartier Weender Stra\u00dfe\/Kornmarkt geht an den Start<\/h3>\n<div id=\"nolis_content_site\" class=\"nolis_content_site\">\n<p class=\"anreisser_detail\"><strong>Der Rat der Stadt G\u00f6ttingen hat in seiner Sitzung am Freitag, 16. Februar 2024, die Satzung f\u00fcr das Quartier \u201eWeender Stra\u00dfe \/ Kornmarkt\u201c beschlossen. Damit wird in der G\u00f6ttinger Innenstadt landesweit das erste Quartier errichtet, das nach dem Nieders\u00e4chsischen Quartiersgesetz aufgewertet wird.<\/strong><\/p>\n<div class=\"print_href print_abbr\">\n<div class=\"template1\">\n<div class=\"platz platz1\">\n<div class=\"rahmen\">\n<div class=\"innen\">\n<p>Mit Inkrafttreten der <a class=\"link_aktuelles nolis-link-intern\" title=\"Quartier Weender Stra\u00dfe\/Kornmarkt auf dem Weg\" href=\"https:\/\/www.goettingen.de\/portal\/meldungen\/quartier-weender-strasse-kornmarkt-auf-dem-weg-900002554-25480.html?rubrik=900000003\" target=\"_self\" rel=\"noopener\">Satzung<\/a> zum 1. April 2024 kann der F\u00f6rderverein Weender Stra\u00dfe \/ Kornmarkt e. V. als Tr\u00e4ger der Ma\u00dfnahmen seine Arbeit aufnehmen. Ziel des <a class=\"link_seite nolis-link-intern\" title=\"Quartier nach dem Nieders\u00e4chsischen Quartiersgesetz\" href=\"https:\/\/www.goettingen.de\/portal\/seiten\/quartier-nach-dem-niedersaechsischen-quartiersgesetz-900001141-25480.html?rubrik=900000006\" target=\"_self\" rel=\"noopener\">Projektes<\/a> mit einer Laufzeit von f\u00fcnf Jahren ist es, die Innenstadt als Erlebnis-, Begegnungs,- und Wirtschaftsstandort zu st\u00e4rken.<\/p>\n<\/div>\n<\/div>\n<\/div>\n<\/div>\n<\/div>\n<\/div>\n<\/blockquote>\n","protected":false},"excerpt":{"rendered":"<p>(Quelle: https:\/\/www.goettingen.de\/portal\/meldungen\/quartier-weender-strasse-kornmarkt-geht-an-den-start-900002655-25480.html?rubrik=900000003) 19.02.2024 Quartier Weender Stra\u00dfe\/Kornmarkt geht an den Start Der Rat der Stadt G\u00f6ttingen hat in seiner Sitzung am Freitag, 16. Februar 2024, die Satzung f\u00fcr das Quartier \u201eWeender Stra\u00dfe \/ Kornmarkt\u201c beschlossen. Damit wird in der G\u00f6ttinger Innenstadt landesweit das erste Quartier errichtet, das nach dem Nieders\u00e4chsischen Quartiersgesetz aufgewertet wird. Mit Inkrafttreten der &#8230; <a title=\"Stadt G\u00f6ttingen: Quartier Weender Stra\u00dfe\/Kornmarkt geht an den Start\" class=\"read-more\" href=\"https:\/\/rt-europaallee.de\/wordpress\/2024\/02\/stadt-goettingen-quartier-weender-strasse-kornmarkt-geht-an-den-start\/\" aria-label=\"Mehr Informationen \u00fcber Stadt G\u00f6ttingen: Quartier Weender Stra\u00dfe\/Kornmarkt geht an den Start\">Weiterlesen<\/a><\/p>\n","protected":false},"author":3,"featured_media":0,"comment_status":"closed","ping_status":"open","sticky":false,"template":"","format":"standard","meta":{"footnotes":""},"categories":[1],"tags":[],"class_list":["post-15555","post","type-post","status-publish","format-standard","hentry","category-allgemein"],"_links":{"self":[{"href":"https:\/\/rt-europaallee.de\/wordpress\/wp-json\/wp\/v2\/posts\/15555","targetHints":{"allow":["GET"]}}],"collection":[{"href":"https:\/\/rt-europaallee.de\/wordpress\/wp-json\/wp\/v2\/posts"}],"about":[{"href":"https:\/\/rt-europaallee.de\/wordpress\/wp-json\/wp\/v2\/types\/post"}],"author":[{"embeddable":true,"href":"https:\/\/rt-europaallee.de\/wordpress\/wp-json\/wp\/v2\/users\/3"}],"replies":[{"embeddable":true,"href":"https:\/\/rt-europaallee.de\/wordpress\/wp-json\/wp\/v2\/comments?post=15555"}],"version-history":[{"count":1,"href":"https:\/\/rt-europaallee.de\/wordpress\/wp-json\/wp\/v2\/posts\/15555\/revisions"}],"predecessor-version":[{"id":15556,"href":"https:\/\/rt-europaallee.de\/wordpress\/wp-json\/wp\/v2\/posts\/15555\/revisions\/15556"}],"wp:attachment":[{"href":"https:\/\/rt-europaallee.de\/wordpress\/wp-json\/wp\/v2\/media?parent=15555"}],"wp:term":[{"taxonomy":"category","embeddable":true,"href":"https:\/\/rt-europaallee.de\/wordpress\/wp-json\/wp\/v2\/categories?post=15555"},{"taxonomy":"post_tag","embeddable":true,"href":"https:\/\/rt-europaallee.de\/wordpress\/wp-json\/wp\/v2\/tags?post=15555"}],"curies":[{"name":"wp","href":"https:\/\/api.w.org\/{rel}","templated":true}]}}