{"id":15566,"date":"2024-02-25T11:36:04","date_gmt":"2024-02-25T10:36:04","guid":{"rendered":"http:\/\/rt-europaallee.org\/wordpress\/?p=15566"},"modified":"2024-02-25T11:36:04","modified_gmt":"2024-02-25T10:36:04","slug":"hna-moegliche-schliessung-von-goettinger-karstadt-haette-fatale-folgen","status":"publish","type":"post","link":"https:\/\/rt-europaallee.de\/wordpress\/2024\/02\/hna-moegliche-schliessung-von-goettinger-karstadt-haette-fatale-folgen\/","title":{"rendered":"HNA: M\u00f6gliche Schlie\u00dfung von G\u00f6ttinger Karstadt h\u00e4tte \u201efatale Folgen\u201c"},"content":{"rendered":"<p>(Quelle: <a href=\"https:\/\/www.hna.de\/lokales\/goettingen\/goettingen-ort28741\/moegliche-schliessung-von-goettinger-karstadt-haette-fatale-folgen-92850695.html\">https:\/\/www.hna.de\/lokales\/goettingen\/goettingen-ort28741\/moegliche-schliessung-von-goettinger-karstadt-haette-fatale-folgen-92850695.html<\/a>)<\/p>\n<blockquote>\n<h1 class=\"id-StoryElement-headline\">M\u00f6gliche Schlie\u00dfung von G\u00f6ttinger Karstadt h\u00e4tte \u201efatale Folgen\u201c<\/h1>\n<p class=\"id-Story-timestamp id-Story-timestamp--default\"><span class=\"id-Story-timestamp-content\"><span class=\"id-Story-timestamp-content-prefix\">Stand: <\/span><time datetime=\"2024-02-23 18:00\">23.02.2024, 18:00 Uhr<\/time><\/span><\/p>\n<p class=\"id-Story-authors id-Story-authors--default\"><span class=\"id-Story-authors-by\">Von: <\/span><a class=\"id-Story-authors-link lp_west_author\" title=\"Zur Autorenseite von Thomas Kopietz\" href=\"https:\/\/www.hna.de\/autoren\/707\/\" data-id-ec=\"{&quot;shn&quot;:&quot;Story&quot;,&quot;sht&quot;:&quot;Container&quot;,&quot;p&quot;:{&quot;containerType&quot;:&quot;Authors&quot;,&quot;displayType&quot;:&quot;Autoren-Link&quot;,&quot;type&quot;:&quot;INSERTED_AUTHORS&quot;,&quot;value&quot;:&quot;Thomas Kopietz&quot;,&quot;position&quot;:&quot;1&quot;,&quot;storyElementPosition&quot;:&quot;4&quot;,&quot;storyElementCount&quot;:&quot;44&quot;}}\" data-k5a-pos=\"west_author\" data-id-em=\"1\">Thomas Kopietz<\/a><\/p>\n<figure class=\"id-StoryElement-image\">\n<div class=\"id-RatioPlaceholder\"><img loading=\"lazy\" decoding=\"async\" class=\"id-RatioPlaceholder-element wv_story_el_image\" src=\"https:\/\/www.hna.de\/assets\/images\/33\/878\/33878059-wie-geht-es-weiter-galeria-karstadt-kaufhof-in-goettingen-das-haus-an-der-groner-strasse-hat-eine-nutzflaeche-von-mehr-als-10-000-quadratmetern-die-yfe.jpg\" sizes=\"auto, (min-width: 769px) 768px, 100vw\" srcset=\"https:\/\/www.hna.de\/assets\/images\/33\/878\/33878059-wie-geht-es-weiter-galeria-karstadt-kaufhof-in-goettingen-das-haus-an-der-groner-strasse-hat-eine-nutzflaeche-von-mehr-als-10-000-quadratmetern-die-yb6.jpg 448w,https:\/\/www.hna.de\/assets\/images\/33\/878\/33878059-wie-geht-es-weiter-galeria-karstadt-kaufhof-in-goettingen-das-haus-an-der-groner-strasse-hat-eine-nutzflaeche-von-mehr-als-10-000-quadratmetern-die-y70.jpg 768w,https:\/\/www.hna.de\/assets\/images\/33\/878\/33878059-wie-geht-es-weiter-galeria-karstadt-kaufhof-in-goettingen-das-haus-an-der-groner-strasse-hat-eine-nutzflaeche-von-mehr-als-10-000-quadratmetern-die-yfe.jpg 1100w,https:\/\/www.hna.de\/assets\/images\/33\/878\/33878059-wie-geht-es-weiter-galeria-karstadt-kaufhof-in-goettingen-das-haus-an-der-groner-strasse-hat-eine-nutzflaeche-von-mehr-als-10-000-quadratmetern-die-y7a.jpg 1408w,https:\/\/www.hna.de\/assets\/images\/33\/878\/33878059-wie-geht-es-weiter-galeria-karstadt-kaufhof-in-goettingen-das-haus-an-der-groner-strasse-hat-eine-nutzflaeche-von-mehr-als-10-000-quadratmetern-die-yMH.jpg 1600w\" alt=\"Wie geht es weiter? Galeria Karstadt Kaufhof in G\u00f6ttingen \u2013 das Haus an der Groner Stra\u00dfe hat eine Nutzfl\u00e4che von mehr als 10 000 Quadratmetern \u2013 die Zukunft des Kaufhauses ist ungewiss.\" width=\"1100\" height=\"619\" \/><\/div><figcaption class=\"id-StoryElement-image-caption\">Wie geht es weiter? Galeria Karstadt Kaufhof in G\u00f6ttingen \u2013 das Haus an der Groner Stra\u00dfe hat eine Nutzfl\u00e4che von mehr als 10 000 Quadratmetern \u2013 die Zukunft des Kaufhauses ist ungewiss. \u00a9\u00a0Thomas Kopietz<\/p>\n<\/figcaption><\/figure>\n<p>Die Belegschaft der Warenhauskette Galeria Karstadt Kaufhof \u2013 auch in G\u00f6ttingen \u2013 muss erneut zittern. Seit dem 9. Januar liegt der Insolvenzantrag am Amtsgericht Essen vor.<\/p>\n<h3>&#8230;<\/h3>\n<\/blockquote>\n","protected":false},"excerpt":{"rendered":"<p>(Quelle: https:\/\/www.hna.de\/lokales\/goettingen\/goettingen-ort28741\/moegliche-schliessung-von-goettinger-karstadt-haette-fatale-folgen-92850695.html) M\u00f6gliche Schlie\u00dfung von G\u00f6ttinger Karstadt h\u00e4tte \u201efatale Folgen\u201c Stand: 23.02.2024, 18:00 Uhr Von: Thomas Kopietz Wie geht es weiter? Galeria Karstadt Kaufhof in G\u00f6ttingen \u2013 das Haus an der Groner Stra\u00dfe hat eine Nutzfl\u00e4che von mehr als 10 000 Quadratmetern \u2013 die Zukunft des Kaufhauses ist ungewiss. \u00a9\u00a0Thomas Kopietz Die Belegschaft der Warenhauskette &#8230; <a title=\"HNA: M\u00f6gliche Schlie\u00dfung von G\u00f6ttinger Karstadt h\u00e4tte \u201efatale Folgen\u201c\" class=\"read-more\" href=\"https:\/\/rt-europaallee.de\/wordpress\/2024\/02\/hna-moegliche-schliessung-von-goettinger-karstadt-haette-fatale-folgen\/\" aria-label=\"Mehr Informationen \u00fcber HNA: M\u00f6gliche Schlie\u00dfung von G\u00f6ttinger Karstadt h\u00e4tte \u201efatale Folgen\u201c\">Weiterlesen<\/a><\/p>\n","protected":false},"author":3,"featured_media":0,"comment_status":"closed","ping_status":"open","sticky":false,"template":"","format":"standard","meta":{"footnotes":""},"categories":[1],"tags":[],"class_list":["post-15566","post","type-post","status-publish","format-standard","hentry","category-allgemein"],"_links":{"self":[{"href":"https:\/\/rt-europaallee.de\/wordpress\/wp-json\/wp\/v2\/posts\/15566","targetHints":{"allow":["GET"]}}],"collection":[{"href":"https:\/\/rt-europaallee.de\/wordpress\/wp-json\/wp\/v2\/posts"}],"about":[{"href":"https:\/\/rt-europaallee.de\/wordpress\/wp-json\/wp\/v2\/types\/post"}],"author":[{"embeddable":true,"href":"https:\/\/rt-europaallee.de\/wordpress\/wp-json\/wp\/v2\/users\/3"}],"replies":[{"embeddable":true,"href":"https:\/\/rt-europaallee.de\/wordpress\/wp-json\/wp\/v2\/comments?post=15566"}],"version-history":[{"count":1,"href":"https:\/\/rt-europaallee.de\/wordpress\/wp-json\/wp\/v2\/posts\/15566\/revisions"}],"predecessor-version":[{"id":15567,"href":"https:\/\/rt-europaallee.de\/wordpress\/wp-json\/wp\/v2\/posts\/15566\/revisions\/15567"}],"wp:attachment":[{"href":"https:\/\/rt-europaallee.de\/wordpress\/wp-json\/wp\/v2\/media?parent=15566"}],"wp:term":[{"taxonomy":"category","embeddable":true,"href":"https:\/\/rt-europaallee.de\/wordpress\/wp-json\/wp\/v2\/categories?post=15566"},{"taxonomy":"post_tag","embeddable":true,"href":"https:\/\/rt-europaallee.de\/wordpress\/wp-json\/wp\/v2\/tags?post=15566"}],"curies":[{"name":"wp","href":"https:\/\/api.w.org\/{rel}","templated":true}]}}