{"id":15578,"date":"2024-02-27T16:36:26","date_gmt":"2024-02-27T15:36:26","guid":{"rendered":"http:\/\/rt-europaallee.org\/wordpress\/?p=15578"},"modified":"2024-02-27T16:36:26","modified_gmt":"2024-02-27T15:36:26","slug":"klimawandel-stadt-erarbeitet-erstes-konzept-zur-klimafolgenanpassung","status":"publish","type":"post","link":"https:\/\/rt-europaallee.de\/wordpress\/2024\/02\/klimawandel-stadt-erarbeitet-erstes-konzept-zur-klimafolgenanpassung\/","title":{"rendered":"Klimawandel: Stadt erarbeitet erstes Konzept zur Klimafolgenanpassung"},"content":{"rendered":"<p>(Quelle: <a href=\"https:\/\/www.goettingen.de\/portal\/meldungen\/klimawandel-stadt-erarbeitet-erstes-konzept-zur-klimafolgenanpassung-900002686-25480.html?rubrik=900000002\">https:\/\/www.goettingen.de\/portal\/meldungen\/klimawandel-stadt-erarbeitet-erstes-konzept-zur-klimafolgenanpassung-900002686-25480.html?rubrik=900000002<\/a>)<\/p>\n<blockquote>\n<div class=\"fusstext fusstext_oben\"><span class=\"create\">27.02.2024<\/span><\/p>\n<div><\/div>\n<\/div>\n<h3 class=\"kontrast-bild\">Klimawandel: Stadt erarbeitet erstes Konzept zur Klimafolgenanpassung<\/h3>\n<div id=\"nolis_content_site\" class=\"nolis_content_site\">\n<p class=\"anreisser_detail\"><strong>Hitze, Trockenheit und Starkregen \u2013 jede Kommune ist von den Auswirkungen des Klimawandels betroffen. Klimarisikoanalysen erm\u00f6glichen es, diese Betroffenheit durch D\u00fcrren, Starkregen, Hitzewellen oder St\u00fcrme zu identifizieren und geeignete Ma\u00dfnahmen zur Klimafolgenanpassung zu priorisieren. Seit Anfang 2023 ist das Referat f\u00fcr Nachhaltige Stadtentwicklung der Stadt G\u00f6ttingen bereits mit dem Projekt Stadtwasserhitzeplan dabei, mit dem Klimafolgenanpassungskonzept (KLAK) eine umfangreiche Risikobewertung des Stadtgebietes zur Hitzebelastung und zu Starkregen zu erarbeiten.<\/strong><\/p>\n<div class=\"print_href print_abbr\">\n<div class=\"template1\">\n<div class=\"platz platz1\">\n<div class=\"rahmen\">\n<div class=\"innen\">\n<p>\u201eDas Konzept legt die Grundlagen f\u00fcr eine Klimafolgenanpassung in G\u00f6ttingen\u201c, unterstreicht G\u00f6ttingens Oberb\u00fcrgermeisterin Petra Broistedt, \u201ezugleich nimmt G\u00f6ttingen damit eine Vorreiterrolle ein. Denn das Bundesklimaanpassungsgesetz, das Bund, L\u00e4nder und Kommunen zur Erarbeitung solcher Klimafolgenanpassungsstrategien und -konzepte verpflichtet, wurde erst im November 2023 beschlossen, ohne allerdings die Frage der Finanzierung von infrastrukturellen Ma\u00dfnahmen zu kl\u00e4ren.\u201c Der Entwicklungsstand des G\u00f6ttinger KLAK sei trotz fehlender F\u00f6rderma\u00dfnahmen beispielhaft und solle auch ohne externe finanzielle Unterst\u00fctzung fortgesetzt werden, betont die Oberb\u00fcrgermeisterin.<\/p>\n<p>Im Referat f\u00fcr Nachhaltige Stadtentwicklung werden seit seiner Gr\u00fcndung in 2021 wichtige Strategien wie der Klimaplan G\u00f6ttingen 2030 und jetzt das Klimafolgenanpassungskonzept entwickelt, koordiniert und verwaltungs\u00fcbergreifend gesteuert. Warum es \u00fcberhaupt eines KLAKs bedarf, erl\u00e4utert Nadine Finn, die das Nachhaltigkeitsreferat leitet: \u201eDie Herausforderungen f\u00fcr Kommunen in der Klimakrise sind enorm: Der fortschreitende Klimawandel und seine Ursache m\u00fcssen einged\u00e4mmt, der Aussto\u00df von Treibhausgasen muss reduziert werden. Zugleich m\u00fcssen die unvermeidbaren Folgen, die durch den Klimawandel vor Ort durch Extremwettereignisse bereits sp\u00fcrbar werden, abgemildert werden.\u201c<\/p>\n<h4>KLAK wird Thema im Umweltausschuss<\/h4>\n<p>Die beiden parallel zu bew\u00e4ltigenden kommunalen Aufgaben in der Klimakrise \u2013 die Ursachenbek\u00e4mpfung auf der einen und der vorsorgende Umgang mit den Folgen auf der anderen Seite \u2013 machen zwei getrennte Strategiepapiere notwendig: Den <a class=\"link_katalog nolis-link-extern\" title=\"Klimaplan 2030 (https:\/\/nachhaltigkeit.goettingen.de\/was-macht-die-stadt-\/strategien-und-konzepte\/klimaplan-goettingen-2030\/)\" href=\"https:\/\/nachhaltigkeit.goettingen.de\/was-macht-die-stadt-\/strategien-und-konzepte\/klimaplan-goettingen-2030\/\" target=\"_blank\" rel=\"noopener\">Klimaplan G\u00f6ttingen 2030<\/a> und das KLAK. Im \u00f6ffentlichen Umweltausschuss, der am Dienstag, 27. Februar 2024, um 17.30 Uhr, im Sitzungsraum der G\u00f6ttinger Entsorgungsbetriebe, Rudolf-Wissell-Str. 5, tagt, soll entschieden werden, dass das KLAK das bisherige Handlungsfeld \u201eAn den Klimawandel anpassen\u201c des Klimaplans G\u00f6ttingen 2030 ersetzt. Es soll au\u00dferdem als neues Instrument f\u00fcr die Querschnittsaufgabe Klimafolgenanpassung mit dem Klimaplan G\u00f6ttingen 2030 gleichgesetzt werden. Abschlie\u00dfend wird der Rat der Stadt G\u00f6ttingen am 12. April in \u00f6ffentlicher Sitzung dar\u00fcber entscheiden.<\/p>\n<h4>Das bedeutet Klimafolgenanpassung<\/h4>\n<p>Unter Klimafolgenanpassung werden Strategien und Ma\u00dfnahmen verstanden, die Natur und Gesellschaft gegen\u00fcber den Auswirkungen des Klimawandels, also der zunehmenden Erderhitzung wappnen. Seit Beginn der Industrialisierung bis heute ist die Welt durch den menschengemachten Klimawandel und den Treibhauseffekt bereits um 1,3 Grad hei\u00dfer. Dieser Anstieg der weltweiten Durchschnittstemperatur hat sp\u00fcrbare Konsequenzen, etwa durch immer hei\u00dfere und trockenere Sommer oder Starkregenereignissen mit hohem Schadenspotential. F\u00fcr diese zu beobachtenden Ver\u00e4nderungen entwickelt die Stadt im Rahmen des KLAKs Ma\u00dfnahmen. Das KLAK bezieht jedoch auch mit ein, wie sich diese heute schon messbaren Extreme weiter versch\u00e4rfen k\u00f6nnten. Diese Verkn\u00fcpfung von messbaren und m\u00f6glichen Klimaentwicklungen in der nahen Zukunft, die Einfluss auf die Stadt, Infrastruktur und Gesellschaft haben, ist die Hauptaufgabe des neuen KLAK.<\/p>\n<\/div>\n<\/div>\n<\/div>\n<\/div>\n<\/div>\n<\/div>\n<\/blockquote>\n","protected":false},"excerpt":{"rendered":"<p>(Quelle: https:\/\/www.goettingen.de\/portal\/meldungen\/klimawandel-stadt-erarbeitet-erstes-konzept-zur-klimafolgenanpassung-900002686-25480.html?rubrik=900000002) 27.02.2024 Klimawandel: Stadt erarbeitet erstes Konzept zur Klimafolgenanpassung Hitze, Trockenheit und Starkregen \u2013 jede Kommune ist von den Auswirkungen des Klimawandels betroffen. Klimarisikoanalysen erm\u00f6glichen es, diese Betroffenheit durch D\u00fcrren, Starkregen, Hitzewellen oder St\u00fcrme zu identifizieren und geeignete Ma\u00dfnahmen zur Klimafolgenanpassung zu priorisieren. Seit Anfang 2023 ist das Referat f\u00fcr Nachhaltige Stadtentwicklung der Stadt &#8230; <a title=\"Klimawandel: Stadt erarbeitet erstes Konzept zur Klimafolgenanpassung\" class=\"read-more\" href=\"https:\/\/rt-europaallee.de\/wordpress\/2024\/02\/klimawandel-stadt-erarbeitet-erstes-konzept-zur-klimafolgenanpassung\/\" aria-label=\"Mehr Informationen \u00fcber Klimawandel: Stadt erarbeitet erstes Konzept zur Klimafolgenanpassung\">Weiterlesen<\/a><\/p>\n","protected":false},"author":3,"featured_media":0,"comment_status":"closed","ping_status":"open","sticky":false,"template":"","format":"standard","meta":{"footnotes":""},"categories":[1],"tags":[],"class_list":["post-15578","post","type-post","status-publish","format-standard","hentry","category-allgemein"],"_links":{"self":[{"href":"https:\/\/rt-europaallee.de\/wordpress\/wp-json\/wp\/v2\/posts\/15578","targetHints":{"allow":["GET"]}}],"collection":[{"href":"https:\/\/rt-europaallee.de\/wordpress\/wp-json\/wp\/v2\/posts"}],"about":[{"href":"https:\/\/rt-europaallee.de\/wordpress\/wp-json\/wp\/v2\/types\/post"}],"author":[{"embeddable":true,"href":"https:\/\/rt-europaallee.de\/wordpress\/wp-json\/wp\/v2\/users\/3"}],"replies":[{"embeddable":true,"href":"https:\/\/rt-europaallee.de\/wordpress\/wp-json\/wp\/v2\/comments?post=15578"}],"version-history":[{"count":1,"href":"https:\/\/rt-europaallee.de\/wordpress\/wp-json\/wp\/v2\/posts\/15578\/revisions"}],"predecessor-version":[{"id":15579,"href":"https:\/\/rt-europaallee.de\/wordpress\/wp-json\/wp\/v2\/posts\/15578\/revisions\/15579"}],"wp:attachment":[{"href":"https:\/\/rt-europaallee.de\/wordpress\/wp-json\/wp\/v2\/media?parent=15578"}],"wp:term":[{"taxonomy":"category","embeddable":true,"href":"https:\/\/rt-europaallee.de\/wordpress\/wp-json\/wp\/v2\/categories?post=15578"},{"taxonomy":"post_tag","embeddable":true,"href":"https:\/\/rt-europaallee.de\/wordpress\/wp-json\/wp\/v2\/tags?post=15578"}],"curies":[{"name":"wp","href":"https:\/\/api.w.org\/{rel}","templated":true}]}}