{"id":15596,"date":"2024-03-01T13:41:16","date_gmt":"2024-03-01T12:41:16","guid":{"rendered":"http:\/\/rt-europaallee.org\/wordpress\/?p=15596"},"modified":"2024-03-01T13:41:16","modified_gmt":"2024-03-01T12:41:16","slug":"kampfmittelsondierungen-zwei-neue-verdachtspunkte-auf-dem-schuetzenplatz","status":"publish","type":"post","link":"https:\/\/rt-europaallee.de\/wordpress\/2024\/03\/kampfmittelsondierungen-zwei-neue-verdachtspunkte-auf-dem-schuetzenplatz\/","title":{"rendered":"Kampfmittelsondierungen: Zwei neue Verdachtspunkte auf dem Sch\u00fctzenplatz"},"content":{"rendered":"<p>(Quelle: <a href=\"https:\/\/www.goettingen.de\/portal\/meldungen\/zwei-neue-verdachtspunkte-auf-dem-schuetzenplatz-900002701-25480.html?rubrik=900000003\">https:\/\/www.goettingen.de\/portal\/meldungen\/zwei-neue-verdachtspunkte-auf-dem-schuetzenplatz-900002701-25480.html?rubrik=900000003<\/a>)<\/p>\n<blockquote>\n<div class=\"fusstext fusstext_oben\"><span class=\"create\">01.03.2024<\/span><\/p>\n<div><\/div>\n<\/div>\n<h3 class=\"kontrast-bild\">Zwei neue Verdachtspunkte auf dem Sch\u00fctzenplatz<\/h3>\n<div id=\"nolis_content_site\" class=\"nolis_content_site\">\n<p class=\"anreisser_detail\"><strong>Bei den Kampfmittelsondierungen auf dem Sch\u00fctzenplatz sind zwei neue Verdachtspunkte entdeckt worden. Die Messungen der Fachleute deuten darauf hin, dass es sich um Blindg\u00e4nger von Weltkriegsbomben handeln k\u00f6nnte.<\/strong><\/p>\n<div class=\"print_href print_abbr\">\n<div class=\"template1\">\n<div class=\"platz platz1\">\n<div class=\"rahmen\">\n<div class=\"innen\">\n<p>Das Team der Fachfirma Kampfmittelr\u00e4umung Nord GmbH hat bei den laufenden Fl\u00e4chensondierungen auf dem Sch\u00fctzenplatz die auff\u00e4lligen Messungen ermittelt, die der Kampfmittelbeseitigungsdienst Niedersachsen (KBD) als Blindg\u00e4ngerverdachtspunkte einstuft. Zur Absicherung werden die beiden Punkte mit jeweils acht wassergef\u00fcllten Containern abgedeckt. Die S-Arena kann weiter genutzt werden.<\/p>\n<p>Durch die Abdeckung ist die Gefahr f\u00fcr die Bev\u00f6lkerung zun\u00e4chst gebannt und so kann vermieden werden, dass die Punkte sofort n\u00e4her untersucht werden m\u00fcssen, was eine Evakuierung in der Weststadt notwendig machen w\u00fcrde. Die n\u00e4here Untersuchung geschieht zu einem sp\u00e4teren Zeitpunkt. Inzwischen werden die Sondierungen fortgesetzt und weitere Ergebnisse gesammelt, um bei einem k\u00fcnftigen Kampfmittelbeseitigungseinsatz mehrere Verdachtsf\u00e4lle zusammen eingehend zu pr\u00fcfen und notfalls kontrolliert zu sprengen oder zu entsch\u00e4rfen. So reduziert sich die Zahl der Evakuierungen.<\/p>\n<h4>Fl\u00e4chensondierungen erweisen sich als wichtig<\/h4>\n<p>\u201eDie Verdachtspunkte sind alles andere als erfreulich, aber die Messungen zeigen uns, dass wir mit der Entscheidung, den Sch\u00fctzenplatz im Rahmen einer Fl\u00e4chensondierung vollst\u00e4ndig zu untersuchen, richtig liegen\u201c, erl\u00e4utert der Erste Stadtrat Christian Schmetz, unter dessen Leitung alle Kampfmittelbeseitigungsma\u00dfnahmen erfolgen, \u201eauf diese Weise sind die Fachleute auf m\u00f6gliche Blindg\u00e4nger gesto\u00dfen, auf die bislang nichts hingewiesen hatte. Jetzt k\u00f6nnen wir die m\u00f6gliche Gefahr kontrolliert beseitigen.\u201c<\/p>\n<p>Neue Informationen des Landesamtes f\u00fcr Geoinformation und Landesvermessung Niedersachsen hatten 2021 auf etliche Blindg\u00e4ngerverdachtspunkte in der Weststadt hingedeutet. Infolge der schrittweisen Sondierung dieser Punkte und nach kontrollierten Sprengungen von Blindg\u00e4ngern auf dem Sch\u00fctzenplatz hatte sich der Bedarf herausgestellt, hier nicht nur einzelne Verdachtspunkte sondern die ganze Fl\u00e4che kleinteilig zu sondieren.<\/p>\n<p>Auf dem Sch\u00fctzenplatz wird die Kampfmittelr\u00e4umung Nord gem\u00e4\u00df der Planung noch knapp drei Wochen mit der Fl\u00e4chensondierung zu tun haben. Entsprechend der Ergebnisse wird dann \u00fcber das weitere Vorgehen auf dem Sch\u00fctzenplatz und f\u00fcr die Sondierungen in der Weststadt insgesamt entschieden.<\/p>\n<h4>Weitere Informationen<\/h4>\n<p>Fortlaufende Informationen zu den Kampfmittelsondierungen in der Weststadt bietet der Liveblog der Stadt G\u00f6ttingen unter <a class=\"link_katalog nolis-link-extern\" title=\"goe.de\/bombenverdacht (https:\/\/goe.de\/bombenverdacht)\" href=\"https:\/\/goe.de\/bombenverdacht\" target=\"_blank\" rel=\"noopener\">goe.de\/bombenverdacht<\/a>.<\/p>\n<\/div>\n<\/div>\n<\/div>\n<\/div>\n<\/div>\n<\/div>\n<\/blockquote>\n","protected":false},"excerpt":{"rendered":"<p>(Quelle: https:\/\/www.goettingen.de\/portal\/meldungen\/zwei-neue-verdachtspunkte-auf-dem-schuetzenplatz-900002701-25480.html?rubrik=900000003) 01.03.2024 Zwei neue Verdachtspunkte auf dem Sch\u00fctzenplatz Bei den Kampfmittelsondierungen auf dem Sch\u00fctzenplatz sind zwei neue Verdachtspunkte entdeckt worden. Die Messungen der Fachleute deuten darauf hin, dass es sich um Blindg\u00e4nger von Weltkriegsbomben handeln k\u00f6nnte. Das Team der Fachfirma Kampfmittelr\u00e4umung Nord GmbH hat bei den laufenden Fl\u00e4chensondierungen auf dem Sch\u00fctzenplatz die auff\u00e4lligen Messungen &#8230; <a title=\"Kampfmittelsondierungen: Zwei neue Verdachtspunkte auf dem Sch\u00fctzenplatz\" class=\"read-more\" href=\"https:\/\/rt-europaallee.de\/wordpress\/2024\/03\/kampfmittelsondierungen-zwei-neue-verdachtspunkte-auf-dem-schuetzenplatz\/\" aria-label=\"Mehr Informationen \u00fcber Kampfmittelsondierungen: Zwei neue Verdachtspunkte auf dem Sch\u00fctzenplatz\">Weiterlesen<\/a><\/p>\n","protected":false},"author":3,"featured_media":0,"comment_status":"closed","ping_status":"open","sticky":false,"template":"","format":"standard","meta":{"footnotes":""},"categories":[1],"tags":[],"class_list":["post-15596","post","type-post","status-publish","format-standard","hentry","category-allgemein"],"_links":{"self":[{"href":"https:\/\/rt-europaallee.de\/wordpress\/wp-json\/wp\/v2\/posts\/15596","targetHints":{"allow":["GET"]}}],"collection":[{"href":"https:\/\/rt-europaallee.de\/wordpress\/wp-json\/wp\/v2\/posts"}],"about":[{"href":"https:\/\/rt-europaallee.de\/wordpress\/wp-json\/wp\/v2\/types\/post"}],"author":[{"embeddable":true,"href":"https:\/\/rt-europaallee.de\/wordpress\/wp-json\/wp\/v2\/users\/3"}],"replies":[{"embeddable":true,"href":"https:\/\/rt-europaallee.de\/wordpress\/wp-json\/wp\/v2\/comments?post=15596"}],"version-history":[{"count":1,"href":"https:\/\/rt-europaallee.de\/wordpress\/wp-json\/wp\/v2\/posts\/15596\/revisions"}],"predecessor-version":[{"id":15597,"href":"https:\/\/rt-europaallee.de\/wordpress\/wp-json\/wp\/v2\/posts\/15596\/revisions\/15597"}],"wp:attachment":[{"href":"https:\/\/rt-europaallee.de\/wordpress\/wp-json\/wp\/v2\/media?parent=15596"}],"wp:term":[{"taxonomy":"category","embeddable":true,"href":"https:\/\/rt-europaallee.de\/wordpress\/wp-json\/wp\/v2\/categories?post=15596"},{"taxonomy":"post_tag","embeddable":true,"href":"https:\/\/rt-europaallee.de\/wordpress\/wp-json\/wp\/v2\/tags?post=15596"}],"curies":[{"name":"wp","href":"https:\/\/api.w.org\/{rel}","templated":true}]}}