{"id":15632,"date":"2024-03-08T03:09:08","date_gmt":"2024-03-08T02:09:08","guid":{"rendered":"http:\/\/rt-europaallee.org\/wordpress\/?p=15632"},"modified":"2024-03-08T15:01:37","modified_gmt":"2024-03-08T14:01:37","slug":"bundesamt-fuer-bevoelkerungsschutz-und-katastrophenhilfe-information-zum-eintreten-von-truemmerteilen-in-die-erdatmosphaere-deutschland","status":"publish","type":"post","link":"https:\/\/rt-europaallee.de\/wordpress\/2024\/03\/bundesamt-fuer-bevoelkerungsschutz-und-katastrophenhilfe-information-zum-eintreten-von-truemmerteilen-in-die-erdatmosphaere-deutschland\/","title":{"rendered":"Bundesamt f\u00fcr Bev\u00f6lkerungsschutz und Katastrophenhilfe: Information zum Eintreten von Tr\u00fcmmerteilen in die Erdatmosph\u00e4re &#8211; Deutschland"},"content":{"rendered":"<p>(Quelle:\u00a0<a href=\"https:\/\/warnung.bund.de\/meldungen\/mow.DE-NW-BN-SE030-20240307-30-001\/Information_zum_Eintreten_von_Truemmerteilen_in_die_Erdatmosphaere_Deutschland?fbclid=IwAR2fopCzZg0xjI_OqBBQuzsf6JRNTK87FWEOhHQuNTnuOJGuxqor-AHfYI0\">https:\/\/warnung.bund.de\/meldungen\/mow.DE-NW-BN-SE030-20240307-30-001\/Information_zum_Eintreten_von_Truemmerteilen_in_die_Erdatmosphaere_Deutschland?fbclid=IwAR2fopCzZg0xjI_OqBBQuzsf6JRNTK87FWEOhHQuNTnuOJGuxqor-AHfYI0<\/a>, siehe auch:\u00a0 <a href=\"https:\/\/warnungen.katwarn.de\/#\">https:\/\/warnungen.katwarn.de\/#<\/a>)<\/p>\n<blockquote>\n<div class=\"details-page-content left\">\n<div class=\"map\" tabindex=\"0\" aria-label=\"\u00dcbersichtskarte der Meldung\">\n<div id=\"map__detail\" tabindex=\"-1\" aria-hidden=\"true\"><\/div>\n<div class=\"mapControlsDiv desktop\" aria-hidden=\"false\">\n<div class=\"mapColumn\">\n<div class=\"controlsUi\"><\/div>\n<\/div>\n<\/div>\n<\/div>\n<\/div>\n<div class=\"date\"><span class=\"date--from\">Meldung vom: <\/span> <span id=\"alert_date_from\">07.03.2024 17:19<\/span><\/div>\n<h1 id=\"alert_title\">Information zum Eintreten von Tr\u00fcmmerteilen in die Erdatmosph\u00e4re &#8211; Deutschland<\/h1>\n<p><span class=\"severity__badge mowas-3\">Warnstufe: Gefahreninformation<\/span><\/p>\n<p id=\"alert_description\">Im Zeitraum zwischen dem Mittag des 08. M\u00e4rz und dem Mittag des 09. M\u00e4rz wird der Wiedereintritt eines gr\u00f6\u00dferen Weltraumobjektes in die Erdatmosph\u00e4re erwartet, das m\u00f6glicherweise zersplittern wird. Bei dem Objekt handelt es sich um Batteriepakete der Internationalen Raumstation ISS. Leuchterscheinungen oder die Wahrnehmung eines \u00dcberschallknalls sind m\u00f6glich. Die Wahrscheinlichkeit des Auftreffens von Tr\u00fcmmerteilen in Deutschland, ist nach jetzigen Informationen als sehr gering einzusch\u00e4tzen. Sollte sich das Risiko erh\u00f6hen, erhalten Sie eine neue Information. Eine \u00dcbersicht \u00fcber die zum jetzigen Zeitpunkt wahrscheinliche \u00dcberflugbahn finden Sie hier: <a href=\"https:\/\/bbk.bund.de\/ueberflug\">https:\/\/bbk.bund.de\/ueberflug<\/a><\/p>\n<div class=\"column-container\">\n<div class=\"details-column\">\n<div id=\"instruction_cell\" class=\"details-cell\">\n<h2 class=\"h2--suggestion\">Handlungsempfehlung<\/h2>\n<p id=\"alert_instruction\">Informieren Sie sich in den Medien, zum Beispiel im Lokalradio.<\/p>\n<\/div>\n<div id=\"contact_cell\" class=\"details-cell\">\n<h2 class=\"h2--more\">Weitere Informationen<\/h2>\n<div>Allgemeine Informationen zu Wiedereintritten von Objekten in die Erdatmosph\u00e4re finden Sie unter:<\/div>\n<p id=\"alert_contact\"><a href=\"https:\/\/www.dlr.de\/next\/desktopdefault.aspx\/tabid-6669\/\">https:\/\/www.dlr.de\/next\/desktopdefault.aspx\/tabid-6669\/<\/a><\/p>\n<\/div>\n<\/div>\n<div class=\"details-column\">\n<div id=\"region_cell\" class=\"details-cell\">\n<h2 class=\"h2--regions\">Betroffene Region(en)<\/h2>\n<p id=\"alert_region\">Deutschland<\/p>\n<\/div>\n<\/div>\n<\/div>\n<\/blockquote>\n<h4>Nachtrag 08.03.2024:<\/h4>\n<blockquote><p><img decoding=\"async\" class=\"x85a59c x193iq5w x4fas0m x19kjcj4\" src=\"https:\/\/scontent-ham3-1.xx.fbcdn.net\/v\/t39.30808-6\/431230347_1997943040586886_1101765619677539073_n.jpg?_nc_cat=105&amp;ccb=1-7&amp;_nc_sid=5f2048&amp;_nc_ohc=JyhnTPAQLb0AX8184m4&amp;_nc_ht=scontent-ham3-1.xx&amp;oh=00_AfC9leH3qZdmuqXgpfn6gXvgZUnZcqUFEQxPG4Wvv32C8g&amp;oe=65EF7238\" alt=\"Ist m\u00f6glicherweise ein Bild von Karte und Text \u201eWissen ISS-Teil st\u00fcrzt in Richtung Erde \u00dcberflugbahn eines Weltraumobjekts, das voraussichtlich am 8. M\u00e4rz 2024 in die Erdatmosph\u00e4re eintritt 18:22:58 Uhr Hamburg G\u00f6ttingen 18:24:28 Uhr Dortmund Leipzig Dresden Koblenz 16:51:58 Uhr Erfurt 16:52:58 Uhr 19:54:28 Uhr Freiburg Konstanz 19:54:58 Uhr OpenStreetMap contributors \u00dcberflugbahn ausgehend von einem Puffer von ca 35km um die berechneten Bodenspuren Grafik:ntv.de\/Ist.Quelle:BBK Quelle: Grafik: ntv.de Ist ntv\u201c\" data-visualcompletion=\"media-vc-image\" \/><\/p>\n<p>(<a href=\"https:\/\/www.facebook.com\/photo\/?fbid=1997943047253552&amp;set=gm.7361313780573631&amp;idorvanity=409814729056939\">https:\/\/www.facebook.com\/photo\/?fbid=1997943047253552&amp;set=gm.7361313780573631&amp;idorvanity=409814729056939<\/a>)<\/p>\n<p>(Siehe: <a href=\"https:\/\/www.n-tv.de\/wissen\/Hier-fliegt-der-Weltraumschrott-ueber-Deutschland-article24790933.html\">https:\/\/www.n-tv.de\/wissen\/Hier-fliegt-der-Weltraumschrott-ueber-Deutschland-article24790933.html<\/a>)<\/p><\/blockquote>\n","protected":false},"excerpt":{"rendered":"<p>(Quelle:\u00a0https:\/\/warnung.bund.de\/meldungen\/mow.DE-NW-BN-SE030-20240307-30-001\/Information_zum_Eintreten_von_Truemmerteilen_in_die_Erdatmosphaere_Deutschland?fbclid=IwAR2fopCzZg0xjI_OqBBQuzsf6JRNTK87FWEOhHQuNTnuOJGuxqor-AHfYI0, siehe auch:\u00a0 https:\/\/warnungen.katwarn.de\/#) Meldung vom: 07.03.2024 17:19 Information zum Eintreten von Tr\u00fcmmerteilen in die Erdatmosph\u00e4re &#8211; Deutschland Warnstufe: Gefahreninformation Im Zeitraum zwischen dem Mittag des 08. M\u00e4rz und dem Mittag des 09. M\u00e4rz wird der Wiedereintritt eines gr\u00f6\u00dferen Weltraumobjektes in die Erdatmosph\u00e4re erwartet, das m\u00f6glicherweise zersplittern wird. Bei dem Objekt handelt es sich um &#8230; <a title=\"Bundesamt f\u00fcr Bev\u00f6lkerungsschutz und Katastrophenhilfe: Information zum Eintreten von Tr\u00fcmmerteilen in die Erdatmosph\u00e4re &#8211; Deutschland\" class=\"read-more\" href=\"https:\/\/rt-europaallee.de\/wordpress\/2024\/03\/bundesamt-fuer-bevoelkerungsschutz-und-katastrophenhilfe-information-zum-eintreten-von-truemmerteilen-in-die-erdatmosphaere-deutschland\/\" aria-label=\"Mehr Informationen \u00fcber Bundesamt f\u00fcr Bev\u00f6lkerungsschutz und Katastrophenhilfe: Information zum Eintreten von Tr\u00fcmmerteilen in die Erdatmosph\u00e4re &#8211; Deutschland\">Weiterlesen<\/a><\/p>\n","protected":false},"author":3,"featured_media":0,"comment_status":"closed","ping_status":"open","sticky":false,"template":"","format":"standard","meta":{"footnotes":""},"categories":[1],"tags":[],"class_list":["post-15632","post","type-post","status-publish","format-standard","hentry","category-allgemein"],"_links":{"self":[{"href":"https:\/\/rt-europaallee.de\/wordpress\/wp-json\/wp\/v2\/posts\/15632","targetHints":{"allow":["GET"]}}],"collection":[{"href":"https:\/\/rt-europaallee.de\/wordpress\/wp-json\/wp\/v2\/posts"}],"about":[{"href":"https:\/\/rt-europaallee.de\/wordpress\/wp-json\/wp\/v2\/types\/post"}],"author":[{"embeddable":true,"href":"https:\/\/rt-europaallee.de\/wordpress\/wp-json\/wp\/v2\/users\/3"}],"replies":[{"embeddable":true,"href":"https:\/\/rt-europaallee.de\/wordpress\/wp-json\/wp\/v2\/comments?post=15632"}],"version-history":[{"count":4,"href":"https:\/\/rt-europaallee.de\/wordpress\/wp-json\/wp\/v2\/posts\/15632\/revisions"}],"predecessor-version":[{"id":15644,"href":"https:\/\/rt-europaallee.de\/wordpress\/wp-json\/wp\/v2\/posts\/15632\/revisions\/15644"}],"wp:attachment":[{"href":"https:\/\/rt-europaallee.de\/wordpress\/wp-json\/wp\/v2\/media?parent=15632"}],"wp:term":[{"taxonomy":"category","embeddable":true,"href":"https:\/\/rt-europaallee.de\/wordpress\/wp-json\/wp\/v2\/categories?post=15632"},{"taxonomy":"post_tag","embeddable":true,"href":"https:\/\/rt-europaallee.de\/wordpress\/wp-json\/wp\/v2\/tags?post=15632"}],"curies":[{"name":"wp","href":"https:\/\/api.w.org\/{rel}","templated":true}]}}