{"id":15647,"date":"2024-03-09T23:01:01","date_gmt":"2024-03-09T22:01:01","guid":{"rendered":"http:\/\/rt-europaallee.org\/wordpress\/?p=15647"},"modified":"2024-03-09T23:01:01","modified_gmt":"2024-03-09T22:01:01","slug":"hna-aerzte-in-der-uni-klinik-streiken-am-montag-termine-fallen-aus","status":"publish","type":"post","link":"https:\/\/rt-europaallee.de\/wordpress\/2024\/03\/hna-aerzte-in-der-uni-klinik-streiken-am-montag-termine-fallen-aus\/","title":{"rendered":"HNA: \u00c4rzte in der Uni-Klinik streiken am Montag, Termine fallen aus"},"content":{"rendered":"<p>(Quelle: <a href=\"https:\/\/www.hna.de\/lokales\/goettingen\/goettingen-ort28741\/aerzte-in-der-goettinger-uni-klinik-streiken-am-montag-erneut-92878938.html?fbclid=IwAR0UqEuFQCzR2IH4r6rK-By542GvT27RDOMpry0uuPp9cs0OTJpmcSVZ4AQ\">https:\/\/www.hna.de\/lokales\/goettingen\/goettingen-ort28741\/aerzte-in-der-goettinger-uni-klinik-streiken-am-montag-erneut-92878938.html?fbclid=IwAR0UqEuFQCzR2IH4r6rK-By542GvT27RDOMpry0uuPp9cs0OTJpmcSVZ4AQ<\/a>)<\/p>\n<blockquote>\n<p class=\"id-Story-timestamp id-Story-timestamp--default\"><span class=\"id-Story-timestamp-content\"><span class=\"id-Story-timestamp-content-prefix\">Stand: <\/span><time datetime=\"2024-03-08 15:04\">08.03.2024, 15:04 Uhr<\/time><\/span><\/p>\n<p class=\"id-Story-authors id-Story-authors--default\"><span class=\"id-Story-authors-by\">Von: <\/span><a class=\"id-Story-authors-link lp_west_author\" title=\"Zur Autorenseite von Thomas Kopietz\" href=\"https:\/\/www.hna.de\/autoren\/707\/\" data-id-ec=\"{&quot;shn&quot;:&quot;Story&quot;,&quot;sht&quot;:&quot;Container&quot;,&quot;p&quot;:{&quot;containerType&quot;:&quot;Authors&quot;,&quot;displayType&quot;:&quot;Autoren-Link&quot;,&quot;type&quot;:&quot;INSERTED_AUTHORS&quot;,&quot;value&quot;:&quot;Thomas Kopietz&quot;,&quot;position&quot;:&quot;1&quot;,&quot;storyElementPosition&quot;:&quot;4&quot;,&quot;storyElementCount&quot;:&quot;20&quot;}}\" data-k5a-pos=\"west_author\" data-id-em=\"1\">Thomas Kopietz<\/a><\/p>\n<p class=\"id-Story-interactionBar id-Story-interactionBar--default\">\n<figure class=\"id-StoryElement-image\">\n<div class=\"id-RatioPlaceholder\"><img loading=\"lazy\" decoding=\"async\" class=\"id-RatioPlaceholder-element wv_story_el_image\" src=\"https:\/\/www.hna.de\/assets\/images\/33\/965\/33965818-hauptgebaeude-und-bettenhaeuser-die-universitaetsmedizin-goettingen-umg-aus-der-luft-fotografiert-die-klinik-wird-am-montag-11-maerz-bestreikt-2pFnMvTZ6bfe.jpg\" sizes=\"auto, (min-width: 769px) 768px, 100vw\" srcset=\"https:\/\/www.hna.de\/assets\/images\/33\/965\/33965818-hauptgebaeude-und-bettenhaeuser-die-universitaetsmedizin-goettingen-umg-aus-der-luft-fotografiert-die-klinik-wird-am-montag-11-maerz-bestreikt-2pFnMvTZ6bb6.jpg 448w,https:\/\/www.hna.de\/assets\/images\/33\/965\/33965818-hauptgebaeude-und-bettenhaeuser-die-universitaetsmedizin-goettingen-umg-aus-der-luft-fotografiert-die-klinik-wird-am-montag-11-maerz-bestreikt-2pFnMvTZ6b70.jpg 768w,https:\/\/www.hna.de\/assets\/images\/33\/965\/33965818-hauptgebaeude-und-bettenhaeuser-die-universitaetsmedizin-goettingen-umg-aus-der-luft-fotografiert-die-klinik-wird-am-montag-11-maerz-bestreikt-2pFnMvTZ6bfe.jpg 1100w,https:\/\/www.hna.de\/assets\/images\/33\/965\/33965818-hauptgebaeude-und-bettenhaeuser-die-universitaetsmedizin-goettingen-umg-aus-der-luft-fotografiert-die-klinik-wird-am-montag-11-maerz-bestreikt-2pFnMvTZ6b7a.jpg 1408w,https:\/\/www.hna.de\/assets\/images\/33\/965\/33965818-hauptgebaeude-und-bettenhaeuser-die-universitaetsmedizin-goettingen-umg-aus-der-luft-fotografiert-die-klinik-wird-am-montag-11-maerz-bestreikt-2pFnMvTZ6bMH.jpg 1600w\" alt=\"Hauptgeb\u00e4ude und Bettenh\u00e4user: Die Universit\u00e4tsmedizin G\u00f6ttingen (UMG) aus der Luft fotografiert. Die Klinik wird am Montag, 11. M\u00e4rz, bestreikt.\" width=\"1100\" height=\"619\" \/><\/div><figcaption class=\"id-StoryElement-image-caption\">Hauptgeb\u00e4ude und Bettenh\u00e4user: Die Universit\u00e4tsmedizin G\u00f6ttingen (UMG) aus der Luft fotografiert. Die Klinik wird am Montag, 11. M\u00e4rz, bestreikt. \u00a9\u00a0Michael Mehle<\/figcaption><\/figure>\n<p class=\"id-StoryElement-leadText\">In der Uni-Klinik G\u00f6ttingen streiken die \u00c4rzte am Montag, 11. M\u00e4rz. Das hat Folgen<\/p>\n<p class=\"id-StoryElement-paragraph\">G\u00f6ttingen \u2013 Die Universit\u00e4tsmedizin G\u00f6ttingen (UMG) wird am Montag, 11. M\u00e4rz, bestreikt: \u00c4rztinnen und \u00c4rzte werden sich dem Warnstreik-Aufruf der Gewerkschaft Marburger Bund anschlie\u00dfen. Wie die UMG mitteilt, ist die Notfallversorgung laut Klinikleitung gesichert. Patienten sind dennoch betroffen: Es wird aber zum Ausfall von Terminen und nicht zwingend notwendigen Behandlungen kommen. Deshalb sollten sich Patienten mit Terminen vorab melden und nachfragen.<\/p>\n<h3>&#8230;<\/h3>\n<\/blockquote>\n","protected":false},"excerpt":{"rendered":"<p>(Quelle: https:\/\/www.hna.de\/lokales\/goettingen\/goettingen-ort28741\/aerzte-in-der-goettinger-uni-klinik-streiken-am-montag-erneut-92878938.html?fbclid=IwAR0UqEuFQCzR2IH4r6rK-By542GvT27RDOMpry0uuPp9cs0OTJpmcSVZ4AQ) Stand: 08.03.2024, 15:04 Uhr Von: Thomas Kopietz Hauptgeb\u00e4ude und Bettenh\u00e4user: Die Universit\u00e4tsmedizin G\u00f6ttingen (UMG) aus der Luft fotografiert. Die Klinik wird am Montag, 11. M\u00e4rz, bestreikt. \u00a9\u00a0Michael Mehle In der Uni-Klinik G\u00f6ttingen streiken die \u00c4rzte am Montag, 11. M\u00e4rz. Das hat Folgen G\u00f6ttingen \u2013 Die Universit\u00e4tsmedizin G\u00f6ttingen (UMG) wird am Montag, 11. M\u00e4rz, &#8230; <a title=\"HNA: \u00c4rzte in der Uni-Klinik streiken am Montag, Termine fallen aus\" class=\"read-more\" href=\"https:\/\/rt-europaallee.de\/wordpress\/2024\/03\/hna-aerzte-in-der-uni-klinik-streiken-am-montag-termine-fallen-aus\/\" aria-label=\"Mehr Informationen \u00fcber HNA: \u00c4rzte in der Uni-Klinik streiken am Montag, Termine fallen aus\">Weiterlesen<\/a><\/p>\n","protected":false},"author":3,"featured_media":0,"comment_status":"closed","ping_status":"open","sticky":false,"template":"","format":"standard","meta":{"footnotes":""},"categories":[1],"tags":[],"class_list":["post-15647","post","type-post","status-publish","format-standard","hentry","category-allgemein"],"_links":{"self":[{"href":"https:\/\/rt-europaallee.de\/wordpress\/wp-json\/wp\/v2\/posts\/15647","targetHints":{"allow":["GET"]}}],"collection":[{"href":"https:\/\/rt-europaallee.de\/wordpress\/wp-json\/wp\/v2\/posts"}],"about":[{"href":"https:\/\/rt-europaallee.de\/wordpress\/wp-json\/wp\/v2\/types\/post"}],"author":[{"embeddable":true,"href":"https:\/\/rt-europaallee.de\/wordpress\/wp-json\/wp\/v2\/users\/3"}],"replies":[{"embeddable":true,"href":"https:\/\/rt-europaallee.de\/wordpress\/wp-json\/wp\/v2\/comments?post=15647"}],"version-history":[{"count":1,"href":"https:\/\/rt-europaallee.de\/wordpress\/wp-json\/wp\/v2\/posts\/15647\/revisions"}],"predecessor-version":[{"id":15648,"href":"https:\/\/rt-europaallee.de\/wordpress\/wp-json\/wp\/v2\/posts\/15647\/revisions\/15648"}],"wp:attachment":[{"href":"https:\/\/rt-europaallee.de\/wordpress\/wp-json\/wp\/v2\/media?parent=15647"}],"wp:term":[{"taxonomy":"category","embeddable":true,"href":"https:\/\/rt-europaallee.de\/wordpress\/wp-json\/wp\/v2\/categories?post=15647"},{"taxonomy":"post_tag","embeddable":true,"href":"https:\/\/rt-europaallee.de\/wordpress\/wp-json\/wp\/v2\/tags?post=15647"}],"curies":[{"name":"wp","href":"https:\/\/api.w.org\/{rel}","templated":true}]}}