{"id":15656,"date":"2024-03-12T13:48:44","date_gmt":"2024-03-12T12:48:44","guid":{"rendered":"http:\/\/rt-europaallee.org\/wordpress\/?p=15656"},"modified":"2024-03-12T13:48:44","modified_gmt":"2024-03-12T12:48:44","slug":"die-caritas-nimmt-schulranzen-an-und-gibt-sie-an-familien-mit-schmalem-geldbeutel","status":"publish","type":"post","link":"https:\/\/rt-europaallee.de\/wordpress\/2024\/03\/die-caritas-nimmt-schulranzen-an-und-gibt-sie-an-familien-mit-schmalem-geldbeutel\/","title":{"rendered":"Die Caritas nimmt Schulranzen an und gibt sie an Familien mit schmalem Geldbeutel"},"content":{"rendered":"<p>Quelle: <a href=\"https:\/\/www.facebook.com\/NBZHoBerg\/posts\/pfbid0STd857dHdCcp5jMxWXXLk2wLHpTtLuuVwyt2NSVmrVK6tmiyAqjE7ubJWqRe1mssl?notif_id=1710246179324051&amp;notif_t=notify_me_page&amp;ref=notif\">https:\/\/www.facebook.com\/NBZHoBerg\/posts\/pfbid0STd857dHdCcp5jMxWXXLk2wLHpTtLuuVwyt2NSVmrVK6tmiyAqjE7ubJWqRe1mssl?notif_id=1710246179324051&amp;notif_t=notify_me_page&amp;ref=notif<\/a>)<\/p>\n<blockquote>\n<div class=\"xu06os2 x1ok221b\">\n<h3 id=\":R1al9aqqd9emhpapd5aq:\" class=\"x1heor9g x1qlqyl8 x1pd3egz x1a2a7pz x1gslohp x1yc453h\"><span class=\"xt0psk2\"><a class=\"x1i10hfl xjbqb8w x1ejq31n xd10rxx x1sy0etr x17r0tee x972fbf xcfux6l x1qhh985 xm0m39n x9f619 x1ypdohk xt0psk2 xe8uvvx xdj266r x11i5rnm xat24cr x1mh8g0r xexx8yu x4uap5 x18d9i69 xkhd6sd x16tdsg8 x1hl2dhg xggy1nq x1a2a7pz xt0b8zv xzsf02u x1s688f\" tabindex=\"0\" role=\"link\" href=\"https:\/\/www.facebook.com\/NBZHoBerg?__cft__[0]=AZVRCrBBSUT3vCnGTphNqFwKUSa_5u-yrXU1hCBdSkTd1yST8LHXEcJFipwUrq3cblqOlz1VzHBA2djGZQfjta84PoZf0JRLs2P7oUKPj6coZhvUOCVfhgRjWV-mXE2JzED-FfJAJYv04DmMQGWY1p_j&amp;__tn__=-UC%2CP-R\"><strong>Nachbarschaftszentrum Holtenser Berg<\/strong><\/a><\/span><\/h3>\n<\/div>\n<div class=\"\" dir=\"auto\">\n<div id=\":R1al9aqqd9emhpapd5aqH2:\" class=\"x1iorvi4 x1pi30zi x1l90r2v x1swvt13\" data-ad-comet-preview=\"message\" data-ad-preview=\"message\">\n<div class=\"x78zum5 xdt5ytf xz62fqu x16ldp7u\">\n<div class=\"xu06os2 x1ok221b\">\n<div class=\"xdj266r x11i5rnm xat24cr x1mh8g0r x1vvkbs x126k92a\">\n<div dir=\"auto\">Die Caritas nimmt Schulranzen an und gibt sie an Familien mit schmalem Geldbeutel<\/div>\n<div dir=\"auto\"><\/div>\n<div dir=\"auto\"><\/div>\n<\/div>\n<\/div>\n<\/div>\n<\/div>\n<\/div>\n<div id=\":R1al9aqqd9emhpapd5aqH3:\" class=\"x1n2onr6\">\n<div class=\"x1n2onr6\">\n<div>\n<div class=\"x1n2onr6\">\n<div class=\"x1n2onr6\">\n<div class=\"x6ikm8r x10wlt62 x10l6tqk\"><img decoding=\"async\" class=\"x1bwycvy x193iq5w x4fas0m x19kjcj4\" src=\"https:\/\/scontent-ham3-1.xx.fbcdn.net\/v\/t39.30808-6\/432318959_713353737652739_1639402690802152161_n.jpg?_nc_cat=108&amp;ccb=1-7&amp;_nc_sid=5f2048&amp;_nc_ohc=veRYsfAvbgkAX_2TAwp&amp;_nc_ht=scontent-ham3-1.xx&amp;oh=00_AfCBEjxlomtpzQFmmyGnAV4G4bFC7j1IgLd8n4fgT2x3_g&amp;oe=65F5D3E7\" alt=\"Ist m\u00f6glicherweise ein Bild von 8 Personen und Text \u201eKostenlose Schultaschen! Caritas in G\u00f6ttingen gibt gut erhaltene Ranzen weiter Gut erhaltene Schultaschen sammelt die Caritas G\u00f6ttingen allj\u00e4hrlich, sie kostenlos Einschulung weiterzugeben. Mehr 1400 Schulranzen konnten unkompliziert Familien mit Sozialleistungsbezug abgegeben werden. Rucks\u00e4cke sowie Turnbeutel werden vermittelt. Ausgabe der Ranzen und Rucks\u00e4cke: Einen TerminzurAbholung_per Telefon: 999 590 vereinbaren Bitte unbedingt SozialCard_oder Bescheid mitbringen .Geringverdienendeo ohne Bescheid bitte Ausweis von Kind Eltern .Ausgabe Caritas in G\u00f6ttingen: Allgemeine Lebens- Sozialberatung, Ambulante Pflege (Telefon Sozialstation: 0551 705 713), Freiwilligenzentrum BONUS, Kindertagesst\u00e4tten Schwangerenberatung, Offene Sprachberatung, Sprachheilkindergarten Caritas-Centrum St. Godehard G\u00f6ttingen Pfalz- Grona- Breite 2a\/ Godehardstra\u00dfe 18-20 37081 G\u00f6ttingen www.caritas-goettingen.de #TeamCaritas Caritasverband S\u00fcdniedersachsen caritas\u201c\" data-visualcompletion=\"media-vc-image\" \/><\/div>\n<div>(<a href=\"https:\/\/www.facebook.com\/photo\/?fbid=713353750986071&amp;set=pcb.713354000986046\">https:\/\/www.facebook.com\/photo\/?fbid=713353750986071&amp;set=pcb.713354000986046<\/a>)<\/div>\n<div><\/div>\n<div><img decoding=\"async\" class=\"x1bwycvy x193iq5w x4fas0m x19kjcj4\" src=\"https:\/\/scontent-ham3-1.xx.fbcdn.net\/v\/t39.30808-6\/432381513_713353747652738_7517091433909564886_n.jpg?_nc_cat=104&amp;ccb=1-7&amp;_nc_sid=5f2048&amp;_nc_ohc=pCow9B7nkVEAX-dh13K&amp;_nc_ht=scontent-ham3-1.xx&amp;oh=00_AfBvE9hO-6oKWqrtIhPigGfXI_gXrFHnu2TbhCDtEdK7Yw&amp;oe=65F499AF\" alt=\"Ist m\u00f6glicherweise ein Bild von 8 Personen und Text \u201eCaritas in G\u00f6ttingen sammelt gut erhaltene Ranzen und Rucks\u00e4cke Gut erhaltene Schultaschen sammelt die Caritas G\u00f6ttingen allj\u00e4hrlich umsi kostenlos Einschulung veiterzugeben. Mehr 1400 Schulranzen konnten so Familien oder Sozialleistungsbezug abgegeben werden. Auch Rucks\u00e4cke \u00e4ltere Kinder sowie Turnbeutel nehmen wir gerne Annahme gut erhaltener Ranzen und Rucks\u00e4cke: Mo. Fr. von bis 12.00 Uhr nach Vereinbarung per Telefon: 0551 999 590 Caritas in G\u00f6ttingen: Allgemeine Lebens- und Sozialberatung, Ambulante Pflege (Telefon Sozialstation: 0551 705 713), Freiwilligenzentrum BONUS, Kindertagesstatten, Schwangerenberatung, Offene Sprachberatung, Sprachheilkindergarten Caritas-Centrum St. Godehard G\u00f6ttingen Pfalz- -Grona- Breite 2a\/ Godehardstra\u00dfe 18-20 37081 G\u00f6ttingen www.caritas-goettingen.de #TeamCaritas Caritasverband m\u0a32 S\u00fcdniedersachsen caritas\u201c\" data-visualcompletion=\"media-vc-image\" \/><\/div>\n<div>(<a href=\"https:\/\/www.facebook.com\/photo?fbid=713353757652737&amp;set=pcb.713354000986046\">https:\/\/www.facebook.com\/photo?fbid=713353757652737&amp;set=pcb.713354000986046<\/a>)<\/div>\n<\/div>\n<\/div>\n<\/div>\n<\/div>\n<\/div>\n<\/blockquote>\n","protected":false},"excerpt":{"rendered":"<p>Quelle: https:\/\/www.facebook.com\/NBZHoBerg\/posts\/pfbid0STd857dHdCcp5jMxWXXLk2wLHpTtLuuVwyt2NSVmrVK6tmiyAqjE7ubJWqRe1mssl?notif_id=1710246179324051&amp;notif_t=notify_me_page&amp;ref=notif) Nachbarschaftszentrum Holtenser Berg Die Caritas nimmt Schulranzen an und gibt sie an Familien mit schmalem Geldbeutel (https:\/\/www.facebook.com\/photo\/?fbid=713353750986071&amp;set=pcb.713354000986046) (https:\/\/www.facebook.com\/photo?fbid=713353757652737&amp;set=pcb.713354000986046)<\/p>\n","protected":false},"author":3,"featured_media":0,"comment_status":"closed","ping_status":"open","sticky":false,"template":"","format":"standard","meta":{"footnotes":""},"categories":[1],"tags":[],"class_list":["post-15656","post","type-post","status-publish","format-standard","hentry","category-allgemein"],"_links":{"self":[{"href":"https:\/\/rt-europaallee.de\/wordpress\/wp-json\/wp\/v2\/posts\/15656","targetHints":{"allow":["GET"]}}],"collection":[{"href":"https:\/\/rt-europaallee.de\/wordpress\/wp-json\/wp\/v2\/posts"}],"about":[{"href":"https:\/\/rt-europaallee.de\/wordpress\/wp-json\/wp\/v2\/types\/post"}],"author":[{"embeddable":true,"href":"https:\/\/rt-europaallee.de\/wordpress\/wp-json\/wp\/v2\/users\/3"}],"replies":[{"embeddable":true,"href":"https:\/\/rt-europaallee.de\/wordpress\/wp-json\/wp\/v2\/comments?post=15656"}],"version-history":[{"count":1,"href":"https:\/\/rt-europaallee.de\/wordpress\/wp-json\/wp\/v2\/posts\/15656\/revisions"}],"predecessor-version":[{"id":15657,"href":"https:\/\/rt-europaallee.de\/wordpress\/wp-json\/wp\/v2\/posts\/15656\/revisions\/15657"}],"wp:attachment":[{"href":"https:\/\/rt-europaallee.de\/wordpress\/wp-json\/wp\/v2\/media?parent=15656"}],"wp:term":[{"taxonomy":"category","embeddable":true,"href":"https:\/\/rt-europaallee.de\/wordpress\/wp-json\/wp\/v2\/categories?post=15656"},{"taxonomy":"post_tag","embeddable":true,"href":"https:\/\/rt-europaallee.de\/wordpress\/wp-json\/wp\/v2\/tags?post=15656"}],"curies":[{"name":"wp","href":"https:\/\/api.w.org\/{rel}","templated":true}]}}