{"id":15707,"date":"2024-03-29T23:23:48","date_gmt":"2024-03-29T22:23:48","guid":{"rendered":"http:\/\/rt-europaallee.org\/wordpress\/?p=15707"},"modified":"2024-03-29T23:23:48","modified_gmt":"2024-03-29T22:23:48","slug":"infos-zum-feuerwehrsport-tfa-team-leinetal-freiwillige-feuerwehren-der-landkreise-goettingen-und-northeim","status":"publish","type":"post","link":"https:\/\/rt-europaallee.de\/wordpress\/2024\/03\/infos-zum-feuerwehrsport-tfa-team-leinetal-freiwillige-feuerwehren-der-landkreise-goettingen-und-northeim\/","title":{"rendered":"Infos zum Feuerwehrsport \u201eTFA Team Leinetal\u201c (Freiwillige Feuerwehren der Landkreise G\u00f6ttingen und Northeim)"},"content":{"rendered":"<p>(Quelle: <a href=\"https:\/\/www.facebook.com\/groups\/184294332867929\/posts\/1077362690227751\/\">https:\/\/www.facebook.com\/groups\/184294332867929\/posts\/1077362690227751\/<\/a>)<\/p>\n<blockquote>\n<div class=\"x78zum5 xqtp20y x1emribx\">\n<div class=\"x1vqgdyp x1n2onr6 x100vrsf\"><\/div>\n<\/div>\n<div class=\"x1iyjqo2\">\n<div class=\"x78zum5 xdt5ytf xz62fqu x16ldp7u\">\n<div class=\"xu06os2 x1ok221b\">\n<h3 id=\":r14:\" class=\"x1heor9g x1qlqyl8 x1pd3egz x1a2a7pz x1gslohp x1yc453h\"><span class=\"\"><span class=\"xt0psk2\"><a class=\"x1i10hfl xjbqb8w x1ejq31n xd10rxx x1sy0etr x17r0tee x972fbf xcfux6l x1qhh985 xm0m39n x9f619 x1ypdohk xt0psk2 xe8uvvx xdj266r x11i5rnm xat24cr x1mh8g0r xexx8yu x4uap5 x18d9i69 xkhd6sd x16tdsg8 x1hl2dhg xggy1nq x1a2a7pz xt0b8zv xzsf02u x1s688f\" tabindex=\"0\" role=\"link\" href=\"https:\/\/www.facebook.com\/groups\/184294332867929\/user\/100005356051020\/?__cft__[0]=AZU5IHuvPP0wnttC1cgdcWeizasChgCbKwo8A2HzOdk_lEWdukFXiD3bOQZ-yjUf9k7K2h5lKNVhgxeZvX-aa3O2OQgOUy0Oy42Z-qR_KSqlPevOuVWNCwGBQKMnuF9-E_ZibgcShK1-QUYrOtTTIBqN&amp;__tn__=-UC%2CP-R\"><strong>Uwe Heise<\/strong><\/a><\/span><\/span><\/h3>\n<\/div>\n<\/div>\n<\/div>\n<div class=\"xqcrz7y x78zum5 x1qx5ct2 x1y1aw1k x1sxyh0 xwib8y2 xurb0ha xw4jnvo\">\n<div><\/div>\n<\/div>\n<div class=\"\" dir=\"auto\">\n<div id=\":r16:\" class=\"x1iorvi4 x1pi30zi x1l90r2v x1swvt13\" data-ad-comet-preview=\"message\" data-ad-preview=\"message\">\n<div class=\"x78zum5 xdt5ytf xz62fqu x16ldp7u\">\n<div class=\"xu06os2 x1ok221b\">\n<div class=\"xdj266r x11i5rnm xat24cr x1mh8g0r x1vvkbs x126k92a\">\n<div dir=\"auto\">Ich m\u00f6chte an dieser Stelle ein wenig Werbung f\u00fcr den Feuerwehrsport machen.<\/div>\n<\/div>\n<div class=\"x11i5rnm xat24cr x1mh8g0r x1vvkbs xtlvy1s x126k92a\">\n<div dir=\"auto\">Wer wir sind?<\/div>\n<div dir=\"auto\">Der Verein \u201eTFA Team Leinetal\u201c, aktive Mitglieder Freiwilliger Feuerwehren der Landkreise G\u00f6ttingen und Northeim und deren Unterst\u00fctzter. Die Eintragung als gemeinn\u00fctziger e.V. l\u00e4uft gerade.<\/div>\n<\/div>\n<div class=\"x11i5rnm xat24cr x1mh8g0r x1vvkbs xtlvy1s x126k92a\">\n<div dir=\"auto\">Was wir so treiben?<\/div>\n<div dir=\"auto\">Aktiven Feuerwehrsport! Damit wir im Falle eines Einsatzes, auch Nachts um 3.00 Uhr auf den Punkt fit zu sind, Allen in Not geratenen zu helfen.<\/div>\n<\/div>\n<div class=\"x11i5rnm xat24cr x1mh8g0r x1vvkbs xtlvy1s x126k92a\">\n<div dir=\"auto\">Wir haben es uns zum Ziel gesetzt, den Feuerwehrsport zu f\u00f6rdern, aktive, zielgerichtete Trainingseinheiten durchzuf\u00fchren und durch Teilnahme an Charity Veranstaltungen soziale Projekte zu unterst\u00fctzen und zu f\u00f6rdern.<\/div>\n<\/div>\n<div class=\"x11i5rnm xat24cr x1mh8g0r x1vvkbs xtlvy1s x126k92a\">\n<div dir=\"auto\">Ebenso nehmen wir an Internationalen Firefighter Wettbewerben teil, um uns im Wettstreit mit Gleichgesinnten zu messen.<\/div>\n<div dir=\"auto\">So k\u00f6nnen wir bereits auf einige Titel bei Europa-, Britischen- und Deutschen Meisterschaften zur\u00fcckblicken.<\/div>\n<\/div>\n<div class=\"x11i5rnm xat24cr x1mh8g0r x1vvkbs xtlvy1s x126k92a\">\n<div dir=\"auto\">Ebenso haben wir bereits zweimal recht erfolgreich an den Weltmeisterschaften in den USA teilgenommen.<\/div>\n<\/div>\n<div class=\"x11i5rnm xat24cr x1mh8g0r x1vvkbs xtlvy1s x126k92a\">\n<div dir=\"auto\">Am 28. und 29. September habt ihr die Gelegenheit unseren Sport hautnah und live am Sportpark Jahnstadion in G\u00f6ttingen zu erleben.<\/div>\n<\/div>\n<div class=\"x11i5rnm xat24cr x1mh8g0r x1vvkbs xtlvy1s x126k92a\">\n<div dir=\"auto\">Nat\u00fcrliche freuen wir uns sehr \u00fcber weitere Mitglieder, egal ob aktiv oder f\u00f6rdernd.<\/div>\n<div dir=\"auto\">Schreibt uns gern eine PN auf unserer Teamseite.<\/div>\n<\/div>\n<div class=\"x11i5rnm xat24cr x1mh8g0r x1vvkbs xtlvy1s x126k92a\">\n<div dir=\"auto\"><a class=\"x1i10hfl xjbqb8w x1ejq31n xd10rxx x1sy0etr x17r0tee x972fbf xcfux6l x1qhh985 xm0m39n x9f619 x1ypdohk xt0psk2 xe8uvvx xdj266r x11i5rnm xat24cr x1mh8g0r xexx8yu x4uap5 x18d9i69 xkhd6sd x16tdsg8 x1hl2dhg xggy1nq x1a2a7pz xt0b8zv x1fey0fg\" tabindex=\"0\" role=\"link\" href=\"https:\/\/www.instagram.com\/leinetal_firefighterchallenge?igsh=MWtrb3MweXFnd3Y0aA%3D%3D&amp;fbclid=IwAR2DtWtRsnvof8YJFh7YBHAWIrBIfEx_qtjNkDq6GXgd6k8c_XsLbtrZ620_aem_Acvnov0J2poCIR_mPHvs-jZ1F9PxkXmEcLRDePa2LW4goVz4zPUxSA3IjM18pFJf61OIFA26yHZj8uqyPpm0u3bF\" target=\"_blank\" rel=\"nofollow noopener noreferrer\">https:\/\/www.instagram.com\/leinetal_firefighterchallenge?igsh=MWtrb3MweXFnd3Y0aA==<\/a><\/div>\n<\/div>\n<div class=\"x11i5rnm xat24cr x1mh8g0r x1vvkbs xtlvy1s x126k92a\">\n<div dir=\"auto\"><a class=\"x1i10hfl xjbqb8w x1ejq31n xd10rxx x1sy0etr x17r0tee x972fbf xcfux6l x1qhh985 xm0m39n x9f619 x1ypdohk xt0psk2 xe8uvvx xdj266r x11i5rnm xat24cr x1mh8g0r xexx8yu x4uap5 x18d9i69 xkhd6sd x16tdsg8 x1hl2dhg xggy1nq x1a2a7pz xt0b8zv x1fey0fg\" tabindex=\"0\" role=\"link\" href=\"https:\/\/www.instagram.com\/tfa_team_leinetal?igsh=MTIzNzV0YWVibmpmcQ%3D%3D&amp;fbclid=IwAR2YpxHAlOXixv7wZL7OAAKKvqf6r24nDv1t-i6SrJJvxIcYO7h-eUcQpRI_aem_AcuIahxKpiGJ0sAFE-z0DDra24QoVLjgunqAfcFJLXPKC6rYLFmF-3XuQP6l9Zwz3jWGBiJrcYwq5SG7ehqKfv0g\" target=\"_blank\" rel=\"nofollow noopener noreferrer\">https:\/\/www.instagram.com\/tfa_team_leinetal?igsh=MTIzNzV0YWVibmpmcQ==<\/a><\/div>\n<div dir=\"auto\"><\/div>\n<div dir=\"auto\"><img decoding=\"async\" class=\"x1bwycvy x193iq5w x4fas0m x19kjcj4\" src=\"https:\/\/scontent-muc2-1.xx.fbcdn.net\/v\/t39.30808-6\/434734935_2307694166085763_3953275546156704884_n.jpg?_nc_cat=103&amp;ccb=1-7&amp;_nc_sid=5f2048&amp;_nc_ohc=cZ2zweWBQ7QAX-YOEnE&amp;_nc_ht=scontent-muc2-1.xx&amp;oh=00_AfDngnY0CCnRBuNskKz3SkVVeMS-CnWJ0romdu40Rc7ntA&amp;oe=660D0582\" alt=\"Ist m\u00f6glicherweise ein Bild von Text\" data-visualcompletion=\"media-vc-image\" \/><\/div>\n<div dir=\"auto\">(<a href=\"https:\/\/www.facebook.com\/photo\/?fbid=2307694172752429&amp;set=pcb.1077362690227751\">https:\/\/www.facebook.com\/photo\/?fbid=2307694172752429&amp;set=pcb.1077362690227751<\/a>)<\/div>\n<div dir=\"auto\"><\/div>\n<div dir=\"auto\"><img decoding=\"async\" class=\"x1bwycvy x193iq5w x4fas0m x19kjcj4\" src=\"https:\/\/scontent-muc2-1.xx.fbcdn.net\/v\/t39.30808-6\/434740879_2307695489418964_8373717127716168018_n.jpg?_nc_cat=101&amp;ccb=1-7&amp;_nc_sid=5f2048&amp;_nc_ohc=KSiYUBox6zMAX9bRTnu&amp;_nc_ht=scontent-muc2-1.xx&amp;oh=00_AfChJ8Xo0f0A9Y2Ng-wFl4anUpMskyVeKH9y0Hd-5tymLQ&amp;oe=660D18C6\" alt=\"Ist m\u00f6glicherweise ein Bild von Text \u201eLeinetal FIREFIGHTER CHALLENGE 28.09.- 29.09.2024 Sportpark Jahnstadion G\u00f6ttingen\u201c\" data-visualcompletion=\"media-vc-image\" \/><\/div>\n<div dir=\"auto\">(<a href=\"https:\/\/www.facebook.com\/photo?fbid=2307695492752297&amp;set=pcb.1077362690227751\">https:\/\/www.facebook.com\/photo?fbid=2307695492752297&amp;set=pcb.1077362690227751<\/a>)<\/div>\n<\/div>\n<\/div>\n<\/div>\n<\/div>\n<\/div>\n<\/blockquote>\n<div dir=\"auto\"><\/div>\n<h4 dir=\"auto\">Siehe auch:\u00a0<a href=\"https:\/\/www.facebook.com\/TFALeinetal\">https:\/\/www.facebook.com\/TFALeinetal<\/a><\/h4>\n","protected":false},"excerpt":{"rendered":"<p>(Quelle: https:\/\/www.facebook.com\/groups\/184294332867929\/posts\/1077362690227751\/) Uwe Heise Ich m\u00f6chte an dieser Stelle ein wenig Werbung f\u00fcr den Feuerwehrsport machen. Wer wir sind? Der Verein \u201eTFA Team Leinetal\u201c, aktive Mitglieder Freiwilliger Feuerwehren der Landkreise G\u00f6ttingen und Northeim und deren Unterst\u00fctzter. Die Eintragung als gemeinn\u00fctziger e.V. l\u00e4uft gerade. Was wir so treiben? Aktiven Feuerwehrsport! Damit wir im Falle eines Einsatzes, &#8230; <a title=\"Infos zum Feuerwehrsport \u201eTFA Team Leinetal\u201c (Freiwillige Feuerwehren der Landkreise G\u00f6ttingen und Northeim)\" class=\"read-more\" href=\"https:\/\/rt-europaallee.de\/wordpress\/2024\/03\/infos-zum-feuerwehrsport-tfa-team-leinetal-freiwillige-feuerwehren-der-landkreise-goettingen-und-northeim\/\" aria-label=\"Mehr Informationen \u00fcber Infos zum Feuerwehrsport \u201eTFA Team Leinetal\u201c (Freiwillige Feuerwehren der Landkreise G\u00f6ttingen und Northeim)\">Weiterlesen<\/a><\/p>\n","protected":false},"author":3,"featured_media":0,"comment_status":"closed","ping_status":"open","sticky":false,"template":"","format":"standard","meta":{"footnotes":""},"categories":[1],"tags":[],"class_list":["post-15707","post","type-post","status-publish","format-standard","hentry","category-allgemein"],"_links":{"self":[{"href":"https:\/\/rt-europaallee.de\/wordpress\/wp-json\/wp\/v2\/posts\/15707","targetHints":{"allow":["GET"]}}],"collection":[{"href":"https:\/\/rt-europaallee.de\/wordpress\/wp-json\/wp\/v2\/posts"}],"about":[{"href":"https:\/\/rt-europaallee.de\/wordpress\/wp-json\/wp\/v2\/types\/post"}],"author":[{"embeddable":true,"href":"https:\/\/rt-europaallee.de\/wordpress\/wp-json\/wp\/v2\/users\/3"}],"replies":[{"embeddable":true,"href":"https:\/\/rt-europaallee.de\/wordpress\/wp-json\/wp\/v2\/comments?post=15707"}],"version-history":[{"count":1,"href":"https:\/\/rt-europaallee.de\/wordpress\/wp-json\/wp\/v2\/posts\/15707\/revisions"}],"predecessor-version":[{"id":15709,"href":"https:\/\/rt-europaallee.de\/wordpress\/wp-json\/wp\/v2\/posts\/15707\/revisions\/15709"}],"wp:attachment":[{"href":"https:\/\/rt-europaallee.de\/wordpress\/wp-json\/wp\/v2\/media?parent=15707"}],"wp:term":[{"taxonomy":"category","embeddable":true,"href":"https:\/\/rt-europaallee.de\/wordpress\/wp-json\/wp\/v2\/categories?post=15707"},{"taxonomy":"post_tag","embeddable":true,"href":"https:\/\/rt-europaallee.de\/wordpress\/wp-json\/wp\/v2\/tags?post=15707"}],"curies":[{"name":"wp","href":"https:\/\/api.w.org\/{rel}","templated":true}]}}