{"id":15716,"date":"2024-04-04T19:59:53","date_gmt":"2024-04-04T17:59:53","guid":{"rendered":"http:\/\/rt-europaallee.org\/wordpress\/?p=15716"},"modified":"2024-04-04T19:59:53","modified_gmt":"2024-04-04T17:59:53","slug":"holtenser-berg-stadtsanierung-und-vorbereitende-untersuchungen-starten-mit-info-veranstaltung","status":"publish","type":"post","link":"https:\/\/rt-europaallee.de\/wordpress\/2024\/04\/holtenser-berg-stadtsanierung-und-vorbereitende-untersuchungen-starten-mit-info-veranstaltung\/","title":{"rendered":"Holtenser Berg: Stadtsanierung und Vorbereitende Untersuchungen starten mit Info-Veranstaltung"},"content":{"rendered":"<p>(Quelle: <a href=\"https:\/\/www.goettingen.de\/portal\/meldungen\/holtenser-berg-stadtsanierung-und-vorbereitende-untersuchungen-starten-mit-info-veranstaltung-900002803-25480.html?rubrik=900000003\">https:\/\/www.goettingen.de\/portal\/meldungen\/holtenser-berg-stadtsanierung-und-vorbereitende-untersuchungen-starten-mit-info-veranstaltung-900002803-25480.html?rubrik=900000003<\/a>)<\/p>\n<blockquote>\n<div class=\"fusstext fusstext_oben\"><span class=\"create\">03.04.2024<\/span><span class=\"modified\"> | ge\u00e4ndert am 04.04.2024<\/span><\/p>\n<div><\/div>\n<\/div>\n<h3 class=\"kontrast-bild\">Holtenser Berg: Stadtsanierung und Vorbereitende Untersuchungen starten mit Info-Veranstaltung<\/h3>\n<div id=\"nolis_content_site\" class=\"nolis_content_site\">\n<p class=\"anreisser_detail\"><strong>Die Stadt G\u00f6ttingen m\u00f6chte den Holtenser Berg im Sinne des Klimaschutzes nachhaltig sanieren. Daf\u00fcr wird in den kommenden Monaten ein umfassendes Konzept entwickelt. Die Einbindung der Anwohner*innen und Eigent\u00fcmer*innen von Immobilien und Wohnungen spielt dabei eine wichtige Rolle. Eine Informationsveranstaltung am Mittwoch, 10. April 2024, bietet die M\u00f6glichkeit, sich \u00fcber den Prozess zu informieren und auszutauschen. Die Veranstaltung findet im Nachbarschaftszentrum Holtenser Berg in der Londonstra\u00dfe 11a in G\u00f6ttingen statt und startet um 18.00 Uhr.<\/strong><\/p>\n<div class=\"print_href print_abbr\">\n<div class=\"template1\">\n<div class=\"platz platz1\">\n<div class=\"rahmen\">\n<div class=\"innen\">\n<p>Zur F\u00f6rderung einer nachhaltigen Entwicklung des Holtenser Bergs sollen zum einen Ma\u00dfnahmen entwickelt werden, die die Energiebilanz der Geb\u00e4ude verbessern und zu einer effizienteren Nutzung der bestehenden Fl\u00e4chen f\u00fchren. Zum anderen sollen Ver\u00e4nderungen im Stadtteil erfolgen, die ihn widerstandsf\u00e4higer gegen Wetterereignisse wie Starkregen und Hitze machen. Dar\u00fcber hinaus soll nachhaltige Mobilit\u00e4t gef\u00f6rdert werden.<\/p>\n<h4>Integriertes energetisches Quartierskonzept und Vorbereitende Untersuchungen<\/h4>\n<p>Um den Holtenser Berg als Sanierungsgebiet ausweisen zu k\u00f6nnen, sind zun\u00e4chst umfassende Bestands- und Potenzialanalysen notwendig. Das Stadtentwicklungs-B\u00fcro plan zwei aus Hannover und die Klima und Energieeffizienz Agentur aus Kassel haben nun mit den ersten Vorarbeiten begonnen. Erarbeitet werden ein sogenanntes Integriertes energetisches Quartierskonzept, das 2024 abgeschlossen werden soll, und die Vorbereitenden Untersuchungen, die im Fr\u00fchjahr 2025 vorliegen sollen. Die beiden Dokumente enthalten wichtige Informationen \u00fcber die strukturellen und st\u00e4dtebaulichen, aber auch sozialen Verh\u00e4ltnisse und Zusammenh\u00e4nge im geplanten Sanierungsgebiet und beschreiben die angestrebten Ziele und daf\u00fcr notwendigen Ma\u00dfnahmen. Diese Inhalte fasst schlie\u00dflich ein Entwicklungskonzept zusammen. Auf Grundlage der Vorbereitenden Untersuchungen soll ein Antrag auf St\u00e4dtebauf\u00f6rderung beim Land Niedersachsen gestellt werden.<\/p>\n<h4>\u00d6ffentlichkeitsbeteiligung<\/h4>\n<p>Im Fokus des Prozesses steht dabei auch die Einbindung und Beteiligung der Menschen vor Ort.<\/p>\n<p>\u201eNur gemeinsam mit den Bewohner*innen und Eigent\u00fcmer*innen schaffen wir es, unsere Nachbarschaften nachhaltiger und energieeffizienter umzugestalten. Die energetischen Quartierskonzepte mit ihren Beteiligungsm\u00f6glichkeiten sind ein wesentliches Instrument f\u00fcr ein klimaneutrales und gleichzeitig soziales Quartier\u201c, erkl\u00e4rt Stadtbaurat Frithjof Look.<\/p>\n<p>Die \u00f6ffentliche Informationsveranstaltung im Quartier soll den Menschen vor Ort die geplante Vorgehensweise vorstellen und sie in den Austausch mit der Stadtverwaltung und den beteiligten B\u00fcros bringen. Diese werden in den kommenden Wochen und Monaten im Auftrag der Stadt vermehrt im Quartier unterwegs sein.<\/p>\n<p>Bereits gestartet ist zudem eine Umfrage unter allen Eigent\u00fcmer*innen von Wohnungen und Immobilien auf dem Holtenser Berg. Die Umfrage soll erm\u00f6glichen, die auf die Geb\u00e4ude und das Quartier bezogenen Bedarfe zu erheben und entsprechende Angebote entwickeln zu k\u00f6nnen. Da die Bestandsaufnahme im Quartier lediglich die Erhebung der \u00f6ffentlichen Fl\u00e4chen und Au\u00dfenansichten der Geb\u00e4ude umfassen kann, sollen mithilfe der Befragung zus\u00e4tzliche Daten erhoben werden, die \u00f6ffentlich nicht zug\u00e4nglich sind.<\/p>\n<p>Zur Unterst\u00fctzung von Eigent\u00fcmer*innen bei k\u00fcnftigen Sanierungen sollen beispielhafte Sanierungsfahrpl\u00e4ne entstehen, die die empfohlenen Ma\u00dfnahmen f\u00fcr bestimmte Geb\u00e4udetypen zusammenfassen. Zudem ist beabsichtigt, nach Fertigstellung des Konzepts auch Einzelberatungen f\u00fcr Eigent\u00fcmer*innen anzubieten.<\/p>\n<h4>Hintergrund<\/h4>\n<p>Die energetische Stadtsanierung ist eines der Leitprojekte des Klimaplans der Stadt G\u00f6ttingen. Der Holtenser Berg ist eines der ersten Quartiere, die <a class=\"link_aktuelles nolis-link-intern\" title=\"Holtenser Berg und Mittelberg starten energetisches Quartiersmanagement\" href=\"https:\/\/www.goettingen.de\/portal\/meldungen\/holtenser-berg-und-mittelberg-starten-energetisches-quartiersmanagement-900002010-25480.html?rubrik=900000003\" target=\"_self\" rel=\"noopener\">f\u00fcr die Erstellung eines integrierten energetischen Quartierskonzepts ausgew\u00e4hlt<\/a> wurden.<\/p>\n<p>Fortlaufende Informationen zu dem Vorhaben gibt es auf der Projektseite <a class=\"link_seite nolis-link-intern\" title=\"Energetische Stadtsanierung am Holtenser Berg\" href=\"https:\/\/www.goettingen.de\/portal\/seiten\/energetische-stadtsanierung-am-holtenser-berg-900001184-25480.html?rubrik=900000006\" target=\"_self\" rel=\"noopener\">goe.de\/eqs-holtenserberg<\/a>.<\/p>\n<\/div>\n<\/div>\n<\/div>\n<\/div>\n<\/div>\n<\/div>\n<\/blockquote>\n","protected":false},"excerpt":{"rendered":"<p>(Quelle: https:\/\/www.goettingen.de\/portal\/meldungen\/holtenser-berg-stadtsanierung-und-vorbereitende-untersuchungen-starten-mit-info-veranstaltung-900002803-25480.html?rubrik=900000003) 03.04.2024 | ge\u00e4ndert am 04.04.2024 Holtenser Berg: Stadtsanierung und Vorbereitende Untersuchungen starten mit Info-Veranstaltung Die Stadt G\u00f6ttingen m\u00f6chte den Holtenser Berg im Sinne des Klimaschutzes nachhaltig sanieren. Daf\u00fcr wird in den kommenden Monaten ein umfassendes Konzept entwickelt. Die Einbindung der Anwohner*innen und Eigent\u00fcmer*innen von Immobilien und Wohnungen spielt dabei eine wichtige Rolle. Eine &#8230; <a title=\"Holtenser Berg: Stadtsanierung und Vorbereitende Untersuchungen starten mit Info-Veranstaltung\" class=\"read-more\" href=\"https:\/\/rt-europaallee.de\/wordpress\/2024\/04\/holtenser-berg-stadtsanierung-und-vorbereitende-untersuchungen-starten-mit-info-veranstaltung\/\" aria-label=\"Mehr Informationen \u00fcber Holtenser Berg: Stadtsanierung und Vorbereitende Untersuchungen starten mit Info-Veranstaltung\">Weiterlesen<\/a><\/p>\n","protected":false},"author":3,"featured_media":0,"comment_status":"closed","ping_status":"open","sticky":false,"template":"","format":"standard","meta":{"footnotes":""},"categories":[1],"tags":[],"class_list":["post-15716","post","type-post","status-publish","format-standard","hentry","category-allgemein"],"_links":{"self":[{"href":"https:\/\/rt-europaallee.de\/wordpress\/wp-json\/wp\/v2\/posts\/15716","targetHints":{"allow":["GET"]}}],"collection":[{"href":"https:\/\/rt-europaallee.de\/wordpress\/wp-json\/wp\/v2\/posts"}],"about":[{"href":"https:\/\/rt-europaallee.de\/wordpress\/wp-json\/wp\/v2\/types\/post"}],"author":[{"embeddable":true,"href":"https:\/\/rt-europaallee.de\/wordpress\/wp-json\/wp\/v2\/users\/3"}],"replies":[{"embeddable":true,"href":"https:\/\/rt-europaallee.de\/wordpress\/wp-json\/wp\/v2\/comments?post=15716"}],"version-history":[{"count":1,"href":"https:\/\/rt-europaallee.de\/wordpress\/wp-json\/wp\/v2\/posts\/15716\/revisions"}],"predecessor-version":[{"id":15717,"href":"https:\/\/rt-europaallee.de\/wordpress\/wp-json\/wp\/v2\/posts\/15716\/revisions\/15717"}],"wp:attachment":[{"href":"https:\/\/rt-europaallee.de\/wordpress\/wp-json\/wp\/v2\/media?parent=15716"}],"wp:term":[{"taxonomy":"category","embeddable":true,"href":"https:\/\/rt-europaallee.de\/wordpress\/wp-json\/wp\/v2\/categories?post=15716"},{"taxonomy":"post_tag","embeddable":true,"href":"https:\/\/rt-europaallee.de\/wordpress\/wp-json\/wp\/v2\/tags?post=15716"}],"curies":[{"name":"wp","href":"https:\/\/api.w.org\/{rel}","templated":true}]}}