{"id":15719,"date":"2024-04-04T20:09:19","date_gmt":"2024-04-04T18:09:19","guid":{"rendered":"http:\/\/rt-europaallee.org\/wordpress\/?p=15719"},"modified":"2024-04-04T20:09:19","modified_gmt":"2024-04-04T18:09:19","slug":"windenergie-und-photovoltaik-in-goettingen-flaechenplanung-unter-beteiligung-der-oeffentlichkeit","status":"publish","type":"post","link":"https:\/\/rt-europaallee.de\/wordpress\/2024\/04\/windenergie-und-photovoltaik-in-goettingen-flaechenplanung-unter-beteiligung-der-oeffentlichkeit\/","title":{"rendered":"Windenergie und Photovoltaik in G\u00f6ttingen: Fl\u00e4chenplanung unter Beteiligung der \u00d6ffentlichkeit"},"content":{"rendered":"<p>(Quelle: <a href=\"https:\/\/www.goettingen.de\/portal\/meldungen\/windenergie-und-photovoltaik-in-goettingen-flaechenplanung-unter-beteiligung-der-oeffentlichkeit-900002798-25480.html?rubrik=900000003\">https:\/\/www.goettingen.de\/portal\/meldungen\/windenergie-und-photovoltaik-in-goettingen-flaechenplanung-unter-beteiligung-der-oeffentlichkeit-900002798-25480.html?rubrik=900000003<\/a>)<\/p>\n<blockquote>\n<div class=\"fusstext fusstext_oben\"><span class=\"create\">02.04.2024<\/span><span class=\"modified\"> | ge\u00e4ndert am 03.04.2024<\/span><\/p>\n<div><\/div>\n<\/div>\n<h3 class=\"kontrast-bild\">Windenergie und Photovoltaik in G\u00f6ttingen: Fl\u00e4chenplanung unter Beteiligung der \u00d6ffentlichkeit<\/h3>\n<div id=\"nolis_content_site\" class=\"nolis_content_site\">\n<p class=\"anreisser_detail\"><strong>Zum Erreichen der Klimaziele m\u00f6chte die Stadt G\u00f6ttingen den Ausbau erneuerbarer Energien f\u00f6rdern. Hierzu wurden im Rahmen einer Vorpr\u00fcfung geeignete Fl\u00e4chen f\u00fcr Windkraft- und Photovoltaikanlagen im Au\u00dfenbereich ermittelt. Zur planerischen Sicherung der Windkraftfl\u00e4chen stellt die Stadt einen sogenannten sachlichen Teilfl\u00e4chennutzungsplan \u201eWindenergie\u201c auf. Die \u00d6ffentlichkeit wird in diesem Prozess umfassend eingebunden. Vier Informationsforen sowie die fr\u00fchzeitige \u00f6ffentliche Auslegung der Planungsunterlagen bilden den n\u00e4chsten Schritt im Verfahren.<\/strong><\/p>\n<div class=\"print_href print_abbr\">\n<div class=\"template1\">\n<div class=\"platz platz1\">\n<div class=\"rahmen\">\n<div class=\"innen\">\n<p>Um \u00fcber die Planung und die weiteren Schritte zu informieren und mit den G\u00f6ttinger*innen ins Gespr\u00e4ch zu kommen, organisiert die Stadt im April vier \u00f6ffentliche Informationsveranstaltungen:<\/p>\n<ul>\n<li><strong>Stadtweite Auftaktveranstaltung <\/strong>am Dienstag, 9. April 2024, von 18.00 bis 20.00 Uhr in der Galerie Alte Feuerwache, Ritterplan 4, 37073 G\u00f6ttingen<\/li>\n<li><strong>Info-Forum West <\/strong>am Donnerstag, 11. April 2024, von 18.00 bis 20.00 Uhr in der Mehrzweckhalle Grone, Backhausstra\u00dfe 14, 37081 G\u00f6ttingen<\/li>\n<li><strong>Info-Forum S\u00fcd <\/strong>am Montag, 15. April 2024, von 18.00 bis 20.00 Uhr im Sitzungssaal der Verwaltungsstelle Geismar, Kerllsgasse 2, 37083 G\u00f6ttingen<\/li>\n<li><strong>Info-Forum Nord-Ost <\/strong>am Donnerstag, 25. April 2024, von 18.00 bis 20:00 Uhr in der Festhalle Weende, Ernst-Fahlbusch-Stra\u00dfe 20, 37077 G\u00f6ttingen.<\/li>\n<\/ul>\n<p>In den lokalen Foren wird der Fokus der Veranstaltung jeweils auf den betroffenen Bereich gelegt.<\/p>\n<p>\u201eWir wollen den Klimaschutz und die Energiewende in G\u00f6ttingen effektiv voranbringen\u201c, unterstreicht Oberb\u00fcrgermeisterin Petra Broistedt. \u201eDabei ist es uns wichtig, die Menschen in der Stadt mitzunehmen und ihre Meinung einzuholen.\u201c Die vier Foren b\u00f6ten eine gute Gelegenheit, sich zu informieren und in das Thema einzubringen. Sie hoffe daher auf eine rege Teilnahme an den Veranstaltungen.<\/p>\n<p>\u201eWir haben ambitionierte Ziele und verf\u00fcgen im Stadtgebiet \u00fcber ausreichend geeignete Fl\u00e4chen, um klimaschonend Energie zu erzeugen. Um die Energiewende vor Ort erfolgreich und gemeinsam umsetzen zu k\u00f6nnen, ist nun die \u00f6ffentliche Diskussion \u00fcber diese Fl\u00e4chen ein wichtiger Schritt,\u201c erg\u00e4nzt Bau- und Umweltdezernent Frithjof Look.<\/p>\n<h4>\u00d6ffentliche Auslegung der Vorentw\u00fcrfe vom 22. April bis 7. Mai<\/h4>\n<p>W\u00e4hrend des Beteiligungszeitraums k\u00f6nnen sich die G\u00f6ttinger*innen \u00fcber die Planungen informieren und haben die Gelegenheit, Stellungnahmen zu den Planungen abzugeben. Diese werden, in Abw\u00e4gung mit den weiteren \u00f6ffentlichen und privaten Belangen, in den Planungsprozess einbezogen.<\/p>\n<p>Der Vorentwurf des Teilfl\u00e4chennutzungsplans einschlie\u00dflich des Vorentwurfs der Begr\u00fcndung mit Umweltbericht k\u00f6nnen in der Zeit von <strong>Montag, 22. April 2024, bis Dienstag, 7. Mai 2024<\/strong>, <a class=\"link_seite nolis-link-intern\" title=\"Fr\u00fchzeitige Beteiligung (\u00a7 3 Abs. 1 BauGB)\" href=\"https:\/\/www.goettingen.de\/portal\/seiten\/fruehzeitige-beteiligung-3-abs-1-baugb--900000104-25480.html?rubrik=900000002\" target=\"_self\" rel=\"noopener\">hier online<\/a> eingesehen und abgerufen werden. Zudem werden die Planunterlagen an der Aushangtafel des Fachdienstes Stadtplanung im 11. Obergeschoss des Neuen Rathauses, Hiroshimaplatz 1-4, in G\u00f6ttingen zu den allgemeinen <a class=\"link_seite nolis-link-intern\" title=\"\u00d6ffnungszeiten &amp; Adresse\" href=\"https:\/\/www.goettingen.de\/portal\/seiten\/oeffnungszeiten-adresse-900000221-25480.html?rubrik=900000002\" target=\"_self\" rel=\"noopener\">\u00d6ffnungszeiten<\/a> ausgeh\u00e4ngt. W\u00e4hrend des Auslegungszeitraums kann sich die \u00d6ffentlichkeit elektronisch per E-Mail an <a class=\"link_katalog email nolis-link-intern nolis-link-mailto\" title=\"planbeteiligung@goettingen.de\" href=\"mailto:%70%6C%61%6E%62%65%74%65%69%6C%69%67%75%6E%67%40%67%6F%65%74%74%69%6E%67%65%6E%2E%64%65\">planbeteiligung@goettingen.de<\/a> oder schriftlich an Stadt G\u00f6ttingen, Fachdienst Stadtplanung, Hiroshimaplatz 1-4, 37083 G\u00f6ttingen zu der Planung \u00e4u\u00dfern.<\/p>\n<h4>Hintergrund der Planungen<\/h4>\n<p>Die Stadt G\u00f6ttingen hat sich verpflichtet, die Klimaneutralit\u00e4t bis 2030 anzustreben und alle daf\u00fcr erforderlichen Schritte im st\u00e4dtischen Wirkungskreis zu initiieren. Um dieses Ziel zu erreichen, ist es erforderlich, Fl\u00e4chen im Au\u00dfenbereich in Anspruch zu nehmen und diese zur Energieerzeugung \u2013 insbesondere aus Wind und Sonne \u2013 zu nutzen. \u00a0Die Stadt G\u00f6ttingen stellt einen sachlichen Teilfl\u00e4chennutzungsplan \u201eWindenergie\u201c auf, um die f\u00fcr eine Nutzung mit Windkraftanlagen geeigneten Fl\u00e4chen zu ermitteln und planerisch zu sichern. Ziel der Planung ist es, die Errichtung von Windenergieanlagen im Stadtgebiet planungsrechtlich so zu steuern, dass die Belange des Klimaschutzes, des Landschaftsschutzes, der Land- und Forstwirtschaft sowie die Sicherung der Energieversorgung miteinander in Einklang gebracht und Fehlentwicklungen vermieden werden.<\/p>\n<p>Weitere Informationen zum Verfahren sind unter <a class=\"link_seite nolis-link-intern\" title=\"Aufstellung des sachlichen Teilfl\u00e4chennutzungsplans &quot;Windenergie&quot;\" href=\"https:\/\/www.goettingen.de\/portal\/seiten\/aufstellung-des-sachlichen-teilflaechennutzungsplans-windenergie-900001126-25480.html?rubrik=900000002\" target=\"_self\" rel=\"noopener\">goe.de\/fnpwind<\/a> abrufbar.<\/p>\n<\/div>\n<\/div>\n<\/div>\n<\/div>\n<\/div>\n<\/div>\n<\/blockquote>\n","protected":false},"excerpt":{"rendered":"<p>(Quelle: https:\/\/www.goettingen.de\/portal\/meldungen\/windenergie-und-photovoltaik-in-goettingen-flaechenplanung-unter-beteiligung-der-oeffentlichkeit-900002798-25480.html?rubrik=900000003) 02.04.2024 | ge\u00e4ndert am 03.04.2024 Windenergie und Photovoltaik in G\u00f6ttingen: Fl\u00e4chenplanung unter Beteiligung der \u00d6ffentlichkeit Zum Erreichen der Klimaziele m\u00f6chte die Stadt G\u00f6ttingen den Ausbau erneuerbarer Energien f\u00f6rdern. Hierzu wurden im Rahmen einer Vorpr\u00fcfung geeignete Fl\u00e4chen f\u00fcr Windkraft- und Photovoltaikanlagen im Au\u00dfenbereich ermittelt. Zur planerischen Sicherung der Windkraftfl\u00e4chen stellt die Stadt einen sogenannten &#8230; <a title=\"Windenergie und Photovoltaik in G\u00f6ttingen: Fl\u00e4chenplanung unter Beteiligung der \u00d6ffentlichkeit\" class=\"read-more\" href=\"https:\/\/rt-europaallee.de\/wordpress\/2024\/04\/windenergie-und-photovoltaik-in-goettingen-flaechenplanung-unter-beteiligung-der-oeffentlichkeit\/\" aria-label=\"Mehr Informationen \u00fcber Windenergie und Photovoltaik in G\u00f6ttingen: Fl\u00e4chenplanung unter Beteiligung der \u00d6ffentlichkeit\">Weiterlesen<\/a><\/p>\n","protected":false},"author":3,"featured_media":0,"comment_status":"closed","ping_status":"open","sticky":false,"template":"","format":"standard","meta":{"footnotes":""},"categories":[1],"tags":[],"class_list":["post-15719","post","type-post","status-publish","format-standard","hentry","category-allgemein"],"_links":{"self":[{"href":"https:\/\/rt-europaallee.de\/wordpress\/wp-json\/wp\/v2\/posts\/15719","targetHints":{"allow":["GET"]}}],"collection":[{"href":"https:\/\/rt-europaallee.de\/wordpress\/wp-json\/wp\/v2\/posts"}],"about":[{"href":"https:\/\/rt-europaallee.de\/wordpress\/wp-json\/wp\/v2\/types\/post"}],"author":[{"embeddable":true,"href":"https:\/\/rt-europaallee.de\/wordpress\/wp-json\/wp\/v2\/users\/3"}],"replies":[{"embeddable":true,"href":"https:\/\/rt-europaallee.de\/wordpress\/wp-json\/wp\/v2\/comments?post=15719"}],"version-history":[{"count":1,"href":"https:\/\/rt-europaallee.de\/wordpress\/wp-json\/wp\/v2\/posts\/15719\/revisions"}],"predecessor-version":[{"id":15720,"href":"https:\/\/rt-europaallee.de\/wordpress\/wp-json\/wp\/v2\/posts\/15719\/revisions\/15720"}],"wp:attachment":[{"href":"https:\/\/rt-europaallee.de\/wordpress\/wp-json\/wp\/v2\/media?parent=15719"}],"wp:term":[{"taxonomy":"category","embeddable":true,"href":"https:\/\/rt-europaallee.de\/wordpress\/wp-json\/wp\/v2\/categories?post=15719"},{"taxonomy":"post_tag","embeddable":true,"href":"https:\/\/rt-europaallee.de\/wordpress\/wp-json\/wp\/v2\/tags?post=15719"}],"curies":[{"name":"wp","href":"https:\/\/api.w.org\/{rel}","templated":true}]}}