{"id":15780,"date":"2024-04-22T17:06:04","date_gmt":"2024-04-22T15:06:04","guid":{"rendered":"http:\/\/rt-europaallee.org\/wordpress\/?p=15780"},"modified":"2024-04-22T17:06:04","modified_gmt":"2024-04-22T15:06:04","slug":"hna-behinderten-wc-in-der-weststadt-ein-stueck-mehr-barrierefreiheit","status":"publish","type":"post","link":"https:\/\/rt-europaallee.de\/wordpress\/2024\/04\/hna-behinderten-wc-in-der-weststadt-ein-stueck-mehr-barrierefreiheit\/","title":{"rendered":"HNA: Behinderten-WC in der Weststadt: Ein St\u00fcck mehr Barrierefreiheit"},"content":{"rendered":"\n<p><\/p>\n\n\n<p>(Quelle: <a href=\"https:\/\/www.hna.de\/lokales\/goettingen\/goettingen-ort28741\/behinderten-wc-in-der-weststadt-ein-stueck-mehr-barrierefreiheit-93022473.html?fbclid=IwZXh0bgNhZW0CMTEAAR34uRSrL6z-SJe7kihleV2zWmD0UgRTnQMOZUQYrH146VhMTEE_9NN_0go_aem_ATp3mVV1yGRJBr6XlEqInjDQtfWf8GxJYBpaUOZvBqYrZ8j2_Fm8E8clisMiR3EbecTZ00BMf9awKWWnFZ5NQ6NH\">https:\/\/www.hna.de\/lokales\/goettingen\/goettingen-ort28741\/behinderten-wc-in-der-weststadt-ein-stueck-mehr-barrierefreiheit-93022473.html?fbclid=IwZXh0bgNhZW0CMTEAAR34uRSrL6z-SJe7kihleV2zWmD0UgRTnQMOZUQYrH146VhMTEE_9NN_0go_aem_ATp3mVV1yGRJBr6XlEqInjDQtfWf8GxJYBpaUOZvBqYrZ8j2_Fm8E8clisMiR3EbecTZ00BMf9awKWWnFZ5NQ6NH<\/a>)<\/p>\n<blockquote>\n<h1 class=\"id-StoryElement-headline\">Behinderten-WC in der Weststadt: Ein St\u00fcck mehr Barrierefreiheit<\/h1>\n<p class=\"id-Story-timestamp id-Story-timestamp--default\"><span class=\"id-Story-timestamp-content\"><span class=\"id-Story-timestamp-content-prefix\">Stand: <\/span><time datetime=\"2024-04-20 05:58\">20.04.2024, 05:58 Uhr<\/time><\/span><\/p>\n<p class=\"id-Story-authors id-Story-authors--default\"><span class=\"id-Story-authors-by\">Von: <\/span><a class=\"id-Story-authors-link lp_west_author\" title=\"Zur Autorenseite von Eike Rustemeyer\" href=\"https:\/\/www.hna.de\/autoren\/19117\/\" data-id-ec=\"{&quot;shn&quot;:&quot;Story&quot;,&quot;sht&quot;:&quot;Container&quot;,&quot;p&quot;:{&quot;containerType&quot;:&quot;Authors&quot;,&quot;displayType&quot;:&quot;Story Author-Link&quot;,&quot;type&quot;:&quot;INSERTED_AUTHORS&quot;,&quot;value&quot;:&quot;Eike Rustemeyer&quot;,&quot;position&quot;:&quot;1&quot;,&quot;storyElementPosition&quot;:&quot;4&quot;,&quot;storyElementCount&quot;:&quot;31&quot;}}\" data-k5a-pos=\"west_author\" data-id-em=\"1\">Eike Rustemeyer<\/a><\/p>\n<h3 class=\"id-StoryElement-leadText\">&#8230;<\/h3>\n<p class=\"id-StoryElement-leadText\">Seit Jahresbeginn gibt es endlich eine barrierefreie, \u00f6ffentliche Toilette in der G\u00f6ttinger Weststadt. Das ist f\u00fcr viele ein wichtiges Angebot.<\/p>\n<p class=\"id-StoryElement-paragraph\">G\u00f6ttingen \u2013 Seit Anfang des Jahres gibt die erste und einzige immer erreichbare barrierefreie Toilette in der gesamten <a class=\"id-import-Link\" href=\"https:\/\/www.hna.de\/lokales\/goettingen\/\" target=\"_blank\" rel=\"nofollow noopener\" data-id-ec=\"{&quot;sht&quot;:&quot;Container&quot;,&quot;shn&quot;:&quot;Story&quot;,&quot;p&quot;:{&quot;containerType&quot;:&quot;Paragraph&quot;,&quot;displayType&quot;:&quot;Paragraph InlineLink&quot;,&quot;type&quot;:&quot;INLINE_LINK&quot;,&quot;value&quot;:&quot;G\u00f6ttinger&quot;,&quot;variant&quot;:&quot;standardLink&quot;,&quot;sponsored&quot;:false,&quot;storyElementPosition&quot;:8,&quot;storyElementCount&quot;:31}}\" data-id-em=\"1\">G\u00f6ttinger<\/a> Weststadt, mit Standort im Musa-Kulturzentrum.<\/p>\n<h3>&#8230;<\/h3>\n<\/blockquote>","protected":false},"excerpt":{"rendered":"<p>(Quelle: https:\/\/www.hna.de\/lokales\/goettingen\/goettingen-ort28741\/behinderten-wc-in-der-weststadt-ein-stueck-mehr-barrierefreiheit-93022473.html?fbclid=IwZXh0bgNhZW0CMTEAAR34uRSrL6z-SJe7kihleV2zWmD0UgRTnQMOZUQYrH146VhMTEE_9NN_0go_aem_ATp3mVV1yGRJBr6XlEqInjDQtfWf8GxJYBpaUOZvBqYrZ8j2_Fm8E8clisMiR3EbecTZ00BMf9awKWWnFZ5NQ6NH) Behinderten-WC in der Weststadt: Ein St\u00fcck mehr Barrierefreiheit Stand: 20.04.2024, 05:58 Uhr Von: Eike Rustemeyer &#8230; Seit Jahresbeginn gibt es endlich eine barrierefreie, \u00f6ffentliche Toilette in der G\u00f6ttinger Weststadt. Das ist f\u00fcr viele ein wichtiges Angebot. G\u00f6ttingen \u2013 Seit Anfang des Jahres gibt die erste und einzige immer erreichbare barrierefreie Toilette in der &#8230; <a title=\"HNA: Behinderten-WC in der Weststadt: Ein St\u00fcck mehr Barrierefreiheit\" class=\"read-more\" href=\"https:\/\/rt-europaallee.de\/wordpress\/2024\/04\/hna-behinderten-wc-in-der-weststadt-ein-stueck-mehr-barrierefreiheit\/\" aria-label=\"Mehr Informationen \u00fcber HNA: Behinderten-WC in der Weststadt: Ein St\u00fcck mehr Barrierefreiheit\">Weiterlesen<\/a><\/p>\n","protected":false},"author":3,"featured_media":0,"comment_status":"closed","ping_status":"open","sticky":false,"template":"","format":"standard","meta":{"footnotes":""},"categories":[1],"tags":[],"class_list":["post-15780","post","type-post","status-publish","format-standard","hentry","category-allgemein"],"_links":{"self":[{"href":"https:\/\/rt-europaallee.de\/wordpress\/wp-json\/wp\/v2\/posts\/15780","targetHints":{"allow":["GET"]}}],"collection":[{"href":"https:\/\/rt-europaallee.de\/wordpress\/wp-json\/wp\/v2\/posts"}],"about":[{"href":"https:\/\/rt-europaallee.de\/wordpress\/wp-json\/wp\/v2\/types\/post"}],"author":[{"embeddable":true,"href":"https:\/\/rt-europaallee.de\/wordpress\/wp-json\/wp\/v2\/users\/3"}],"replies":[{"embeddable":true,"href":"https:\/\/rt-europaallee.de\/wordpress\/wp-json\/wp\/v2\/comments?post=15780"}],"version-history":[{"count":1,"href":"https:\/\/rt-europaallee.de\/wordpress\/wp-json\/wp\/v2\/posts\/15780\/revisions"}],"predecessor-version":[{"id":15781,"href":"https:\/\/rt-europaallee.de\/wordpress\/wp-json\/wp\/v2\/posts\/15780\/revisions\/15781"}],"wp:attachment":[{"href":"https:\/\/rt-europaallee.de\/wordpress\/wp-json\/wp\/v2\/media?parent=15780"}],"wp:term":[{"taxonomy":"category","embeddable":true,"href":"https:\/\/rt-europaallee.de\/wordpress\/wp-json\/wp\/v2\/categories?post=15780"},{"taxonomy":"post_tag","embeddable":true,"href":"https:\/\/rt-europaallee.de\/wordpress\/wp-json\/wp\/v2\/tags?post=15780"}],"curies":[{"name":"wp","href":"https:\/\/api.w.org\/{rel}","templated":true}]}}