{"id":15795,"date":"2024-04-25T14:01:19","date_gmt":"2024-04-25T12:01:19","guid":{"rendered":"http:\/\/rt-europaallee.org\/wordpress\/?p=15795"},"modified":"2024-04-25T14:01:19","modified_gmt":"2024-04-25T12:01:19","slug":"landkreis-goettingen-teilplan-windenergie-windenergieausbau-im-landkreis-goettingen","status":"publish","type":"post","link":"https:\/\/rt-europaallee.de\/wordpress\/2024\/04\/landkreis-goettingen-teilplan-windenergie-windenergieausbau-im-landkreis-goettingen\/","title":{"rendered":"Landkreis G\u00f6ttingen: Teilplan Windenergie: Windenergieausbau im Landkreis G\u00f6ttingen"},"content":{"rendered":"<p>(Quelle: <a href=\"https:\/\/www.landkreisgoettingen.de\/aktuelles\/pressemeldungen\/teilplan-windenergie-windenergieausbau-im-landkreis-goettingen\">https:\/\/www.landkreisgoettingen.de\/aktuelles\/pressemeldungen\/teilplan-windenergie-windenergieausbau-im-landkreis-goettingen<\/a>)<\/p>\n<blockquote>\n<div class=\"mb-3\">\n<h1>Teilplan Windenergie: Windenergieausbau im Landkreis G\u00f6ttingen<\/h1>\n<div class=\"extra\"><i class=\"far fa-calendar-alt ml-2\"><\/i><time class=\"pl-1\" datetime=\"2024-04-25\"> 25.04.2024 <\/time><\/div>\n<\/div>\n<div class=\"news-text-wrap\">\n<p><strong>Das Gesetz des Landes Niedersachsen zum beschleunigten Ausbau der Windenergie an Land ist seit dem 19. April rechtskr\u00e4ftig. Der Landkreis G\u00f6ttingen muss Fl\u00e4chen f\u00fcr die Windenergie ausweisen und das Fl\u00e4chenziel aus dem Gesetz erf\u00fcllen.\u00a0 <\/strong><\/p>\n<p><strong>Beschleunigung des Windenergieausbaus<\/strong><\/p>\n<p>Ziel der gesetzlichen Vorgaben ist die Beschleunigung der Energiewende. Da der Windenergie aufgrund der h\u00f6heren Leistungseffizienz gegen\u00fcber der Solarenergie der gr\u00f6\u00dfte Part im Energiemix zukommt, zielt die Beschleunigung besonders auf die Fl\u00e4chenausweisung f\u00fcr Windenergie. Deshalb hat der Landkreis G\u00f6ttingen den Entwurf f\u00fcr einen Teilplan Windenergie erarbeitet. Dem vorausgegangen war bereits ein erster Entwurf der Fl\u00e4chenfestlegungen f\u00fcr die Windenergienutzung im Jahr 2021 mit dem 1. Entwurf des Regionalen Raumordnungsprogramms 2020 \u2013 allerdings unter inzwischen wesentlich ge\u00e4nderten gesetzlichen Rahmenbedingungen.<\/p>\n<p class=\"Zwischenberschrift\"><strong>Von der Ausschlusswirkung zur Positivplanung<\/strong><\/p>\n<p>Die k\u00fcrzlich auf Bundesebene beschlossenen Gesetzes\u00e4nderungen, bekannt als das Osterpaket, das Sommerpaket und das Wind-an-Land-Gesetz (WaLG), haben zu einem Paradigmenwechsel von einer Ausschluss- zu einer Positivplanung gef\u00fchrt. Diese \u00c4nderungen bewirken tiefgreifende Anpassungen in der regionalen Planungssteuerung f\u00fcr die Ausweisung von Fl\u00e4chen f\u00fcr Windenergieanlagen (WEA).<\/p>\n<p>Im Rahmen des Windenergiefl\u00e4chenbedarfsgesetzes (WindBG) wurden f\u00fcr Niedersachsen ambitionierte Fl\u00e4chenziele gesetzt, die das Land Niedersachsen wiederum im aktuell beschlossenen Nieders\u00e4chsische Gesetz zur Umsetzung des Windenergiefl\u00e4chenbedarfsgesetzes und \u00fcber Berichtspflichten \u2013 (NWindG, kurz Nds. Windgesetz) mit Teilfl\u00e4chenzielen f\u00fcr alle Landkreise konkretisiert hat. F\u00fcr den Landkreis G\u00f6ttingen ist ein Zwischenziel von 0,9 Prozent bis 2027 und bis 2032 ein Fl\u00e4chenziel von 1,16 Prozent der Landkreisfl\u00e4che f\u00fcr Windenergie festgelegt.<\/p>\n<p class=\"Zwischenberschrift\"><strong>Gesetzlich vorgeschriebene Verfahrensschritte<\/strong><\/p>\n<p>Der Teilplan Windenergie wird aus der RROP-Neuaufstellung 2020 abgekoppelt. F\u00fcr die weitere Umsetzung des Teilplans Windenergie werden nun die n\u00e4chsten Verfahrensschritte eingeleitet. Die \u00f6ffentliche Auslegung ist f\u00fcr Juni 2024 geplant. Die Informationsveranstaltungen f\u00fcr die B\u00fcrgerinnen und B\u00fcrger des Landkreises sind vorab f\u00fcr Ende Mai und Anfang Juni 2024 angesetzt.<\/p>\n<p class=\"Zwischenberschrift\"><strong>\u201eSuperprivilegierung\u201c soll vermieden werden<\/strong><\/p>\n<p>Ziel ist es, auf der Kreisfl\u00e4che das Teilfl\u00e4chenziel von 1,16 Prozent aus dem NWindG durch die Ausweisung von Vorranggebieten f\u00fcr Windenergienutzung im Teilplan Windenergie dauerhaft zu erreichen, um eine Superprivilegierung von Windenergieanlagen im gesamten Landkreis zu vermeiden: Denn wenn das Teilfl\u00e4chenziel nicht im vorgegebenen Zeitrahmen erreicht wird, gelten Windenergieanlagen weiterhin im gesamten Planungsraum als sog. privilegierte Vorhaben. Beim Verfehlen der Teilfl\u00e4chenziele k\u00f6nnen Raumordnungs- und Fl\u00e4chennutzungspl\u00e4ne eine Genehmigung somit nicht mehr verhindern.<\/p>\n<p>\u201eDer Landkreis G\u00f6ttingen bekr\u00e4ftigt mit diesen Ma\u00dfnahmen sein Engagement f\u00fcr eine nachhaltige und b\u00fcrgernahe Energiepolitik, die den Ausbau erneuerbarer Energien f\u00f6rdert und gleichzeitig die regionalen und gesetzlichen Anforderungen erf\u00fcllt\u201c, bekr\u00e4ftigt die Erste Kreisr\u00e4tin Doreen Fragel vorab.<\/p>\n<p>Weitere Informationen finden sich im Landkreisportal unter <a href=\"http:\/\/www.landkreisgoettingen.de\/TP-Wind\" target=\"_blank\" rel=\"noopener\">www.landkreisgoettingen.de\/TP-Wind<\/a>. Die Seite wird regelm\u00e4\u00dfig aktualisiert.<\/p>\n<p class=\"Zwischenberschrift\"><strong>Termine Informationsveranstaltungen<\/strong><\/p>\n<ul>\n<li>Digital per Zoom am 30.05.2024, 18:00 bis 20:00 Uhr<\/li>\n<li>vor Ort in Herzberg am Harz am 04.06.2024 (Ernst-Moritz-Arndt- Gymnasium), 18:00 bis 20:30 Uhr<\/li>\n<li>vor Ort in G\u00f6ttingen am 05.06.2024 (BBS II G\u00f6ttingen), 18:00 bis 20:30 Uhr<\/li>\n<\/ul>\n<p>Anmeldungen sind m\u00f6glich unter <a href=\"http:\/\/www.landkreisgoettingen.de\/TP-Wind-Anmeldung\" target=\"_blank\" rel=\"noopener\">www.landkreisgoettingen.de\/TP-Wind-Anmeldung<\/a><\/p>\n<p class=\"Zwischenberschrift\"><strong>Termine Aussch\u00fcsse<\/strong><\/p>\n<p>Der Ausschuss f\u00fcr Wirtschaft, Verkehr, Bauen, Planen und Energie ber\u00e4t am Dienstag, 14.05.2024, um 16:00 Uhr im Gro\u00dfen Sitzungssaal 018, Reinh\u00e4user Landstra\u00dfe 4, 37083 G\u00f6ttingen \u00fcber den Teilplan Windenergie 2024. Am Mittwoch, 29.05.2024 steht der Teilplan im Kreistag des Landkreises G\u00f6ttingen, Ratssaal des Neuen Rathauses der Stadt G\u00f6ttingen, Hiroshimaplatz 1-4, 37083 G\u00f6ttingen zur Abstimmung. Beginn ist um 15:00 Uhr.<\/p>\n<\/div>\n<\/blockquote>\n","protected":false},"excerpt":{"rendered":"<p>(Quelle: https:\/\/www.landkreisgoettingen.de\/aktuelles\/pressemeldungen\/teilplan-windenergie-windenergieausbau-im-landkreis-goettingen) Teilplan Windenergie: Windenergieausbau im Landkreis G\u00f6ttingen 25.04.2024 Das Gesetz des Landes Niedersachsen zum beschleunigten Ausbau der Windenergie an Land ist seit dem 19. April rechtskr\u00e4ftig. Der Landkreis G\u00f6ttingen muss Fl\u00e4chen f\u00fcr die Windenergie ausweisen und das Fl\u00e4chenziel aus dem Gesetz erf\u00fcllen.\u00a0 Beschleunigung des Windenergieausbaus Ziel der gesetzlichen Vorgaben ist die Beschleunigung der Energiewende. &#8230; <a title=\"Landkreis G\u00f6ttingen: Teilplan Windenergie: Windenergieausbau im Landkreis G\u00f6ttingen\" class=\"read-more\" href=\"https:\/\/rt-europaallee.de\/wordpress\/2024\/04\/landkreis-goettingen-teilplan-windenergie-windenergieausbau-im-landkreis-goettingen\/\" aria-label=\"Mehr Informationen \u00fcber Landkreis G\u00f6ttingen: Teilplan Windenergie: Windenergieausbau im Landkreis G\u00f6ttingen\">Weiterlesen<\/a><\/p>\n","protected":false},"author":3,"featured_media":0,"comment_status":"closed","ping_status":"open","sticky":false,"template":"","format":"standard","meta":{"footnotes":""},"categories":[1],"tags":[],"class_list":["post-15795","post","type-post","status-publish","format-standard","hentry","category-allgemein"],"_links":{"self":[{"href":"https:\/\/rt-europaallee.de\/wordpress\/wp-json\/wp\/v2\/posts\/15795","targetHints":{"allow":["GET"]}}],"collection":[{"href":"https:\/\/rt-europaallee.de\/wordpress\/wp-json\/wp\/v2\/posts"}],"about":[{"href":"https:\/\/rt-europaallee.de\/wordpress\/wp-json\/wp\/v2\/types\/post"}],"author":[{"embeddable":true,"href":"https:\/\/rt-europaallee.de\/wordpress\/wp-json\/wp\/v2\/users\/3"}],"replies":[{"embeddable":true,"href":"https:\/\/rt-europaallee.de\/wordpress\/wp-json\/wp\/v2\/comments?post=15795"}],"version-history":[{"count":1,"href":"https:\/\/rt-europaallee.de\/wordpress\/wp-json\/wp\/v2\/posts\/15795\/revisions"}],"predecessor-version":[{"id":15796,"href":"https:\/\/rt-europaallee.de\/wordpress\/wp-json\/wp\/v2\/posts\/15795\/revisions\/15796"}],"wp:attachment":[{"href":"https:\/\/rt-europaallee.de\/wordpress\/wp-json\/wp\/v2\/media?parent=15795"}],"wp:term":[{"taxonomy":"category","embeddable":true,"href":"https:\/\/rt-europaallee.de\/wordpress\/wp-json\/wp\/v2\/categories?post=15795"},{"taxonomy":"post_tag","embeddable":true,"href":"https:\/\/rt-europaallee.de\/wordpress\/wp-json\/wp\/v2\/tags?post=15795"}],"curies":[{"name":"wp","href":"https:\/\/api.w.org\/{rel}","templated":true}]}}