{"id":15804,"date":"2024-04-26T16:00:48","date_gmt":"2024-04-26T14:00:48","guid":{"rendered":"http:\/\/rt-europaallee.org\/wordpress\/?p=15804"},"modified":"2024-04-26T16:00:48","modified_gmt":"2024-04-26T14:00:48","slug":"groner-landstrasse-9-neues-konzept-soll-sperrmuellberge-verhindern","status":"publish","type":"post","link":"https:\/\/rt-europaallee.de\/wordpress\/2024\/04\/groner-landstrasse-9-neues-konzept-soll-sperrmuellberge-verhindern\/","title":{"rendered":"Groner Landstra\u00dfe 9: Neues Konzept soll Sperrm\u00fcllberge verhindern"},"content":{"rendered":"<p>(Quelle: <a href=\"https:\/\/www.goettingen.de\/portal\/meldungen\/groner-landstrasse-9-neues-konzept-soll-sperrmuellberge-verhindern-900002893-25480.html?rubrik=900000002\">https:\/\/www.goettingen.de\/portal\/meldungen\/groner-landstrasse-9-neues-konzept-soll-sperrmuellberge-verhindern-900002893-25480.html?rubrik=900000002<\/a>)<\/p>\n<blockquote>\n<div class=\"fusstext fusstext_oben\"><span class=\"create\">26.04.2024<\/span>\n<div>\u00a0<\/div>\n<\/div>\n<h3 class=\"kontrast-bild\">Groner Landstra\u00dfe 9: Neues Konzept soll Sperrm\u00fcllberge verhindern<\/h3>\n<div id=\"nolis_content_site\" class=\"nolis_content_site\">\n<p class=\"anreisser_detail\"><strong>Sperrm\u00fcll, Elektroschrott, Autoreifen mit und ohne Felgen, K\u00fchlschr\u00e4nke, Alt\u00f6l, Bildschirme und Feuerl\u00f6scher \u2013 es waren Abf\u00e4lle wie diese, die sich am Wohnkomplex Groner Landstra\u00dfe 9 \u00fcber Wochen t\u00fcrmten. Insgesamt sind rund 35 Tonnen Abfall zusammengekommen, die von Montag, 15. April 2024 bis Mittwoch, 24. April, eingesammelt und fachgerecht entsorgt wurden. Aufgrund der Menge und der Witterungsbedingungen musste die urspr\u00fcnglich f\u00fcr eine Woche angesetzte Aktion um drei Tage verl\u00e4ngert werden. Gerechnet hatte die Stadt mit rund 20 Tonnen Abfall. Ein neues Konzept soll weitere Sperrm\u00fcllberge in der Wohnanlage vermeiden.<\/strong><\/p>\n<div class=\"print_href print_abbr\">\n<div class=\"template1\">\n<div class=\"platz platz1\">\n<div class=\"rahmen\">\n<div class=\"innen\">\n<p>Mit dem neuen Konzept m\u00f6chte die Stabsstelle zur Verbesserung prek\u00e4rer Wohnimmobilien der Stadt G\u00f6ttingen erreichen, dass das Abfallproblem vor Ort dauerhaft gel\u00f6st wird. Dazu hat sie sich mit der Unteren Abfallbeh\u00f6rde, den G\u00f6ttinger Entsorgungsbetrieben (GEB) und der Hausverwaltung der Groner Landstra\u00dfe 9 zusammengesetzt. Vereinbart wurde, dass die GEB zuk\u00fcnftig regelm\u00e4\u00dfig bis zu 16 Kubikmeter Sperrm\u00fcll abholen. Die Hausverwaltung stellt sicher, dass der Sperrm\u00fcll nach M\u00fcllarten getrennt abholbereit bereitsteht. Die Hausverwaltung geht davon aus, dass auf Basis dieser Vereinbarung ein ordentlicher Zustand gew\u00e4hrleistet werden kann.<\/p>\n<h4>Hintergrund<\/h4>\n<p>Der Sperrm\u00fcll hatte sich \u00fcber mehrere Monate angeh\u00e4uft und war unsachgem\u00e4\u00df sowie unsortiert in den Au\u00dfenanlagen abgelegt worden. Die Eigent\u00fcmergemeinschaft war mehrfach durch die Stadt G\u00f6ttingen aufgefordert worden, den M\u00fcll zu entsorgen. Dem war sie aber nicht nachgekommen, sodass die Stadt im Wege der sogenannten Ersatzvornahme t\u00e4tig wurde: Sie hat den Sperrm\u00fcll durch die Besch\u00e4ftigungsf\u00f6rderung G\u00f6ttingen sowie durch die GEB abtransportieren und entsorgen lassen und wird die entstandenen Kosten der Eigent\u00fcmergemeinschaft in Rechnung stellen.<\/p>\n<p>Abgeholt wurden<br \/><br \/><\/p>\n<ul>\n<li>Sperrm\u00fcll- \/Hausm\u00fcll: \u00a0 250 m\u00b3<\/li>\n<li>Autoreifen mit \/ ohne Felgen: 20 m\u00b3<\/li>\n<li>Elektroschrott (Kleinger\u00e4te): 1 m\u00b3<\/li>\n<li>Elektroschrott (Bildschirme): 2 m\u00b3<\/li>\n<li>Waschmaschine: 1 St\u00fcck<\/li>\n<li>K\u00fchlger\u00e4te: 7 St\u00fcck<\/li>\n<li>Schadstoffe wie Alt\u00f6l, Haushaltschemie, L\u00f6sungs- u. Reinigungsmittel: 0,2 m\u00b3<\/li>\n<li>Feuerl\u00f6scher: 22 St\u00fcck<\/li>\n<\/ul>\n<\/div>\n<\/div>\n<\/div>\n<\/div>\n<\/div>\n<\/div>\n<\/blockquote>\n\n\n<p><\/p>\n","protected":false},"excerpt":{"rendered":"<p>(Quelle: https:\/\/www.goettingen.de\/portal\/meldungen\/groner-landstrasse-9-neues-konzept-soll-sperrmuellberge-verhindern-900002893-25480.html?rubrik=900000002) 26.04.2024 \u00a0 Groner Landstra\u00dfe 9: Neues Konzept soll Sperrm\u00fcllberge verhindern Sperrm\u00fcll, Elektroschrott, Autoreifen mit und ohne Felgen, K\u00fchlschr\u00e4nke, Alt\u00f6l, Bildschirme und Feuerl\u00f6scher \u2013 es waren Abf\u00e4lle wie diese, die sich am Wohnkomplex Groner Landstra\u00dfe 9 \u00fcber Wochen t\u00fcrmten. Insgesamt sind rund 35 Tonnen Abfall zusammengekommen, die von Montag, 15. April 2024 bis Mittwoch, &#8230; <a title=\"Groner Landstra\u00dfe 9: Neues Konzept soll Sperrm\u00fcllberge verhindern\" class=\"read-more\" href=\"https:\/\/rt-europaallee.de\/wordpress\/2024\/04\/groner-landstrasse-9-neues-konzept-soll-sperrmuellberge-verhindern\/\" aria-label=\"Mehr Informationen \u00fcber Groner Landstra\u00dfe 9: Neues Konzept soll Sperrm\u00fcllberge verhindern\">Weiterlesen<\/a><\/p>\n","protected":false},"author":3,"featured_media":0,"comment_status":"closed","ping_status":"open","sticky":false,"template":"","format":"standard","meta":{"footnotes":""},"categories":[1],"tags":[],"class_list":["post-15804","post","type-post","status-publish","format-standard","hentry","category-allgemein"],"_links":{"self":[{"href":"https:\/\/rt-europaallee.de\/wordpress\/wp-json\/wp\/v2\/posts\/15804","targetHints":{"allow":["GET"]}}],"collection":[{"href":"https:\/\/rt-europaallee.de\/wordpress\/wp-json\/wp\/v2\/posts"}],"about":[{"href":"https:\/\/rt-europaallee.de\/wordpress\/wp-json\/wp\/v2\/types\/post"}],"author":[{"embeddable":true,"href":"https:\/\/rt-europaallee.de\/wordpress\/wp-json\/wp\/v2\/users\/3"}],"replies":[{"embeddable":true,"href":"https:\/\/rt-europaallee.de\/wordpress\/wp-json\/wp\/v2\/comments?post=15804"}],"version-history":[{"count":1,"href":"https:\/\/rt-europaallee.de\/wordpress\/wp-json\/wp\/v2\/posts\/15804\/revisions"}],"predecessor-version":[{"id":15805,"href":"https:\/\/rt-europaallee.de\/wordpress\/wp-json\/wp\/v2\/posts\/15804\/revisions\/15805"}],"wp:attachment":[{"href":"https:\/\/rt-europaallee.de\/wordpress\/wp-json\/wp\/v2\/media?parent=15804"}],"wp:term":[{"taxonomy":"category","embeddable":true,"href":"https:\/\/rt-europaallee.de\/wordpress\/wp-json\/wp\/v2\/categories?post=15804"},{"taxonomy":"post_tag","embeddable":true,"href":"https:\/\/rt-europaallee.de\/wordpress\/wp-json\/wp\/v2\/tags?post=15804"}],"curies":[{"name":"wp","href":"https:\/\/api.w.org\/{rel}","templated":true}]}}