{"id":15806,"date":"2024-04-26T16:10:50","date_gmt":"2024-04-26T14:10:50","guid":{"rendered":"http:\/\/rt-europaallee.org\/wordpress\/?p=15806"},"modified":"2024-04-26T16:10:50","modified_gmt":"2024-04-26T14:10:50","slug":"goettingerinnen-koennen-bei-der-europawahl-am-sonntag-9-juni-2024-ueber-die-beiden-buergerentscheide-radentscheid-i-allgemeine-strategien-und-radentscheid-ii","status":"publish","type":"post","link":"https:\/\/rt-europaallee.de\/wordpress\/2024\/04\/goettingerinnen-koennen-bei-der-europawahl-am-sonntag-9-juni-2024-ueber-die-beiden-buergerentscheide-radentscheid-i-allgemeine-strategien-und-radentscheid-ii\/","title":{"rendered":"G\u00f6ttinger*innen k\u00f6nnen bei der Europawahl am Sonntag, 9. Juni 2024, \u00fcber die beiden B\u00fcrgerentscheide \u201eRadentscheid I \u2013 Allgemeine Strategien\u201c und \u201eRadentscheid II \u2013 Radverkehrsanlagen in der Kernstadt\u201c"},"content":{"rendered":"<p>(Quelle: <a href=\"https:\/\/www.goettingen.de\/portal\/meldungen\/buergerentscheide-goettinger-innen-koennen-am-9-juni-abstimmen-900002862-25480.html?rubrik=900000002\">https:\/\/www.goettingen.de\/portal\/meldungen\/buergerentscheide-goettinger-innen-koennen-am-9-juni-abstimmen-900002862-25480.html?rubrik=900000002<\/a>)<\/p>\n<blockquote>\n<div class=\"fusstext fusstext_oben\"><span class=\"create\">26.04.2024<\/span>\n<div>\u00a0<\/div>\n<\/div>\n<h3 class=\"kontrast-bild\">B\u00fcrgerentscheide: G\u00f6ttinger*innen k\u00f6nnen am 9. Juni abstimmen<\/h3>\n<div id=\"nolis_content_site\" class=\"nolis_content_site\">\n<p class=\"anreisser_detail\"><strong>Ja oder Nein zu den B\u00fcrgerentscheiden? G\u00f6ttinger*innen k\u00f6nnen am Tag der Europawahl am Sonntag, 9. Juni 2024, \u00fcber die beiden B\u00fcrgerentscheide \u201eRadentscheid I \u2013 Allgemeine Strategien\u201c und \u201eRadentscheid II \u2013 Radverkehrsanlagen in der Kernstadt\u201c abstimmen. Dabei geht es um Ma\u00dfnahmen zur F\u00f6rderung des Radverkehrs im Umfang von 39,4 Millionen Euro f\u00fcr Radentscheid I und 56,4 Millionen f\u00fcr Radentscheid II.<\/strong><\/p>\n<div class=\"print_href print_abbr\">\n<div class=\"template1\">\n<div class=\"platz platz1\">\n<div class=\"rahmen\">\n<div class=\"innen\">\n<p>Der Rat der Stadt G\u00f6ttingen hatte in seiner Sitzung am 12. April 2024 die <a class=\"link_katalog nolis-link-intern\" title=\"Link zu Amtsblatt 06\/2024 (https:\/\/www.goettingen.de\/downloads\/datei\/OTE1YmQ1YzdlYWYwMzViNkxlZ3B0Q2dwMk1RNHUwOGJ3Y2VLYk1yRFl3Tmc3MVBJdFZiZ0xYSUJkOW51K3R5dGk1am0rd3FwcFZObHFxTnFoYytWc1NjQ0dTTUQ1c255R3VjU1ZPdjVkeFpBYlVCcythSktxcG83RGdqTEUyakZlbUdpS3J6blpNOS9iUG56aTJTUFFHMFFNRys0ekpHRDY5bURMZz09)\" href=\"https:\/\/www.goettingen.de\/downloads\/datei\/OTE1YmQ1YzdlYWYwMzViNkxlZ3B0Q2dwMk1RNHUwOGJ3Y2VLYk1yRFl3Tmc3MVBJdFZiZ0xYSUJkOW51K3R5dGk1am0rd3FwcFZObHFxTnFoYytWc1NjQ0dTTUQ1c255R3VjU1ZPdjVkeFpBYlVCcythSktxcG83RGdqTEUyakZlbUdpS3J6blpNOS9iUG56aTJTUFFHMFFNRys0ekpHRDY5bURMZz09\" target=\"_blank\" rel=\"noopener\">Satzungen zur Durchf\u00fchrung der B\u00fcrgerentscheide<\/a> beschlossen und damit den Weg frei f\u00fcr die Abstimmung am Tag der Europawahl gemacht. Zuvor hatte der st\u00e4dtische Verwaltungsausschuss in nicht\u00f6ffentlicher Sitzung entschieden, dass beide B\u00fcrgerbegehren endg\u00fcltig zul\u00e4ssig sind. \u00a0<\/p>\n<div class=\"texbausteine_klappbar container_tabelle_katalog container_tabelle_katalog_900000265\">\n<div class=\"style2 managerbox block-textbaustein tabelle_katalog\">\n<h5 class=\"zugeklappt\"><span class=\"head_container schalterZahl_1\"><span id=\"manager_titel_0005404ab814ffc308e91ca3910f3bd31\" class=\"manager_titel_container zugeklappt\"><span class=\"manager_titel\" title=\"Darum geht es\"><a class=\"toggle\" title=\"zuklappen \/ aufklappen\" href=\"https:\/\/www.goettingen.de\/portal\/meldungen\/buergerentscheide-goettinger-innen-koennen-am-9-juni-abstimmen-900002862-25480.html?rubrik=900000002#\">Darum geht es<\/a><\/span><\/span><\/span><\/h5>\n<\/div>\n<div class=\"managertrenner block-textbaustein tabelle_katalog kontrast-bg\">\u00a0<\/div>\n<div class=\"style2 managerbox block-textbaustein tabelle_katalog\">\n<h5 class=\"zugeklappt\"><span class=\"head_container schalterZahl_1\"><span id=\"manager_titel_0005404ab814ffc308e91ca3910f3bd32\" class=\"manager_titel_container zugeklappt\"><span class=\"manager_titel\" title=\"Muster-Stimmzettel\"><a class=\"toggle\" title=\"zuklappen \/ aufklappen\" href=\"https:\/\/www.goettingen.de\/portal\/meldungen\/buergerentscheide-goettinger-innen-koennen-am-9-juni-abstimmen-900002862-25480.html?rubrik=900000002#\">Muster-Stimmzettel<\/a><\/span><\/span><\/span><\/h5>\n<\/div>\n<div class=\"managertrenner block-textbaustein tabelle_katalog kontrast-bg\">\u00a0<\/div>\n<div class=\"style2 managerbox block-textbaustein tabelle_katalog\">\n<h5 class=\"zugeklappt\"><span class=\"head_container schalterZahl_1\"><span id=\"manager_titel_0005404ab814ffc308e91ca3910f3bd33\" class=\"manager_titel_container zugeklappt\"><span class=\"manager_titel\" title=\"Wer kann w\u00e4hlen?\"><a class=\"toggle\" title=\"zuklappen \/ aufklappen\" href=\"https:\/\/www.goettingen.de\/portal\/meldungen\/buergerentscheide-goettinger-innen-koennen-am-9-juni-abstimmen-900002862-25480.html?rubrik=900000002#\">Wer kann w\u00e4hlen?<\/a><\/span><\/span><\/span><\/h5>\n<\/div>\n<div class=\"managertrenner block-textbaustein tabelle_katalog kontrast-bg\">\u00a0<\/div>\n<div class=\"style2 managerbox block-textbaustein tabelle_katalog\">\n<h5 class=\"zugeklappt\"><span class=\"head_container schalterZahl_1\"><span id=\"manager_titel_0005404ab814ffc308e91ca3910f3bd34\" class=\"manager_titel_container zugeklappt\"><span class=\"manager_titel\" title=\"Erforderlicher Stimmenanteil\"><a class=\"toggle\" title=\"zuklappen \/ aufklappen\" href=\"https:\/\/www.goettingen.de\/portal\/meldungen\/buergerentscheide-goettinger-innen-koennen-am-9-juni-abstimmen-900002862-25480.html?rubrik=900000002#\">Erforderlicher Stimmenanteil<\/a><\/span><\/span><\/span><\/h5>\n<\/div>\n<div class=\"managertrenner block-textbaustein tabelle_katalog kontrast-bg\">\u00a0<\/div>\n<div class=\"style2 managerbox block-textbaustein tabelle_katalog\">\n<h5 class=\"zugeklappt\"><span class=\"head_container schalterZahl_1\"><span id=\"manager_titel_0005404ab814ffc308e91ca3910f3bd35\" class=\"manager_titel_container zugeklappt\"><span class=\"manager_titel\" title=\"Wie und wann wird abgestimmt?\"><a class=\"toggle\" title=\"zuklappen \/ aufklappen\" href=\"https:\/\/www.goettingen.de\/portal\/meldungen\/buergerentscheide-goettinger-innen-koennen-am-9-juni-abstimmen-900002862-25480.html?rubrik=900000002#\">Wie und wann wird abgestimmt?<\/a><\/span><\/span><\/span><\/h5>\n<\/div>\n<div class=\"managertrenner block-textbaustein tabelle_katalog kontrast-bg\">\u00a0<\/div>\n<div class=\"style2 managerbox block-textbaustein tabelle_katalog\">\n<h5 class=\"zugeklappt\"><span class=\"head_container schalterZahl_1\"><span id=\"manager_titel_0005404ab814ffc308e91ca3910f3bd36\" class=\"manager_titel_container zugeklappt\"><span class=\"manager_titel\" title=\"Wie kann man die Abstimmung per Brief beantragen?\"><a class=\"toggle\" title=\"zuklappen \/ aufklappen\" href=\"https:\/\/www.goettingen.de\/portal\/meldungen\/buergerentscheide-goettinger-innen-koennen-am-9-juni-abstimmen-900002862-25480.html?rubrik=900000002#\">Wie kann man die Abstimmung per Brief beantragen?<\/a><\/span><\/span><\/span><\/h5>\n<\/div>\n<div class=\"managertrenner block-textbaustein tabelle_katalog kontrast-bg\">\u00a0<\/div>\n<div class=\"style2 managerbox block-textbaustein tabelle_katalog\">\n<h5 class=\"zugeklappt\"><span class=\"head_container schalterZahl_1\"><span id=\"manager_titel_0005404ab814ffc308e91ca3910f3bd37\" class=\"manager_titel_container zugeklappt\"><span class=\"manager_titel\" title=\"Kann die Stimme auch vor dem Abstimmungstag vor Ort abgegeben werden?\"><a class=\"toggle\" title=\"zuklappen \/ aufklappen\" href=\"https:\/\/www.goettingen.de\/portal\/meldungen\/buergerentscheide-goettinger-innen-koennen-am-9-juni-abstimmen-900002862-25480.html?rubrik=900000002#\">Kann die Stimme auch vor dem Abstimmungstag vor Ort abgegeben werden?<\/a><\/span><\/span><\/span><\/h5>\n<\/div>\n<div class=\"managertrenner block-textbaustein tabelle_katalog kontrast-bg\">\u00a0<\/div>\n<div class=\"style2 managerbox block-textbaustein tabelle_katalog\">\n<h5 class=\"zugeklappt\"><span class=\"head_container schalterZahl_1\"><span id=\"manager_titel_0005404ab814ffc308e91ca3910f3bd38\" class=\"manager_titel_container zugeklappt\"><span class=\"manager_titel\" title=\"Wann steht das Ergebnis fest?\"><a class=\"toggle\" title=\"zuklappen \/ aufklappen\" href=\"https:\/\/www.goettingen.de\/portal\/meldungen\/buergerentscheide-goettinger-innen-koennen-am-9-juni-abstimmen-900002862-25480.html?rubrik=900000002#\">Wann steht das Ergebnis fest?<\/a><\/span><\/span><\/span><\/h5>\n<\/div>\n<div class=\"managertrenner block-textbaustein tabelle_katalog kontrast-bg\">\u00a0<\/div>\n<div class=\"style2 managerbox block-textbaustein tabelle_katalog\">\n<h5 class=\"zugeklappt\"><span class=\"head_container schalterZahl_1\"><span id=\"manager_titel_0005404ab814ffc308e91ca3910f3bd39\" class=\"manager_titel_container zugeklappt\"><span class=\"manager_titel\" title=\"Fakten-Check\"><a class=\"toggle\" title=\"zuklappen \/ aufklappen\" href=\"https:\/\/www.goettingen.de\/portal\/meldungen\/buergerentscheide-goettinger-innen-koennen-am-9-juni-abstimmen-900002862-25480.html?rubrik=900000002#\">Fakten-Check<\/a><\/span><\/span><\/span><\/h5>\n<\/div>\n<div class=\"managertrenner_zurueck block-textbaustein tabelle_katalog\">\u00a0<\/div>\n<div class=\"style2 managerbox block-textbaustein tabelle_katalog\">\n<h5 class=\"zugeklappt\"><span class=\"head_container schalterZahl_1\"><span id=\"manager_titel_0005404ab814ffc308e91ca3910f3bd310\" class=\"manager_titel_container zugeklappt\"><span class=\"manager_titel\" title=\"Das sagen die Ratsfraktionen und Ratsgruppen\"><a class=\"toggle\" title=\"zuklappen \/ aufklappen\" href=\"https:\/\/www.goettingen.de\/portal\/meldungen\/buergerentscheide-goettinger-innen-koennen-am-9-juni-abstimmen-900002862-25480.html?rubrik=900000002#\">Das sagen die Ratsfraktionen und Ratsgruppen<\/a><\/span><\/span><\/span><\/h5>\n<\/div>\n<\/div>\n<\/div>\n<\/div>\n<\/div>\n<\/div>\n<\/div>\n<\/div>\n<\/blockquote>\n\n\n<p><\/p>\n","protected":false},"excerpt":{"rendered":"<p>(Quelle: https:\/\/www.goettingen.de\/portal\/meldungen\/buergerentscheide-goettinger-innen-koennen-am-9-juni-abstimmen-900002862-25480.html?rubrik=900000002) 26.04.2024 \u00a0 B\u00fcrgerentscheide: G\u00f6ttinger*innen k\u00f6nnen am 9. Juni abstimmen Ja oder Nein zu den B\u00fcrgerentscheiden? G\u00f6ttinger*innen k\u00f6nnen am Tag der Europawahl am Sonntag, 9. Juni 2024, \u00fcber die beiden B\u00fcrgerentscheide \u201eRadentscheid I \u2013 Allgemeine Strategien\u201c und \u201eRadentscheid II \u2013 Radverkehrsanlagen in der Kernstadt\u201c abstimmen. Dabei geht es um Ma\u00dfnahmen zur F\u00f6rderung des Radverkehrs &#8230; <a title=\"G\u00f6ttinger*innen k\u00f6nnen bei der Europawahl am Sonntag, 9. Juni 2024, \u00fcber die beiden B\u00fcrgerentscheide \u201eRadentscheid I \u2013 Allgemeine Strategien\u201c und \u201eRadentscheid II \u2013 Radverkehrsanlagen in der Kernstadt\u201c\" class=\"read-more\" href=\"https:\/\/rt-europaallee.de\/wordpress\/2024\/04\/goettingerinnen-koennen-bei-der-europawahl-am-sonntag-9-juni-2024-ueber-die-beiden-buergerentscheide-radentscheid-i-allgemeine-strategien-und-radentscheid-ii\/\" aria-label=\"Mehr Informationen \u00fcber G\u00f6ttinger*innen k\u00f6nnen bei der Europawahl am Sonntag, 9. Juni 2024, \u00fcber die beiden B\u00fcrgerentscheide \u201eRadentscheid I \u2013 Allgemeine Strategien\u201c und \u201eRadentscheid II \u2013 Radverkehrsanlagen in der Kernstadt\u201c\">Weiterlesen<\/a><\/p>\n","protected":false},"author":3,"featured_media":0,"comment_status":"closed","ping_status":"open","sticky":false,"template":"","format":"standard","meta":{"footnotes":""},"categories":[1],"tags":[],"class_list":["post-15806","post","type-post","status-publish","format-standard","hentry","category-allgemein"],"_links":{"self":[{"href":"https:\/\/rt-europaallee.de\/wordpress\/wp-json\/wp\/v2\/posts\/15806","targetHints":{"allow":["GET"]}}],"collection":[{"href":"https:\/\/rt-europaallee.de\/wordpress\/wp-json\/wp\/v2\/posts"}],"about":[{"href":"https:\/\/rt-europaallee.de\/wordpress\/wp-json\/wp\/v2\/types\/post"}],"author":[{"embeddable":true,"href":"https:\/\/rt-europaallee.de\/wordpress\/wp-json\/wp\/v2\/users\/3"}],"replies":[{"embeddable":true,"href":"https:\/\/rt-europaallee.de\/wordpress\/wp-json\/wp\/v2\/comments?post=15806"}],"version-history":[{"count":1,"href":"https:\/\/rt-europaallee.de\/wordpress\/wp-json\/wp\/v2\/posts\/15806\/revisions"}],"predecessor-version":[{"id":15807,"href":"https:\/\/rt-europaallee.de\/wordpress\/wp-json\/wp\/v2\/posts\/15806\/revisions\/15807"}],"wp:attachment":[{"href":"https:\/\/rt-europaallee.de\/wordpress\/wp-json\/wp\/v2\/media?parent=15806"}],"wp:term":[{"taxonomy":"category","embeddable":true,"href":"https:\/\/rt-europaallee.de\/wordpress\/wp-json\/wp\/v2\/categories?post=15806"},{"taxonomy":"post_tag","embeddable":true,"href":"https:\/\/rt-europaallee.de\/wordpress\/wp-json\/wp\/v2\/tags?post=15806"}],"curies":[{"name":"wp","href":"https:\/\/api.w.org\/{rel}","templated":true}]}}