{"id":15816,"date":"2024-05-05T11:20:24","date_gmt":"2024-05-05T09:20:24","guid":{"rendered":"http:\/\/rt-europaallee.org\/wordpress\/?p=15816"},"modified":"2024-05-05T11:20:24","modified_gmt":"2024-05-05T09:20:24","slug":"stadtradio-goettingen-freibaeder-in-der-region-oeffnen-jetzt-im-mai","status":"publish","type":"post","link":"https:\/\/rt-europaallee.de\/wordpress\/2024\/05\/stadtradio-goettingen-freibaeder-in-der-region-oeffnen-jetzt-im-mai\/","title":{"rendered":"StadtRadio G\u00f6ttingen: Freib\u00e4der in der Region \u00f6ffnen jetzt im Mai"},"content":{"rendered":"<p>(Quelle: <a href=\"https:\/\/www.facebook.com\/StadtRadioGoettingen\/posts\/pfbid0RVjmyNUb7RhgqKMSbCMSayBm4rV8YPMeYmsNqzCqCav5TzG9ADA2ifYCnTEyps5Rl\">https:\/\/www.facebook.com\/StadtRadioGoettingen\/posts\/pfbid0RVjmyNUb7RhgqKMSbCMSayBm4rV8YPMeYmsNqzCqCav5TzG9ADA2ifYCnTEyps5Rl<\/a>)<\/p>\n<blockquote>\n<div class=\"xu06os2 x1ok221b\">\n<h3 id=\":r6a:\" class=\"html-h2 xe8uvvx x11i5rnm xat24cr x1mh8g0r xexx8yu x4uap5 x18d9i69 xkhd6sd x1vvkbs x1heor9g x1qlqyl8 x1pd3egz x1a2a7pz x1gslohp x1yc453h\"><span class=\"xt0psk2\"><a class=\"x1i10hfl xjbqb8w x1ejq31n xd10rxx x1sy0etr x17r0tee x972fbf xcfux6l x1qhh985 xm0m39n x9f619 x1ypdohk xt0psk2 xe8uvvx xdj266r x11i5rnm xat24cr x1mh8g0r xexx8yu x4uap5 x18d9i69 xkhd6sd x16tdsg8 xggy1nq x1a2a7pz xt0b8zv x1hl2dhg xzsf02u x1s688f\" tabindex=\"0\" role=\"link\" href=\"https:\/\/www.facebook.com\/StadtRadioGoettingen?__cft__[0]=AZW6KufyE5B_KyLaZ5l4idiFsfkH-UEuE7ctFMR1F8sY0FPbnxtFUcZ-AaP6Rks45LpFVyDnlicBPA2ePJLa0myCwREtvAbrTuyaUPZbpJPD_YXJA4DEXsj-DVREZp7xcr8b2__5EL9ZQw8NWxEw8xlcjsTFNgPwTPhqWPG3N45zbaK85rGcgv9_w2uwlUBeiPM&amp;__tn__=-UC%2CP-R\"><strong>StadtRadio G\u00f6ttingen<\/strong><\/a><\/span><\/h3>\n<\/div>\n<div class=\"html-div xe8uvvx xdj266r x11i5rnm xat24cr x1mh8g0r xexx8yu x4uap5 x18d9i69 xkhd6sd\" dir=\"auto\">\n<div id=\":r6c:\" class=\"x1iorvi4 x1pi30zi x1l90r2v x1swvt13\" data-ad-comet-preview=\"message\" data-ad-preview=\"message\">\n<div class=\"x78zum5 xdt5ytf xz62fqu x16ldp7u\">\n<div class=\"xu06os2 x1ok221b\">\n<div class=\"xdj266r x11i5rnm xat24cr x1mh8g0r x1vvkbs x126k92a\">\n<div dir=\"auto\">Ob Duderstadt, Hann. M\u00fcnden, G\u00f6ttingen oder Northeim: \u00dcberall \u00f6ffnen jetzt im Mai die Freib\u00e4der. Deshalb hat Felix Heipke eine \u00dcbersicht erstellt, wo Sie schwimmen gehen kannst, und wie viel Sie dann der Eintritt ins Schwimmbad kostet: <a class=\"x1i10hfl xjbqb8w x1ejq31n xd10rxx x1sy0etr x17r0tee x972fbf xcfux6l x1qhh985 xm0m39n x9f619 x1ypdohk xt0psk2 xe8uvvx xdj266r x11i5rnm xat24cr x1mh8g0r xexx8yu x4uap5 x18d9i69 xkhd6sd x16tdsg8 xggy1nq x1a2a7pz xt0b8zv x1hl2dhg x1fey0fg\" tabindex=\"0\" role=\"link\" href=\"https:\/\/www.stadtradio-goettingen.de\/beitraege\/wirtschaft\/die_freibad_saison_startet_in_der_region?fbclid=IwZXh0bgNhZW0CMTAAAR10nYFXOiECx_hnnPM4nhnfAeUzAvQho2FAnqn6PlLVhHdNy-sOKwvZ0UE_aem_AbgE8zNxhmyikTyza-fANvV44I5DxU2LXt-SQrqThdBEy1Yr4URmwtItO3R4RNmrkqA5k1FCuAHT7379LxiDgaBX\" target=\"_blank\" rel=\"nofollow noopener noreferrer\">https:\/\/www.stadtradio-goettingen.de\/&#8230;\/die_freibad&#8230;<\/a><\/div>\n<div dir=\"auto\"><\/div>\n<div dir=\"auto\"><img decoding=\"async\" class=\"x1bwycvy x193iq5w x4fas0m x19kjcj4\" src=\"https:\/\/scontent-ham3-1.xx.fbcdn.net\/v\/t39.30808-6\/422008536_744383911016831_3375171723159095597_n.jpg?_nc_cat=106&amp;ccb=1-7&amp;_nc_sid=5f2048&amp;_nc_ohc=7o19wbagurQQ7kNvgFI--FY&amp;_nc_ht=scontent-ham3-1.xx&amp;oh=00_AfByhLM6M4g-kwCU8nxeH5wFYiEORmMiXnKPzY0dHbQGqQ&amp;oe=663D1F5A\" alt=\"Ist m\u00f6glicherweise ein Bild von 1 Person, schwimmt, Pool und Text \u201eFreibader Freib\u00e4der in der Region \u00f6ffnen jetzt im Mai StadtRadio 107,eins eins G\u00f6ttingen Bild: Bild:Pixabay Pixabay\u201c\" data-visualcompletion=\"media-vc-image\" \/><\/div>\n<div dir=\"auto\">(<a href=\"https:\/\/www.facebook.com\/photo\/?fbid=744535184335037&amp;set=a.414352410686651\">https:\/\/www.facebook.com\/photo\/?fbid=744535184335037&amp;set=a.414352410686651<\/a>)<\/div>\n<\/div>\n<\/div>\n<\/div>\n<\/div>\n<\/div>\n<\/blockquote>\n","protected":false},"excerpt":{"rendered":"<p>(Quelle: https:\/\/www.facebook.com\/StadtRadioGoettingen\/posts\/pfbid0RVjmyNUb7RhgqKMSbCMSayBm4rV8YPMeYmsNqzCqCav5TzG9ADA2ifYCnTEyps5Rl) StadtRadio G\u00f6ttingen Ob Duderstadt, Hann. M\u00fcnden, G\u00f6ttingen oder Northeim: \u00dcberall \u00f6ffnen jetzt im Mai die Freib\u00e4der. Deshalb hat Felix Heipke eine \u00dcbersicht erstellt, wo Sie schwimmen gehen kannst, und wie viel Sie dann der Eintritt ins Schwimmbad kostet: https:\/\/www.stadtradio-goettingen.de\/&#8230;\/die_freibad&#8230; (https:\/\/www.facebook.com\/photo\/?fbid=744535184335037&amp;set=a.414352410686651)<\/p>\n","protected":false},"author":3,"featured_media":0,"comment_status":"closed","ping_status":"open","sticky":false,"template":"","format":"standard","meta":{"footnotes":""},"categories":[1],"tags":[],"class_list":["post-15816","post","type-post","status-publish","format-standard","hentry","category-allgemein"],"_links":{"self":[{"href":"https:\/\/rt-europaallee.de\/wordpress\/wp-json\/wp\/v2\/posts\/15816","targetHints":{"allow":["GET"]}}],"collection":[{"href":"https:\/\/rt-europaallee.de\/wordpress\/wp-json\/wp\/v2\/posts"}],"about":[{"href":"https:\/\/rt-europaallee.de\/wordpress\/wp-json\/wp\/v2\/types\/post"}],"author":[{"embeddable":true,"href":"https:\/\/rt-europaallee.de\/wordpress\/wp-json\/wp\/v2\/users\/3"}],"replies":[{"embeddable":true,"href":"https:\/\/rt-europaallee.de\/wordpress\/wp-json\/wp\/v2\/comments?post=15816"}],"version-history":[{"count":1,"href":"https:\/\/rt-europaallee.de\/wordpress\/wp-json\/wp\/v2\/posts\/15816\/revisions"}],"predecessor-version":[{"id":15817,"href":"https:\/\/rt-europaallee.de\/wordpress\/wp-json\/wp\/v2\/posts\/15816\/revisions\/15817"}],"wp:attachment":[{"href":"https:\/\/rt-europaallee.de\/wordpress\/wp-json\/wp\/v2\/media?parent=15816"}],"wp:term":[{"taxonomy":"category","embeddable":true,"href":"https:\/\/rt-europaallee.de\/wordpress\/wp-json\/wp\/v2\/categories?post=15816"},{"taxonomy":"post_tag","embeddable":true,"href":"https:\/\/rt-europaallee.de\/wordpress\/wp-json\/wp\/v2\/tags?post=15816"}],"curies":[{"name":"wp","href":"https:\/\/api.w.org\/{rel}","templated":true}]}}