{"id":15841,"date":"2024-05-07T15:29:26","date_gmt":"2024-05-07T13:29:26","guid":{"rendered":"http:\/\/rt-europaallee.org\/wordpress\/?p=15841"},"modified":"2024-05-07T15:29:26","modified_gmt":"2024-05-07T13:29:26","slug":"stadt-goettingen-briefwahlbuero-ab-13-mai-geoeffnet","status":"publish","type":"post","link":"https:\/\/rt-europaallee.de\/wordpress\/2024\/05\/stadt-goettingen-briefwahlbuero-ab-13-mai-geoeffnet\/","title":{"rendered":"Stadt G\u00f6ttingen: Briefwahlb\u00fcro ab 13. Mai ge\u00f6ffnet"},"content":{"rendered":"<p>(Quelle: <a href=\"https:\/\/www.goettingen.de\/portal\/meldungen\/briefwahlbuero-ab-13-mai-geoeffnet-900002931-25480.html?rubrik=900000002\">https:\/\/www.goettingen.de\/portal\/meldungen\/briefwahlbuero-ab-13-mai-geoeffnet-900002931-25480.html?rubrik=900000002<\/a>)<\/p>\n<blockquote>\n<div class=\"fusstext fusstext_oben\"><span class=\"create\">07.05.2024<\/span><\/p>\n<div><\/div>\n<\/div>\n<h3 class=\"kontrast-bild\">Briefwahlb\u00fcro ab 13. Mai ge\u00f6ffnet<\/h3>\n<div id=\"nolis_content_site\" class=\"nolis_content_site\">\n<p class=\"anreisser_detail\"><strong>Ab Montag, 13. Mai 2024, hat das Briefwahlb\u00fcro der Stadt G\u00f6ttingen f\u00fcr die Stimmabgabe zur Europawahl und die beiden B\u00fcrgerentscheide der Stadt G\u00f6ttingen am Sonntag, 9. Juni 2024, ge\u00f6ffnet.<\/strong><\/p>\n<div class=\"print_href print_abbr\">\n<div class=\"template1\">\n<div class=\"platz platz1\">\n<div class=\"rahmen\">\n<div class=\"innen\">\n<h4>Briefwahlb\u00fcro im \u201eWeitwinkel\u201c<\/h4>\n<p>Das Briefwahlb\u00fcro der Stadt G\u00f6ttingen ist <strong>ab Montag, 13. Mai 2024, am Standort \u201eWeitwinkel\u201c in der Philipp-Reis-Stra\u00dfe 2A<\/strong> (Eingang Nord \u00fcber \u201eGr\u00fcner Weg\u201c) zu finden. Die \u00d6ffnungszeiten sind dann montags bis mittwochs von 8.30 bis 15.00 Uhr, donnerstags von 8.30 bis 18.30 Uhr und freitags von 8.30 bis 12.00 Uhr. Am Freitag, 7. Juni 2024, vor der Wahl ist die Stimmabgabe per Brief f\u00fcr die Europawahl bis 18.00 Uhr m\u00f6glich.<br \/>\nF\u00fcr die beiden B\u00fcrgerentscheide kann die Stimme an diesem Tag bis 13.00 Uhr abgegeben werden.<\/p>\n<p>Hinweis: F\u00fcr die Briefwahl ist ein Ausweisdokument mit Lichtbild erforderlich!<\/p>\n<p>Es ist m\u00f6glich, dass bis zum 13. Mai 2024 noch nicht alle Briefwahlunterlagen f\u00fcr die beiden B\u00fcrgerentscheide vorliegen. Diese sollen aber im Laufe der kommenden Tage eintreffen. Briefwahlantr\u00e4ge f\u00fcr die B\u00fcrgerbescheide werden umgehend bearbeitet, sobald Unterlagen vorliegen.<\/p>\n<h4>Briefwahl beantragen<\/h4>\n<p>Wer am Wahltag, 9. Juni 2024, das Wahllokal nicht aufsuchen kann, hat die M\u00f6glichkeit, Briefwahl zu beantragen. Am Einfachsten geht das <strong>mit der Wahlbenachrichtigung<\/strong> \u00fcber den dort abgebildeten QR-Code oder \u00fcber den Antrag auf der R\u00fcckseite. Wer das Risiko des Postweges nicht auf sich nehmen will, kann die Stimmen auch im Briefwahlb\u00fcro der Stadt G\u00f6ttingen zu den oben angegebenen \u00d6ffnungszeiten abgeben.<\/p>\n<p>Der <strong>hellrote Wahlbrief<\/strong> f\u00fcr die Europawahl muss sp\u00e4testens am Wahltag bis 18.00 Uhr bei der Kreiswahlleitung, dem Landkreis G\u00f6ttingen eingehen.<\/p>\n<p>Der <strong>hellblaue Wahlbrief<\/strong> f\u00fcr die beiden B\u00fcrgerentscheide muss sp\u00e4testens am Wahltag bis 18.00 Uhr bei der Abstimmungsleitung eingehen.<\/p>\n<p>Achtung: Die <strong>jeweilige Adresse ist auf dem Umschlag aufgedruckt<\/strong>. Es sind die unterschiedlichen Adressaten zu beachten.<\/p>\n<\/div>\n<\/div>\n<\/div>\n<\/div>\n<\/div>\n<\/div>\n<\/blockquote>\n","protected":false},"excerpt":{"rendered":"<p>(Quelle: https:\/\/www.goettingen.de\/portal\/meldungen\/briefwahlbuero-ab-13-mai-geoeffnet-900002931-25480.html?rubrik=900000002) 07.05.2024 Briefwahlb\u00fcro ab 13. Mai ge\u00f6ffnet Ab Montag, 13. Mai 2024, hat das Briefwahlb\u00fcro der Stadt G\u00f6ttingen f\u00fcr die Stimmabgabe zur Europawahl und die beiden B\u00fcrgerentscheide der Stadt G\u00f6ttingen am Sonntag, 9. Juni 2024, ge\u00f6ffnet. Briefwahlb\u00fcro im \u201eWeitwinkel\u201c Das Briefwahlb\u00fcro der Stadt G\u00f6ttingen ist ab Montag, 13. Mai 2024, am Standort \u201eWeitwinkel\u201c in &#8230; <a title=\"Stadt G\u00f6ttingen: Briefwahlb\u00fcro ab 13. Mai ge\u00f6ffnet\" class=\"read-more\" href=\"https:\/\/rt-europaallee.de\/wordpress\/2024\/05\/stadt-goettingen-briefwahlbuero-ab-13-mai-geoeffnet\/\" aria-label=\"Mehr Informationen \u00fcber Stadt G\u00f6ttingen: Briefwahlb\u00fcro ab 13. Mai ge\u00f6ffnet\">Weiterlesen<\/a><\/p>\n","protected":false},"author":3,"featured_media":0,"comment_status":"closed","ping_status":"open","sticky":false,"template":"","format":"standard","meta":{"footnotes":""},"categories":[1],"tags":[],"class_list":["post-15841","post","type-post","status-publish","format-standard","hentry","category-allgemein"],"_links":{"self":[{"href":"https:\/\/rt-europaallee.de\/wordpress\/wp-json\/wp\/v2\/posts\/15841","targetHints":{"allow":["GET"]}}],"collection":[{"href":"https:\/\/rt-europaallee.de\/wordpress\/wp-json\/wp\/v2\/posts"}],"about":[{"href":"https:\/\/rt-europaallee.de\/wordpress\/wp-json\/wp\/v2\/types\/post"}],"author":[{"embeddable":true,"href":"https:\/\/rt-europaallee.de\/wordpress\/wp-json\/wp\/v2\/users\/3"}],"replies":[{"embeddable":true,"href":"https:\/\/rt-europaallee.de\/wordpress\/wp-json\/wp\/v2\/comments?post=15841"}],"version-history":[{"count":1,"href":"https:\/\/rt-europaallee.de\/wordpress\/wp-json\/wp\/v2\/posts\/15841\/revisions"}],"predecessor-version":[{"id":15842,"href":"https:\/\/rt-europaallee.de\/wordpress\/wp-json\/wp\/v2\/posts\/15841\/revisions\/15842"}],"wp:attachment":[{"href":"https:\/\/rt-europaallee.de\/wordpress\/wp-json\/wp\/v2\/media?parent=15841"}],"wp:term":[{"taxonomy":"category","embeddable":true,"href":"https:\/\/rt-europaallee.de\/wordpress\/wp-json\/wp\/v2\/categories?post=15841"},{"taxonomy":"post_tag","embeddable":true,"href":"https:\/\/rt-europaallee.de\/wordpress\/wp-json\/wp\/v2\/tags?post=15841"}],"curies":[{"name":"wp","href":"https:\/\/api.w.org\/{rel}","templated":true}]}}