{"id":15863,"date":"2024-05-18T00:16:06","date_gmt":"2024-05-17T22:16:06","guid":{"rendered":"http:\/\/rt-europaallee.org\/wordpress\/?p=15863"},"modified":"2024-05-18T00:16:06","modified_gmt":"2024-05-17T22:16:06","slug":"stadt-goettingen-goettinger-freibaeder-starten-in-die-saison","status":"publish","type":"post","link":"https:\/\/rt-europaallee.de\/wordpress\/2024\/05\/stadt-goettingen-goettinger-freibaeder-starten-in-die-saison\/","title":{"rendered":"Stadt G\u00f6ttingen: G\u00f6ttinger Freib\u00e4der starten in die Saison"},"content":{"rendered":"<p>(Quelle: <a href=\"https:\/\/www.goettingen.de\/portal\/meldungen\/goettinger-freibaeder-starten-in-die-saison-900002958-25480.html?rubrik=900000003\">https:\/\/www.goettingen.de\/portal\/meldungen\/goettinger-freibaeder-starten-in-die-saison-900002958-25480.html?rubrik=900000003<\/a>)<\/p>\n<blockquote>\n<div class=\"fusstext fusstext_oben\"><span class=\"create\">15.05.2024<\/span><\/p>\n<div><\/div>\n<\/div>\n<h3 class=\"kontrast-bild\">G\u00f6ttinger Freib\u00e4der starten in die Saison<\/h3>\n<div id=\"nolis_content_site\" class=\"nolis_content_site\">\n<p class=\"anreisser_detail\"><strong>Alle drei G\u00f6ttinger Freib\u00e4der \u2013 das Freibad Brauweg, das Naturerlebnisbad Grone und das Parkbad Weende \u2013 starten am Donnerstag, 16. Mai 2024, in die Saison.<\/strong><\/p>\n<div class=\"print_href print_abbr\">\n<div class=\"template1\">\n<div class=\"platz platz1\">\n<div class=\"rahmen\">\n<div class=\"innen\">\n<p>Traditionell startet das Freibad Brauweg als erstes um 6.30 Uhr mit dem Fr\u00fchschwimmen, das in der Freibadsaison dort statt im Badeparadies Eiswiese stattfindet. Das Naturerlebnisbad Grone \u00f6ffnet um 9.00 Uhr, das Parkbad Weende um 12.00 Uhr (in den Sommerferien um 10.00 Uhr).<\/p>\n<h4>\u00d6ffnungszeiten<\/h4>\n<ul>\n<li><strong>Freibad Brauweg<\/strong><br \/>\nMontag bis Freitag: 6.30 bis 20.00 Uhr<br \/>\nSamstag, Sonntag und an Feiertagen: 8.00 bis 19.00 Uhr<\/li>\n<li><strong>Naturerlebnisbad Grone<\/strong><br \/>\nMontag bis Freitag: 9.00 bis 20.00 Uhr<br \/>\nSamstag, Sonntag und an Feiertagen: 9.00 bis 19.00 Uhr<\/li>\n<li><strong>Parkbad Weende<\/strong><br \/>\nMontag bis Freitag: 12.00 bis 20.00 Uhr (Sommerferien 10.00 bis 20.00)<br \/>\nSamstag, Sonntag und an Feiertagen: 10.00 bis 19.00 Uhr<\/li>\n<\/ul>\n<h4>Preise<\/h4>\n<ul>\n<li>Erwachsene: 4,50 Euro<\/li>\n<li>Erm\u00e4\u00dfigte: 2,80 Euro<\/li>\n<li>Saisonkarte: Erwachsene 200,00 Euro, Sch\u00fcler*innen 70,00 Euro<\/li>\n<li>Sommerferienkarte f\u00fcr Sch\u00fcler*innen: 30,00 Euro<\/li>\n<\/ul>\n<p>Weitere Informationen gibt es unter <a class=\"link_katalog nolis-link-extern\" title=\"G\u00f6SF (https:\/\/www.goesf.de\/)\" href=\"https:\/\/www.goesf.de\/\" target=\"_blank\" rel=\"noopener\">www.goesf.de<\/a>.<\/p>\n<\/div>\n<\/div>\n<\/div>\n<\/div>\n<\/div>\n<\/div>\n<\/blockquote>\n","protected":false},"excerpt":{"rendered":"<p>(Quelle: https:\/\/www.goettingen.de\/portal\/meldungen\/goettinger-freibaeder-starten-in-die-saison-900002958-25480.html?rubrik=900000003) 15.05.2024 G\u00f6ttinger Freib\u00e4der starten in die Saison Alle drei G\u00f6ttinger Freib\u00e4der \u2013 das Freibad Brauweg, das Naturerlebnisbad Grone und das Parkbad Weende \u2013 starten am Donnerstag, 16. Mai 2024, in die Saison. Traditionell startet das Freibad Brauweg als erstes um 6.30 Uhr mit dem Fr\u00fchschwimmen, das in der Freibadsaison dort statt im Badeparadies &#8230; <a title=\"Stadt G\u00f6ttingen: G\u00f6ttinger Freib\u00e4der starten in die Saison\" class=\"read-more\" href=\"https:\/\/rt-europaallee.de\/wordpress\/2024\/05\/stadt-goettingen-goettinger-freibaeder-starten-in-die-saison\/\" aria-label=\"Mehr Informationen \u00fcber Stadt G\u00f6ttingen: G\u00f6ttinger Freib\u00e4der starten in die Saison\">Weiterlesen<\/a><\/p>\n","protected":false},"author":3,"featured_media":0,"comment_status":"closed","ping_status":"open","sticky":false,"template":"","format":"standard","meta":{"footnotes":""},"categories":[1],"tags":[],"class_list":["post-15863","post","type-post","status-publish","format-standard","hentry","category-allgemein"],"_links":{"self":[{"href":"https:\/\/rt-europaallee.de\/wordpress\/wp-json\/wp\/v2\/posts\/15863","targetHints":{"allow":["GET"]}}],"collection":[{"href":"https:\/\/rt-europaallee.de\/wordpress\/wp-json\/wp\/v2\/posts"}],"about":[{"href":"https:\/\/rt-europaallee.de\/wordpress\/wp-json\/wp\/v2\/types\/post"}],"author":[{"embeddable":true,"href":"https:\/\/rt-europaallee.de\/wordpress\/wp-json\/wp\/v2\/users\/3"}],"replies":[{"embeddable":true,"href":"https:\/\/rt-europaallee.de\/wordpress\/wp-json\/wp\/v2\/comments?post=15863"}],"version-history":[{"count":1,"href":"https:\/\/rt-europaallee.de\/wordpress\/wp-json\/wp\/v2\/posts\/15863\/revisions"}],"predecessor-version":[{"id":15864,"href":"https:\/\/rt-europaallee.de\/wordpress\/wp-json\/wp\/v2\/posts\/15863\/revisions\/15864"}],"wp:attachment":[{"href":"https:\/\/rt-europaallee.de\/wordpress\/wp-json\/wp\/v2\/media?parent=15863"}],"wp:term":[{"taxonomy":"category","embeddable":true,"href":"https:\/\/rt-europaallee.de\/wordpress\/wp-json\/wp\/v2\/categories?post=15863"},{"taxonomy":"post_tag","embeddable":true,"href":"https:\/\/rt-europaallee.de\/wordpress\/wp-json\/wp\/v2\/tags?post=15863"}],"curies":[{"name":"wp","href":"https:\/\/api.w.org\/{rel}","templated":true}]}}