{"id":15865,"date":"2024-05-18T00:25:22","date_gmt":"2024-05-17T22:25:22","guid":{"rendered":"http:\/\/rt-europaallee.org\/wordpress\/?p=15865"},"modified":"2024-05-18T00:26:24","modified_gmt":"2024-05-17T22:26:24","slug":"hna-fachverband-verweigerte-plakate-fuer-goettinger-radentscheid-in-niedersachsen-einmaliger-fall","status":"publish","type":"post","link":"https:\/\/rt-europaallee.de\/wordpress\/2024\/05\/hna-fachverband-verweigerte-plakate-fuer-goettinger-radentscheid-in-niedersachsen-einmaliger-fall\/","title":{"rendered":"HNA: &#8220; Fachverband: Verweigerte Plakate f\u00fcr G\u00f6ttinger Radentscheid in Niedersachsen einmaliger Fall&#8220;"},"content":{"rendered":"\n<p><\/p>\n\n\n<p>(Quelle: <a href=\"https:\/\/www.hna.de\/lokales\/goettingen\/goettingen-ort28741\/fachverband-verweigerte-plakate-in-niedersachsen-einmaliger-fall-93072992.html?fbclid=IwZXh0bgNhZW0CMTEAAR0_dj_adw68hCUGy1IP0OmtCCXSk2fjrkBG3KDMXsCpEt7-lhVWYknuXL4_aem_AReCYaVremVgM_ATPnjkuA9oEnDDxmNbuF8PZdwG075K8x6mE4z77DPvy0mPnqnVP8iGuq4nWDtuspVVWkp9ogvJ\">https:\/\/www.hna.de\/lokales\/goettingen\/goettingen-ort28741\/fachverband-verweigerte-plakate-in-niedersachsen-einmaliger-fall-93072992.html?<\/a><\/p>\n<blockquote>\n<h1 class=\"id-StoryElement-headline\">Fachverband: Verweigerte Plakate f\u00fcr G\u00f6ttinger Radentscheid in Niedersachsen einmaliger Fall<\/h1>\n<p class=\"id-Story-timestamp id-Story-timestamp--default\"><span class=\"id-Story-timestamp-content\"><span class=\"id-Story-timestamp-content-prefix\">Stand: <\/span><time datetime=\"2024-05-16 06:01\">16.05.2024, 06:01 Uhr<\/time><\/span><\/p>\n<p class=\"id-Story-authors id-Story-authors--default\"><span class=\"id-Story-authors-by\">Von: <\/span><a class=\"id-Story-authors-link lp_west_author\" title=\"Zur Autorenseite von Melanie Zimmermann\" href=\"https:\/\/www.hna.de\/autoren\/6233\/\" data-id-ec=\"{&quot;shn&quot;:&quot;Story&quot;,&quot;sht&quot;:&quot;Container&quot;,&quot;p&quot;:{&quot;containerType&quot;:&quot;Authors&quot;,&quot;displayType&quot;:&quot;Story Author-Link&quot;,&quot;type&quot;:&quot;INSERTED_AUTHORS&quot;,&quot;value&quot;:&quot;Melanie Zimmermann&quot;,&quot;position&quot;:&quot;1&quot;,&quot;storyElementPosition&quot;:&quot;4&quot;,&quot;storyElementCount&quot;:&quot;39&quot;}}\" data-k5a-pos=\"west_author\" data-id-em=\"1\">Melanie Zimmermann<\/a><\/p>\n<figure class=\"id-StoryElement-image\">\n<div class=\"id-RatioPlaceholder\"><img loading=\"lazy\" decoding=\"async\" class=\"id-RatioPlaceholder-element wv_story_el_image\" src=\"https:\/\/www.hna.de\/assets\/images\/34\/581\/34581107-wahlplakat-fuer-radentscheid-auf-stellwand-am-goettinger-theaterplatz-2cfe.jpg\" sizes=\"auto, (min-width: 769px) 768px, 100vw\" srcset=\"https:\/\/www.hna.de\/assets\/images\/34\/581\/34581107-wahlplakat-fuer-radentscheid-auf-stellwand-am-goettinger-theaterplatz-2cb6.jpg 448w,https:\/\/www.hna.de\/assets\/images\/34\/581\/34581107-wahlplakat-fuer-radentscheid-auf-stellwand-am-goettinger-theaterplatz-2c70.jpg 768w,https:\/\/www.hna.de\/assets\/images\/34\/581\/34581107-wahlplakat-fuer-radentscheid-auf-stellwand-am-goettinger-theaterplatz-2cfe.jpg 1100w,https:\/\/www.hna.de\/assets\/images\/34\/581\/34581107-wahlplakat-fuer-radentscheid-auf-stellwand-am-goettinger-theaterplatz-2c7a.jpg 1408w,https:\/\/www.hna.de\/assets\/images\/34\/581\/34581107-wahlplakat-fuer-radentscheid-auf-stellwand-am-goettinger-theaterplatz-2cMH.jpg 1600w\" alt=\"Wahlplakat f\u00fcr Radentscheid auf Stellwand am G\u00f6ttinger Theaterplatz.\" width=\"1100\" height=\"619\" \/><\/div>\n<figcaption class=\"id-StoryElement-image-caption\">Die \u201eLetzte Generation\u201c hat f\u00fcr die Radentscheide ihre Fl\u00e4chen auf den Stellw\u00e4nden f\u00fcr die Europawahl zur Verf\u00fcgung gestellt. So kann \u2013 wie hier am Theaterplatz \u2013 nun doch im kleinen Rahmen geworben werden. \u00a9\u00a0Melanie Zimmermann<br \/><br \/><\/figcaption>\n<\/figure>\n<p class=\"id-StoryElement-leadText\">Den Initiatoren des G\u00f6ttinger Radentscheids untersagt die Stadtverwaltung das Plakatieren. Das ruft den Fachverband \u201eMehr Demokratie\u201c auf den Plan.<\/p>\n<h3>&#8230;<\/h3>\n<\/blockquote>","protected":false},"excerpt":{"rendered":"<p>(Quelle: https:\/\/www.hna.de\/lokales\/goettingen\/goettingen-ort28741\/fachverband-verweigerte-plakate-in-niedersachsen-einmaliger-fall-93072992.html? Fachverband: Verweigerte Plakate f\u00fcr G\u00f6ttinger Radentscheid in Niedersachsen einmaliger Fall Stand: 16.05.2024, 06:01 Uhr Von: Melanie Zimmermann Die \u201eLetzte Generation\u201c hat f\u00fcr die Radentscheide ihre Fl\u00e4chen auf den Stellw\u00e4nden f\u00fcr die Europawahl zur Verf\u00fcgung gestellt. So kann \u2013 wie hier am Theaterplatz \u2013 nun doch im kleinen Rahmen geworben werden. \u00a9\u00a0Melanie Zimmermann Den &#8230; <a title=\"HNA: &#8220; Fachverband: Verweigerte Plakate f\u00fcr G\u00f6ttinger Radentscheid in Niedersachsen einmaliger Fall&#8220;\" class=\"read-more\" href=\"https:\/\/rt-europaallee.de\/wordpress\/2024\/05\/hna-fachverband-verweigerte-plakate-fuer-goettinger-radentscheid-in-niedersachsen-einmaliger-fall\/\" aria-label=\"Mehr Informationen \u00fcber HNA: &#8220; Fachverband: Verweigerte Plakate f\u00fcr G\u00f6ttinger Radentscheid in Niedersachsen einmaliger Fall&#8220;\">Weiterlesen<\/a><\/p>\n","protected":false},"author":3,"featured_media":0,"comment_status":"closed","ping_status":"open","sticky":false,"template":"","format":"standard","meta":{"footnotes":""},"categories":[1],"tags":[],"class_list":["post-15865","post","type-post","status-publish","format-standard","hentry","category-allgemein"],"_links":{"self":[{"href":"https:\/\/rt-europaallee.de\/wordpress\/wp-json\/wp\/v2\/posts\/15865","targetHints":{"allow":["GET"]}}],"collection":[{"href":"https:\/\/rt-europaallee.de\/wordpress\/wp-json\/wp\/v2\/posts"}],"about":[{"href":"https:\/\/rt-europaallee.de\/wordpress\/wp-json\/wp\/v2\/types\/post"}],"author":[{"embeddable":true,"href":"https:\/\/rt-europaallee.de\/wordpress\/wp-json\/wp\/v2\/users\/3"}],"replies":[{"embeddable":true,"href":"https:\/\/rt-europaallee.de\/wordpress\/wp-json\/wp\/v2\/comments?post=15865"}],"version-history":[{"count":2,"href":"https:\/\/rt-europaallee.de\/wordpress\/wp-json\/wp\/v2\/posts\/15865\/revisions"}],"predecessor-version":[{"id":15867,"href":"https:\/\/rt-europaallee.de\/wordpress\/wp-json\/wp\/v2\/posts\/15865\/revisions\/15867"}],"wp:attachment":[{"href":"https:\/\/rt-europaallee.de\/wordpress\/wp-json\/wp\/v2\/media?parent=15865"}],"wp:term":[{"taxonomy":"category","embeddable":true,"href":"https:\/\/rt-europaallee.de\/wordpress\/wp-json\/wp\/v2\/categories?post=15865"},{"taxonomy":"post_tag","embeddable":true,"href":"https:\/\/rt-europaallee.de\/wordpress\/wp-json\/wp\/v2\/tags?post=15865"}],"curies":[{"name":"wp","href":"https:\/\/api.w.org\/{rel}","templated":true}]}}