{"id":15871,"date":"2024-05-18T01:04:43","date_gmt":"2024-05-17T23:04:43","guid":{"rendered":"http:\/\/rt-europaallee.org\/wordpress\/?p=15871"},"modified":"2024-05-18T01:04:43","modified_gmt":"2024-05-17T23:04:43","slug":"stadt-goettingen-statement-zur-kundgebung-vom-16-mai-2024-vor-und-im-neuen-rathaus","status":"publish","type":"post","link":"https:\/\/rt-europaallee.de\/wordpress\/2024\/05\/stadt-goettingen-statement-zur-kundgebung-vom-16-mai-2024-vor-und-im-neuen-rathaus\/","title":{"rendered":"Stadt G\u00f6ttingen: Statement zur Kundgebung vom 16. Mai 2024 vor und im Neuen Rathaus"},"content":{"rendered":"<p>(Quelle: <a href=\"https:\/\/www.goettingen.de\/portal\/meldungen\/statement-zur-kundgebung-vom-16-mai-2024-vor-und-im-neuen-rathaus-900002969-25480.html?rubrik=900000002\">https:\/\/www.goettingen.de\/portal\/meldungen\/statement-zur-kundgebung-vom-16-mai-2024-vor-und-im-neuen-rathaus-900002969-25480.html?rubrik=900000002<\/a>)<\/p>\n<blockquote>\n<div class=\"fusstext fusstext_oben\"><span class=\"create\">17.05.2024<\/span><\/p>\n<div><\/div>\n<\/div>\n<h3 class=\"kontrast-bild\">Statement zur Kundgebung vom 16. Mai 2024 vor und im Neuen Rathaus<\/h3>\n<div id=\"nolis_content_site\" class=\"nolis_content_site\">\n<p class=\"anreisser_detail\"><strong>Gegen die gestrige (Donnerstag, 16. Mai 2024), nicht angek\u00fcndigte Kundgebung vor und im Neuen Rathaus pr\u00fcft die Stadt G\u00f6ttingen, Anzeige zu erstatten. Etwa 20 Personen waren ins Neue Rathaus eingedrungen, um gegen die Begehung der Groner Landstra\u00dfe 9 durch Stadt und Polizei im April zu protestieren. Sie haben Mitarbeitende bedroht, sie massiv beleidigt und eingesch\u00fcchtert. B\u00fcros wurden gest\u00fcrmt, zum Teil Schr\u00e4nke ge\u00f6ffnet und Mitarbeitende aufgefordert, ihre B\u00fcros zu verlassen.<\/strong><\/p>\n<div class=\"print_href print_abbr\">\n<div class=\"template1\">\n<div class=\"platz platz1\">\n<div class=\"rahmen\">\n<div class=\"innen\">\n<p>\u201eDie st\u00e4dtische Begehung am 9. April war rechtm\u00e4\u00dfig, der gestrige Protest rechtswidrig\u201c, res\u00fcmiert G\u00f6ttingens Oberb\u00fcrgermeisterin Petra Broistedt in einer Stellungnahme. \u201eWer unseren Mitarbeitenden Angst einjagt, ihnen droht, sie als Nazis beleidigt und sie aus ihren B\u00fcros dr\u00e4ngt, hat den Pfad des vern\u00fcnftigen Dialogs und der Meinungsfreiheit bewusst verlassen\u201c, so Broistedt, \u201edas ist nicht zu akzeptieren. Ich bedaure die Verrohung in der politischen Auseinandersetzung.\u201c<\/p>\n<p>Die Oberb\u00fcrgermeisterin betont: \u201eWir alle leben in einer Gesellschaft, die von Toleranz, Respekt und dem Dialog gepr\u00e4gt ist. Unsere Demokratie bietet jedem das Recht, seine Meinung frei zu \u00e4u\u00dfern und friedlich zu protestieren. Doch dieses Recht endet dort, wo die Rechte und die Sicherheit anderer verletzt werden. Der gestrige Vorfall hat diese Grenzen klar \u00fcberschritten.\u201c Es d\u00fcrfe nicht dazu kommen, dass Einsch\u00fcchterung und Bedr\u00e4ngung zu legitimen Protestformen ernannt w\u00fcrden, so Broistedt, schon gar nicht in G\u00f6ttingen, einer Stadt, die von ihren Bewohner*innen und G\u00e4sten f\u00fcr ihre Toleranz, Weltoffenheit und Diversit\u00e4t gesch\u00e4tzt werde.<\/p>\n<\/div>\n<\/div>\n<\/div>\n<\/div>\n<\/div>\n<\/div>\n<\/blockquote>\n","protected":false},"excerpt":{"rendered":"<p>(Quelle: https:\/\/www.goettingen.de\/portal\/meldungen\/statement-zur-kundgebung-vom-16-mai-2024-vor-und-im-neuen-rathaus-900002969-25480.html?rubrik=900000002) 17.05.2024 Statement zur Kundgebung vom 16. Mai 2024 vor und im Neuen Rathaus Gegen die gestrige (Donnerstag, 16. Mai 2024), nicht angek\u00fcndigte Kundgebung vor und im Neuen Rathaus pr\u00fcft die Stadt G\u00f6ttingen, Anzeige zu erstatten. Etwa 20 Personen waren ins Neue Rathaus eingedrungen, um gegen die Begehung der Groner Landstra\u00dfe 9 durch Stadt &#8230; <a title=\"Stadt G\u00f6ttingen: Statement zur Kundgebung vom 16. Mai 2024 vor und im Neuen Rathaus\" class=\"read-more\" href=\"https:\/\/rt-europaallee.de\/wordpress\/2024\/05\/stadt-goettingen-statement-zur-kundgebung-vom-16-mai-2024-vor-und-im-neuen-rathaus\/\" aria-label=\"Mehr Informationen \u00fcber Stadt G\u00f6ttingen: Statement zur Kundgebung vom 16. Mai 2024 vor und im Neuen Rathaus\">Weiterlesen<\/a><\/p>\n","protected":false},"author":3,"featured_media":0,"comment_status":"closed","ping_status":"open","sticky":false,"template":"","format":"standard","meta":{"footnotes":""},"categories":[1],"tags":[],"class_list":["post-15871","post","type-post","status-publish","format-standard","hentry","category-allgemein"],"_links":{"self":[{"href":"https:\/\/rt-europaallee.de\/wordpress\/wp-json\/wp\/v2\/posts\/15871","targetHints":{"allow":["GET"]}}],"collection":[{"href":"https:\/\/rt-europaallee.de\/wordpress\/wp-json\/wp\/v2\/posts"}],"about":[{"href":"https:\/\/rt-europaallee.de\/wordpress\/wp-json\/wp\/v2\/types\/post"}],"author":[{"embeddable":true,"href":"https:\/\/rt-europaallee.de\/wordpress\/wp-json\/wp\/v2\/users\/3"}],"replies":[{"embeddable":true,"href":"https:\/\/rt-europaallee.de\/wordpress\/wp-json\/wp\/v2\/comments?post=15871"}],"version-history":[{"count":1,"href":"https:\/\/rt-europaallee.de\/wordpress\/wp-json\/wp\/v2\/posts\/15871\/revisions"}],"predecessor-version":[{"id":15872,"href":"https:\/\/rt-europaallee.de\/wordpress\/wp-json\/wp\/v2\/posts\/15871\/revisions\/15872"}],"wp:attachment":[{"href":"https:\/\/rt-europaallee.de\/wordpress\/wp-json\/wp\/v2\/media?parent=15871"}],"wp:term":[{"taxonomy":"category","embeddable":true,"href":"https:\/\/rt-europaallee.de\/wordpress\/wp-json\/wp\/v2\/categories?post=15871"},{"taxonomy":"post_tag","embeddable":true,"href":"https:\/\/rt-europaallee.de\/wordpress\/wp-json\/wp\/v2\/tags?post=15871"}],"curies":[{"name":"wp","href":"https:\/\/api.w.org\/{rel}","templated":true}]}}