{"id":15873,"date":"2024-05-18T01:27:53","date_gmt":"2024-05-17T23:27:53","guid":{"rendered":"http:\/\/rt-europaallee.org\/wordpress\/?p=15873"},"modified":"2024-05-18T01:28:53","modified_gmt":"2024-05-17T23:28:53","slug":"kampfmittelsondierung-in-goettingen-weiterer-verdachtsfall-hat-sich-erhaertet","status":"publish","type":"post","link":"https:\/\/rt-europaallee.de\/wordpress\/2024\/05\/kampfmittelsondierung-in-goettingen-weiterer-verdachtsfall-hat-sich-erhaertet\/","title":{"rendered":"Stadt G\u00f6ttingen: Kampfmittelsondierung in G\u00f6ttingen: Weiterer Verdachtsfall hat sich erh\u00e4rtet"},"content":{"rendered":"<p>(Quelle: <a href=\"https:\/\/s3-eu-west-1.amazonaws.com\/\/files.crsend.com\/185000\/185603\/rss\/media\/15329015.htm\">https:\/\/s3-eu-west-1.amazonaws.com\/\/files.crsend.com\/185000\/185603\/rss\/media\/15329015.htm<\/a>)<\/p>\n<blockquote>\n<table border=\"0\" width=\"100%\" cellspacing=\"0\" cellpadding=\"0\">\n<tbody>\n<tr>\n<td class=\"cr-container editable\" align=\"center\" valign=\"top\" data-style=\"background-color:inherit;\" data-name=\"Container\">\n<table class=\"cr-maxwidth editable\" border=\"0\" width=\"100%\" cellspacing=\"0\" cellpadding=\"0\" data-style=\"background-color:inherit;border:inherit;\" data-name=\"Inner container\">\n<tbody>\n<tr>\n<td class=\"cr-text editable\" align=\"left\" valign=\"top\" data-style=\"font-family:inherit !important;color:inherit;line-height:inherit;letter-spacing:inherit;padding:0px;\" data-name=\"Text\">\n<div>\npdg 267 \/ 15.05.2024<\/p>\n<\/div>\n<\/td>\n<\/tr>\n<\/tbody>\n<\/table>\n<\/td>\n<\/tr>\n<\/tbody>\n<\/table>\n<table border=\"0\" width=\"100%\" cellspacing=\"0\" cellpadding=\"0\">\n<tbody>\n<tr>\n<td class=\"cr-container editable\" align=\"center\" valign=\"top\" data-style=\"background-color:inherit;\" data-name=\"Container\">\n<table class=\"cr-maxwidth editable\" border=\"0\" width=\"100%\" cellspacing=\"0\" cellpadding=\"0\" data-style=\"background-color:inherit;border:inherit;\" data-name=\"Inner container\">\n<tbody>\n<tr>\n<td class=\"cr-text editable\" align=\"left\" valign=\"top\" data-style=\"font-family:inherit !important;color:inherit;line-height:inherit;letter-spacing:inherit;padding:0px;\" data-name=\"Text\">\n<h1 class=\"false\">Kampfmittelsondierung in G\u00f6ttingen: Weiterer Verdachtsfall hat sich erh\u00e4rtet<\/h1>\n<p class=\"false\">Bei den aktuellen Kampfmittelsondierungen auf dem Sch\u00fctzenplatz hat sich der Verdacht auf einen weiteren Bombenblindg\u00e4nger erh\u00e4rtet. Der Verdachtsfall liegt vor dem Basketballzentrum und wurde bereits mit wassergef\u00fcllten \u00dcbersee-Containern gesichert. Aufgrund der Lage am Hang und der im Erdreich verlegten Leitungen geht die Stadt von einer besonderen Herausforderung aus, diesen Punkt weiter zu untersuchen.<\/p>\n<p class=\"false\">\u201eDie Lage hat es in sich\u201c, betont G\u00f6ttingens Erster Stadtrat und Ordnungsdezernent Christian Schmetz. Die Situation vor Ort sei sehr komplex, so Schmetz, es seien mehrere Starkstromleitungen und Telekomleitungen sowie eine Wasserleitung gefunden und freigelegt worden. Auch m\u00fcssten mitunter B\u00e4ume gef\u00e4llt werden. Schmetz: \u201eDie Sicherheit der G\u00f6ttingerinnen und G\u00f6ttinger ist auch bei dieser Ma\u00dfnahme oberstes Ziel. Wir stellen uns selbstverst\u00e4ndlich auch dieser Herausforderung.\u201c<\/p>\n<p class=\"false\">Ob die Leitungen verlegt werden k\u00f6nnen, wird bereits mit den Leitungstr\u00e4gern abgestimmt. \u201eDas wird ein technisch schwieriger und zeitlich sehr aufw\u00e4ndiger Kraftakt f\u00fcr alle Beteiligten\u201c, stellt Schmetz fest. Weitere Konsequenz: Der Stab \u201eKampfmittelbeseitigung\u201c, der die Ma\u00dfnahme der Beseitigung des mutma\u00dflichen Bombenblindg\u00e4ngers\u00a0 vorbereitet, wird ab sofort wieder regelm\u00e4\u00dfig tagen.<\/p>\n<p class=\"false\">Mit dem neuen erh\u00e4rteten Verdachtsfall erh\u00f6ht sich die Zahl auf insgesamt drei.\u00a0Wann es zu einer Ma\u00dfnahme zur Beseitigung der mutma\u00dflichen Bombenblindg\u00e4nger kommt, die eine Evakuierung der Bev\u00f6lkerung im Sicherheitsradius erforderlich macht, ist zum jetzigen Zeitpunkt noch offen.<\/p>\n<p class=\"false\"><strong class=\"false\">Weitere Informationen <\/strong><\/p>\n<p class=\"false\">Aktuelle Informationen zu den Kampfmittelsondierungen in der Weststadt bietet fortlaufend der Liveblog der Stadt G\u00f6ttingen unter <a class=\"false\" href=\"https:\/\/www.goettingen.de\/portal\/meldungen\/aktuelle-infos-zum-kampfmittelverdacht-in-der-weststadt-900000220-25480.html?rubrik=900000003\">goe.de\/bombenverdacht<\/a>.<\/p>\n<\/td>\n<\/tr>\n<\/tbody>\n<\/table>\n<\/td>\n<\/tr>\n<\/tbody>\n<\/table>\n<\/blockquote>\n","protected":false},"excerpt":{"rendered":"<p>(Quelle: https:\/\/s3-eu-west-1.amazonaws.com\/\/files.crsend.com\/185000\/185603\/rss\/media\/15329015.htm) pdg 267 \/ 15.05.2024 Kampfmittelsondierung in G\u00f6ttingen: Weiterer Verdachtsfall hat sich erh\u00e4rtet Bei den aktuellen Kampfmittelsondierungen auf dem Sch\u00fctzenplatz hat sich der Verdacht auf einen weiteren Bombenblindg\u00e4nger erh\u00e4rtet. Der Verdachtsfall liegt vor dem Basketballzentrum und wurde bereits mit wassergef\u00fcllten \u00dcbersee-Containern gesichert. Aufgrund der Lage am Hang und der im Erdreich verlegten Leitungen geht &#8230; <a title=\"Stadt G\u00f6ttingen: Kampfmittelsondierung in G\u00f6ttingen: Weiterer Verdachtsfall hat sich erh\u00e4rtet\" class=\"read-more\" href=\"https:\/\/rt-europaallee.de\/wordpress\/2024\/05\/kampfmittelsondierung-in-goettingen-weiterer-verdachtsfall-hat-sich-erhaertet\/\" aria-label=\"Mehr Informationen \u00fcber Stadt G\u00f6ttingen: Kampfmittelsondierung in G\u00f6ttingen: Weiterer Verdachtsfall hat sich erh\u00e4rtet\">Weiterlesen<\/a><\/p>\n","protected":false},"author":3,"featured_media":0,"comment_status":"closed","ping_status":"open","sticky":false,"template":"","format":"standard","meta":{"footnotes":""},"categories":[1],"tags":[],"class_list":["post-15873","post","type-post","status-publish","format-standard","hentry","category-allgemein"],"_links":{"self":[{"href":"https:\/\/rt-europaallee.de\/wordpress\/wp-json\/wp\/v2\/posts\/15873","targetHints":{"allow":["GET"]}}],"collection":[{"href":"https:\/\/rt-europaallee.de\/wordpress\/wp-json\/wp\/v2\/posts"}],"about":[{"href":"https:\/\/rt-europaallee.de\/wordpress\/wp-json\/wp\/v2\/types\/post"}],"author":[{"embeddable":true,"href":"https:\/\/rt-europaallee.de\/wordpress\/wp-json\/wp\/v2\/users\/3"}],"replies":[{"embeddable":true,"href":"https:\/\/rt-europaallee.de\/wordpress\/wp-json\/wp\/v2\/comments?post=15873"}],"version-history":[{"count":3,"href":"https:\/\/rt-europaallee.de\/wordpress\/wp-json\/wp\/v2\/posts\/15873\/revisions"}],"predecessor-version":[{"id":15876,"href":"https:\/\/rt-europaallee.de\/wordpress\/wp-json\/wp\/v2\/posts\/15873\/revisions\/15876"}],"wp:attachment":[{"href":"https:\/\/rt-europaallee.de\/wordpress\/wp-json\/wp\/v2\/media?parent=15873"}],"wp:term":[{"taxonomy":"category","embeddable":true,"href":"https:\/\/rt-europaallee.de\/wordpress\/wp-json\/wp\/v2\/categories?post=15873"},{"taxonomy":"post_tag","embeddable":true,"href":"https:\/\/rt-europaallee.de\/wordpress\/wp-json\/wp\/v2\/tags?post=15873"}],"curies":[{"name":"wp","href":"https:\/\/api.w.org\/{rel}","templated":true}]}}