{"id":15914,"date":"2024-05-26T10:35:37","date_gmt":"2024-05-26T08:35:37","guid":{"rendered":"http:\/\/rt-europaallee.org\/wordpress\/?p=15914"},"modified":"2024-05-26T10:35:37","modified_gmt":"2024-05-26T08:35:37","slug":"polizei-goettingen-gruenen-abgeordnete-kollenrott-in-goettingen-attacktiert","status":"publish","type":"post","link":"https:\/\/rt-europaallee.de\/wordpress\/2024\/05\/polizei-goettingen-gruenen-abgeordnete-kollenrott-in-goettingen-attacktiert\/","title":{"rendered":"Polizei G\u00f6ttingen: Gr\u00fcnen-Abgeordnete Kollenrott in G\u00f6ttingen attacktiert"},"content":{"rendered":"<p>(Quelle: <a href=\"https:\/\/www.presseportal.de\/blaulicht\/pm\/119508\/5786969\">https:\/\/www.presseportal.de\/blaulicht\/pm\/119508\/5786969<\/a>)<\/p>\n<blockquote>\n<article class=\"col eight story mbs\">\n<div class=\"card\" lang=\"de\">\n<p class=\"date\"><time datetime=\"2024-05-25 18:40:34\">25.05.2024 \u2013 18:40<\/time><\/p>\n<p class=\"customer\"><a class=\"story-customer\" title=\"weiter zum newsroom von Polizeiinspektion G\u00f6ttingen\" href=\"https:\/\/www.presseportal.de\/blaulicht\/nr\/119508\">Polizeiinspektion G\u00f6ttingen<\/a><\/p>\n<h1>POL-G\u00d6: (205\/2024) Zwischenfall bei Wahlkampfveranstaltung &#8211; G\u00f6ttinger Landtagsabgeordnete Marie Kollenrott in Fu\u00dfg\u00e4ngerzone attackiert, 66 Jahre alter Tatverd\u00e4chtiger von Polizei in Tatortn\u00e4he ergriffen<\/h1>\n<div class=\"story-sharing story-sharing-items action-toolbar\">\u00a0<\/div>\n<div class=\"no-float\">\u00a0<\/div>\n<p><i><a class=\"story-city event-trigger\" title=\"News aus G\u00f6ttingen \" href=\"https:\/\/www.presseportal.de\/regional\/G%F6ttingen\" data-category=\"citylink-story-view\" data-action=\"click\" data-label=\"Citylink in Meldungsansicht\">G\u00f6ttingen<\/a> (ots)<\/i><\/p>\n<p>\u00a0<\/p>\n<p>G\u00f6ttingen, Weender Stra\u00dfe\/Fu\u00dfg\u00e4ngerzone<\/p>\n<p>Samstag, 25. Mai 2024, gegen 13.05 Uhr<\/p>\n<p>G\u00d6TTINGEN (jk) &#8211; Die G\u00f6ttinger Landtagsabgeordnete der Partei &#8222;B\u00fcndnis 90\/Die Gr\u00fcnen&#8220; Marie Kollenrott ist nach gegenw\u00e4rtigem Stand der Ermittlungen am Samstag (24.05.24) gegen 13.05 Uhr in der G\u00f6ttinger Innenstadt von einem Mann attackiert worden. Der Zwischenfall ereignete sich im Rahmen einer Wahlkampveranstaltung in der zu diesem Zeitpunkt belebten Fu\u00dfg\u00e4ngerzone in der N\u00e4he des Alten Rathauses. Die Politikerin erlitt bei dem \u00dcbergriff leichte Verletzungen an den Armen. Die Polizei konnte den mutma\u00dflichen Angreifer nur kurz danach noch in Tatortn\u00e4he ergreifen. Der 66 Jahre alte G\u00f6ttinger wurde nach Abschluss der polizeilichen Ma\u00dfnahmen und Identit\u00e4tsfeststellung vor Ort entlassen. Das Staatschutzkommissariat hat die weiteren Ermittlungen gegen ihn u. a. wegen K\u00f6rperverletzung \u00fcbernommen.<\/p>\n<p>Den ersten Erkenntnissen zufolge hatte sich der G\u00f6ttinger zuvor in H\u00f6he des Wahlkampfstandes abf\u00e4llig \u00fcber die Partei &#8222;Die Gr\u00fcnen&#8220; ge\u00e4u\u00dfert. Es entwickelte sich eine kurze politische Diskussion mit dem sp\u00e4teren Opfer, in deren Verlauf der Mann pl\u00f6tzlich auf die Politikerin zuging und ihr mehrfach gegen den Oberk\u00f6rper schlug. Anschlie\u00dfend entfernte er sich.<\/p>\n<p>Die Landtagsabgeordnete und ein Zeuge nahmen die Verfolgung auf und alarmierten die Polizei. Beamte konnten den mutma\u00dflichen Angreifer nur kurz danach im Bereich Groner Stra\u00dfe\/Zindelstra\u00dfe stellen.<\/p>\n<p>Die weiteren Ermittlungen dauern an.<\/p>\n<p class=\"contact-headline\">R\u00fcckfragen bitte an:<\/p>\n<p class=\"contact-text\">Polizeiinspektion G\u00f6ttingen<br \/>Presse- und \u00d6ffentlichkeitsarbeit<br \/>Jasmin Kaatz<br \/>Otto-Hahn-Stra\u00dfe 2<br \/>37077 G\u00f6ttingen<br \/>Telefon: 0551\/491-2017<br \/>Fax: 0551\/491-2010<br \/>E-Mail: <a class=\"uri-mailto\" href=\"mailto: pressestelle@pi-goe.polizei.niedersachsen.de\"> pressestelle@pi-goe.polizei.niedersachsen.de<\/a><br \/><a class=\"uri-ext outbound\" href=\"http:\/\/www.pi-goe.polizei-nds.de\" target=\"_blank\" rel=\"noopener\">http:\/\/www.pi-goe.polizei-nds.de<\/a><\/p>\n<p class=\"originator\">Original-Content von: Polizeiinspektion G\u00f6ttingen, \u00fcbermittelt durch news aktuell<\/p>\n<div class=\"no-float\">\u00a0<\/div>\n<\/div>\n<\/article>\n<\/blockquote>\n<div>\u00a0<\/div>\n<h4>Siehe auch\u00a0<a href=\"https:\/\/www.goettinger-tageblatt.de\/lokales\/goettingen-lk\/goettingen\/goettingen-gruenen-politikerin-kollenrott-angegriffen-taeter-vor-ort-gestellt-WY2UGPEXRJFZBF7O2LP34QWCGU.html?fbclid=IwZXh0bgNhZW0CMTEAAR2jWFkJrPSsMBjuV5DB0w4pMGhvv7aG0qXv-aIgMIqZLtK6vi96rEoR-UI_aem_ZmFrZWR1bW15MTZieXRlcw\">https:\/\/www.goettinger-tageblatt.de\/lokales\/goettingen-lk\/goettingen\/goettingen-gruenen-politikerin-kollenrott-angegriffen-taeter-vor-ort-gestellt-WY2UGPEXRJFZBF7O2LP34QWCGU.html?<\/a><\/h4>\n\n\n<p><\/p>\n\n\n\n<p><\/p>\n","protected":false},"excerpt":{"rendered":"<p>(Quelle: https:\/\/www.presseportal.de\/blaulicht\/pm\/119508\/5786969) 25.05.2024 \u2013 18:40 Polizeiinspektion G\u00f6ttingen POL-G\u00d6: (205\/2024) Zwischenfall bei Wahlkampfveranstaltung &#8211; G\u00f6ttinger Landtagsabgeordnete Marie Kollenrott in Fu\u00dfg\u00e4ngerzone attackiert, 66 Jahre alter Tatverd\u00e4chtiger von Polizei in Tatortn\u00e4he ergriffen \u00a0 \u00a0 G\u00f6ttingen (ots) \u00a0 G\u00f6ttingen, Weender Stra\u00dfe\/Fu\u00dfg\u00e4ngerzone Samstag, 25. Mai 2024, gegen 13.05 Uhr G\u00d6TTINGEN (jk) &#8211; Die G\u00f6ttinger Landtagsabgeordnete der Partei &#8222;B\u00fcndnis 90\/Die Gr\u00fcnen&#8220; &#8230; <a title=\"Polizei G\u00f6ttingen: Gr\u00fcnen-Abgeordnete Kollenrott in G\u00f6ttingen attacktiert\" class=\"read-more\" href=\"https:\/\/rt-europaallee.de\/wordpress\/2024\/05\/polizei-goettingen-gruenen-abgeordnete-kollenrott-in-goettingen-attacktiert\/\" aria-label=\"Mehr Informationen \u00fcber Polizei G\u00f6ttingen: Gr\u00fcnen-Abgeordnete Kollenrott in G\u00f6ttingen attacktiert\">Weiterlesen<\/a><\/p>\n","protected":false},"author":3,"featured_media":0,"comment_status":"closed","ping_status":"open","sticky":false,"template":"","format":"standard","meta":{"footnotes":""},"categories":[1],"tags":[],"class_list":["post-15914","post","type-post","status-publish","format-standard","hentry","category-allgemein"],"_links":{"self":[{"href":"https:\/\/rt-europaallee.de\/wordpress\/wp-json\/wp\/v2\/posts\/15914","targetHints":{"allow":["GET"]}}],"collection":[{"href":"https:\/\/rt-europaallee.de\/wordpress\/wp-json\/wp\/v2\/posts"}],"about":[{"href":"https:\/\/rt-europaallee.de\/wordpress\/wp-json\/wp\/v2\/types\/post"}],"author":[{"embeddable":true,"href":"https:\/\/rt-europaallee.de\/wordpress\/wp-json\/wp\/v2\/users\/3"}],"replies":[{"embeddable":true,"href":"https:\/\/rt-europaallee.de\/wordpress\/wp-json\/wp\/v2\/comments?post=15914"}],"version-history":[{"count":1,"href":"https:\/\/rt-europaallee.de\/wordpress\/wp-json\/wp\/v2\/posts\/15914\/revisions"}],"predecessor-version":[{"id":15915,"href":"https:\/\/rt-europaallee.de\/wordpress\/wp-json\/wp\/v2\/posts\/15914\/revisions\/15915"}],"wp:attachment":[{"href":"https:\/\/rt-europaallee.de\/wordpress\/wp-json\/wp\/v2\/media?parent=15914"}],"wp:term":[{"taxonomy":"category","embeddable":true,"href":"https:\/\/rt-europaallee.de\/wordpress\/wp-json\/wp\/v2\/categories?post=15914"},{"taxonomy":"post_tag","embeddable":true,"href":"https:\/\/rt-europaallee.de\/wordpress\/wp-json\/wp\/v2\/tags?post=15914"}],"curies":[{"name":"wp","href":"https:\/\/api.w.org\/{rel}","templated":true}]}}