{"id":15927,"date":"2024-05-29T00:02:53","date_gmt":"2024-05-28T22:02:53","guid":{"rendered":"http:\/\/rt-europaallee.org\/wordpress\/?p=15927"},"modified":"2024-05-29T00:06:47","modified_gmt":"2024-05-28T22:06:47","slug":"kurzversion-bonveno-newsletter-mai-2024","status":"publish","type":"post","link":"https:\/\/rt-europaallee.de\/wordpress\/2024\/05\/kurzversion-bonveno-newsletter-mai-2024\/","title":{"rendered":"Kurzversion Bonveno Newsletter Mai 2024"},"content":{"rendered":"\n<p>E-Mail von\u00a0<a href=\"m.luepke@bonveno-goettingen.de\">m.luepke@bonveno-goettingen.de<\/a> am 27.05.2024\/\u00a013:01<\/p>\n\n\n\n<blockquote class=\"wp-block-quote is-layout-flow wp-block-quote-is-layout-flow\">\n<p><strong>Liebe Bonveno-Freunde, liebe Ehrenamtliche,<\/strong><\/p>\n\n\n\n<p>aus aktuellem Anlass verschicken wir in diesem Monat, zus\u00e4tzlich zum regul\u00e4ren Newsletter, noch diese Kurzfassung.<\/p>\n\n\n\n<p>Melden Sie sich wie immer gerne, wenn wir Sie unterst\u00fctzen k\u00f6nnen \u2013 wenn Sie Gespr\u00e4chsbedarf haben, wenn wir Kosten erstatten k\u00f6nnen oder wenn Sie andere Anliegen haben!<\/p>\n\n\n\n<p><strong>Absage\/ Verschiebung des Termins:<\/strong><\/p>\n\n\n\n<p><strong>Leider m\u00fcssen wir aufgrund von geringen Anmeldezahlen den Austausch: Patenschaftsabend von der Bonveno G\u00f6ttingen gGmbH und AWO G\u00f6ttingen gGmbH, <\/strong><strong>Mittwoch, 29. Mai, ab 17:30 Uhr<\/strong><strong> <u>absagen.<\/u> Der Austausch wird auf Donnerstag, 20. Juni, ab 17:30 Uhr <u>verschoben.<\/u><\/strong><\/p>\n\n\n\n<p><em>Adresse: Jutta-Limbach-Str. 3, 37073 G\u00f6ttingen (2. Stock, Konferenzraum)<\/em><\/p>\n\n\n\n<p><strong>Wer: <\/strong>Die Koordinatorinnen f\u00fcr Ehrenamt und Patenschaften der Bonveno G\u00f6ttingen gGmbH<br><strong>Was:<\/strong> Liebe Pat*innen und Ehrenamtliche,\u00a0<br>wir laden Sie herzlich zum Patenschaftsabend ein.<br>Wir m\u00f6chten uns gern in gem\u00fctlicher Runde gemeinsam austauschen, kl\u00f6nen, Ideen finden, planen und gemeinsam umsetzen. Bei ein paar kleinen Snacks k\u00f6nnen Sie \u00fcber Ihre Erfahrungen, Herausforderungen und W\u00fcnsche berichten.<br>Haben Sie Ideen oder brauchen Unterst\u00fctzung? M\u00f6chten Sie sich mit anderen \u00fcber Ihre Erfahrungen austauschen? Kommen Sie gern vorbei beim Patenabend!<br>Wir freuen uns \u00fcber Ihre Anmeldungen!<br><strong>Anmeldung:<\/strong><br><strong>Marie L\u00fcpke:<\/strong><br>E-Mail: <a href=\"mailto:m.luepke@bonveno-goettingen.de\">m.luepke@bonveno-goettingen.de<\/a><br>Mobil: 0176\/ 84146370<\/p>\n\n\n\n<p><strong>Astrid M\u00fcller:<\/strong><br>E-Mail: <a href=\"mailto:a.mueller@awo-goettingen.de\">a.mueller@awo-goettingen.de<\/a><br>Mobil: 0176\/ 22919421<\/p>\n\n\n\n<p><strong>Veranstaltungen:<\/strong><\/p>\n\n\n\n<p><strong>Freie Pl\u00e4tze beim B\u00fcrgerfr\u00fchst\u00fcck der B\u00fcrgerstiftung G\u00f6ttingen, <\/strong><strong>Sonntag, 02. Juni 2024<\/strong><strong>, <\/strong><strong>ab 11:00 Uhr<\/strong><\/p>\n\n\n\n<p><em>Adresse: Johanniskirchhof, 37073 G\u00f6ttingen<\/em><\/p>\n\n\n\n<p><strong>Wer: <\/strong>B\u00fcrgerstiftung G\u00f6ttingen<\/p>\n\n\n\n<p><strong>Was:<\/strong> Am Sonntag, dem 02.06.2024 findet ab 11:00 Uhr wieder das traditionelles B\u00fcrgerfr\u00fchst\u00fcck der B\u00fcrgerstiftung G\u00f6ttingen auf dem Johanniskirchhof statt. Das Migrationszentrum stellt den Ehrenamtlichen\/ Engagierten der Bonveno und AWO, dankenswerterweise, vier Pl\u00e4tze zur Verf\u00fcgung. Melden Sie sich gerne bei uns, wenn Sie Interesse haben teilzunehmen.<\/p>\n\n\n\n<p>Es ist ein ein tolles B\u00fchnenprogramm geplant. Musikalisch sind die Sch\u00fclerbigband \u201eJazztified\u201c und die Bluegrass and Folk Band \u201eHank and Frank\u201c dabei. Dazu gibt es spannende Interviews mit interessanten Menschen. Ein neues Highlight wird das Frontcooking mit Jacqueline Amirfallah sein.<\/p>\n\n\n\n<h3 class=\"wp-block-heading\">Anmeldung: Astrid M\u00fcller:<\/h3>\n\n\n\n<h3 class=\"wp-block-heading\">Mobil:\u00a00176 229 19421<br>Mail:\u00a0<a href=\"mailto:a.mueller@bonveno-goettingen.de\">a.mueller@bonveno-goettingen.de<\/a><\/h3>\n\n\n\n<p><\/p>\n\n\n\n<p><strong>Fortbildungen &#8211; Reminder<\/strong><\/p>\n\n\n\n<p><strong>Intervision und Kl\u00e4rungshilfe f\u00fcr ehrenamtlich engagierte Pat*innen von Gefl\u00fcchteten, eine Kooperationsveranstaltung vom Migrationszentrum und der Bonveno G\u00f6ttingen gGmbH und der AWO G\u00f6ttingen gGmbH, 15. Juni 2024, 10:00 &#8211; 15:00 Uhr<\/strong><strong>&nbsp;<\/strong><\/p>\n\n\n\n<p><em>Adresse: Migrationszentrum, Schulungsraum im EG, Neustadt 18, 37073 G\u00f6ttingen<\/em><\/p>\n\n\n\n<p><strong>Was: <\/strong>Wir laden Euch zu einer Pr\u00e4senzveranstaltung ein, um 3-4 Stunden Eure Fragen, Zweifel, Unsicherheiten und Erfahrungen mit uns auszutauschen. Wir wollen mit Euch unterschiedliche \/verschiedene Perspektiven f\u00fcr Eure Arbeit mit Gefl\u00fcchteten beleuchten, Verhaltensm\u00f6glichkeiten und Einstellungen reflektieren und ggf. ver\u00e4ndern, mit Fragen wie:<\/p>\n\n\n\n<ul class=\"wp-block-list\">\n<li>Was erwarte ich von mir und von anderen?<\/li>\n\n\n\n<li>Was ver\u00e4ndert sich in mir durch mein Engagement?<\/li>\n\n\n\n<li>Wo und wie komme ich an meine physischen und psychischen Grenzen?<\/li>\n\n\n\n<li>Welche Auswirkungen hat mein Engagement auf mein privates Umfeld?<\/li>\n\n\n\n<li>Wo komme ich mit Traumata in Ber\u00fchrung, die mich \u00fcberfordern?<\/li>\n\n\n\n<li>Was will ich verbessern oder ver\u00e4ndern?<\/li>\n<\/ul>\n\n\n\n<p>F\u00fcr Getr\u00e4nke und Snacks wird gesorgt \ud83d\ude0a<\/p>\n\n\n\n<p><strong>Referenten: <\/strong>Thomas Sulzer, Diplom-Psychologe und Psychotherapeut, und Jan van de Vyver, Sprachwissenschaftler und Kulturberater von Soul Support e.V. Die Veranstaltung wird durch das Programm ehrenWERT der Klosterkammer Hannover gef\u00f6rdert.<\/p>\n\n\n\n<p><strong>Anmeldung:<\/strong> die Teilnehmerzahl ist begrenzt. Wir bitten um verbildliche Anmeldung unter:\u00a0 <a href=\"mailto:ehrenamt.miz.goettingen@evlka.de\">ehrenamt.miz.goettingen@evlka.de<\/a><\/p>\n\n\n\n<p><\/p>\n\n\n\n<p><strong>Aktiv werden<\/strong><\/p>\n\n\n\n<p>Sollten Sie aktuell etwas Zeit haben, freuen wir uns wie immer \u00fcber Ihre Nachricht. Noch immer ist die Nachfrage nach Gespr\u00e4chspartner*innen zum Deutsch \u00fcben gro\u00df.<\/p>\n\n\n\n<p>F\u00fcr unsere Wohnanlage auf den Zietenterassen suchen wir noch Unterst\u00fctzung bei unserem bereits bestehenden Angebot der Hausaufgabenhilfe f\u00fcr Grundsch\u00fcler*innen am Dienstag und\/ oder am Mittwoch ab 14 Uhr.<\/p>\n\n\n\n<p>Des Weiteren suchen zwei Frauen (in der Wohnanlage Europa-Allee und in der Wohnanlage auf den Zietenterassen) Patinnen f\u00fcr Alltagsbegleitung und Unterst\u00fctzung beim Deutschlernen.<\/p>\n\n\n\n<p>F\u00fcr alle Unterk\u00fcnfte suchen wir Sprachmittler*innen besonders f\u00fcr die Sprachen t\u00fcrkisch und spanisch (aber auch f\u00fcr andere Sprachen).<\/p>\n\n\n\n<p>F\u00fcr unseren ehrenamtlichen Schwimmkurs, f\u00fcr Kinder der Unterkunft Europa-Allee, suchen wir Unterst\u00fctzung f\u00fcr die ehrenamtlichen Fahrer. Der Kurs findet Montagabend statt. Fahrten k\u00f6nnten abwechselnd in Absprache mit den anderen Fahrern stattfinden. Details zum Engagement, Zeiten und Umfang k\u00f6nnen wir gern pers\u00f6nlich besprechen.<\/p>\n\n\n\n<p>Bei R\u00fcckfragen und f\u00fcr mehr Informationen, melden Sie sich gern.<\/p>\n\n\n\n<p>Haben Sie Interesse zu unterst\u00fctzen? Melden Sie sich gern bei uns.<\/p>\n\n\n\n<p>Wir freuen uns, von Ihnen zu h\u00f6ren!<\/p>\n\n\n\n<p>Mit freundlichen Gr\u00fc\u00dfen,<\/p>\n\n\n\n<p>Marie L\u00fcpke<br>Koordination Ehrenamt &amp; Patenschaften<br>Bonveno G\u00f6ttingen gGmb<br>Jutta-Limbach-Stra\u00dfe 3<br>37073 G\u00f6ttingen<br>Mobil: +49 176 84146370\u00a0<br>E-Mail: <a href=\"mailto:m.luepke@bonveno-goettingen.de\">m.luepke@bonveno-goettingen.de<\/a><br>Webseite: <a href=\"http:\/\/www.bonveno-goettingen.de\/\">www.bonveno-goettingen.de<\/a>\u00a0\u00a0<br><strong><em><u>Sprechzeiten:<\/u><\/em><\/strong><br><em>Montags bis Donnerstags: 8:30 Uhr bis 14:00 Uhr und nach Vereinbarung<br>Freitags: 8:30 bis 13:00 Uhr und nach Vereinbarung<\/em><\/p>\n<\/blockquote>\n","protected":false},"excerpt":{"rendered":"<p>E-Mail von\u00a0m.luepke@bonveno-goettingen.de am 27.05.2024\/\u00a013:01<\/p>\n","protected":false},"author":3,"featured_media":0,"comment_status":"closed","ping_status":"open","sticky":false,"template":"","format":"standard","meta":{"footnotes":""},"categories":[1],"tags":[],"class_list":["post-15927","post","type-post","status-publish","format-standard","hentry","category-allgemein"],"_links":{"self":[{"href":"https:\/\/rt-europaallee.de\/wordpress\/wp-json\/wp\/v2\/posts\/15927","targetHints":{"allow":["GET"]}}],"collection":[{"href":"https:\/\/rt-europaallee.de\/wordpress\/wp-json\/wp\/v2\/posts"}],"about":[{"href":"https:\/\/rt-europaallee.de\/wordpress\/wp-json\/wp\/v2\/types\/post"}],"author":[{"embeddable":true,"href":"https:\/\/rt-europaallee.de\/wordpress\/wp-json\/wp\/v2\/users\/3"}],"replies":[{"embeddable":true,"href":"https:\/\/rt-europaallee.de\/wordpress\/wp-json\/wp\/v2\/comments?post=15927"}],"version-history":[{"count":3,"href":"https:\/\/rt-europaallee.de\/wordpress\/wp-json\/wp\/v2\/posts\/15927\/revisions"}],"predecessor-version":[{"id":15930,"href":"https:\/\/rt-europaallee.de\/wordpress\/wp-json\/wp\/v2\/posts\/15927\/revisions\/15930"}],"wp:attachment":[{"href":"https:\/\/rt-europaallee.de\/wordpress\/wp-json\/wp\/v2\/media?parent=15927"}],"wp:term":[{"taxonomy":"category","embeddable":true,"href":"https:\/\/rt-europaallee.de\/wordpress\/wp-json\/wp\/v2\/categories?post=15927"},{"taxonomy":"post_tag","embeddable":true,"href":"https:\/\/rt-europaallee.de\/wordpress\/wp-json\/wp\/v2\/tags?post=15927"}],"curies":[{"name":"wp","href":"https:\/\/api.w.org\/{rel}","templated":true}]}}