{"id":15939,"date":"2024-05-30T23:21:52","date_gmt":"2024-05-30T21:21:52","guid":{"rendered":"http:\/\/rt-europaallee.org\/wordpress\/?p=15939"},"modified":"2024-05-31T01:13:44","modified_gmt":"2024-05-30T23:13:44","slug":"migrationszentrum-digitale-angebote-fuer-qualifizierte-gefluechtete-und-migrantinnen","status":"publish","type":"post","link":"https:\/\/rt-europaallee.de\/wordpress\/2024\/05\/migrationszentrum-digitale-angebote-fuer-qualifizierte-gefluechtete-und-migrantinnen\/","title":{"rendered":"Migrationszentrum: Digitale Angebote f\u00fcr qualifizierte Gefl\u00fcchtete und Migrant*innen"},"content":{"rendered":"\n<p><\/p>\n\n\n<p>(Quelle: <a href=\"https:\/\/www.facebook.com\/migrationszentrumgoettingen\/posts\/pfbid02pf33nxZmAuTAAX234WmYovvjhBD6JvTkn6Pa9Z7CMvFraGir7y8TaN3aEFgV2Gyrl\">https:\/\/www.facebook.com\/migrationszentrumgoettingen\/posts\/pfbid02pf33nxZmAuTAAX234WmYovvjhBD6JvTkn6Pa9Z7CMvFraGir7y8TaN3aEFgV2Gyrl<\/a>)<\/p>\n<blockquote>\n<div class=\"xu06os2 x1ok221b\">\n<h3 id=\":R5al5bb9l5qq9papd5aq:\" class=\"html-h2 xe8uvvx x11i5rnm xat24cr x1mh8g0r xexx8yu x4uap5 x18d9i69 xkhd6sd x1vvkbs x1heor9g x1qlqyl8 x1pd3egz x1a2a7pz x1gslohp x1yc453h\"><span class=\"xt0psk2\"><a class=\"x1i10hfl xjbqb8w x1ejq31n xd10rxx x1sy0etr x17r0tee x972fbf xcfux6l x1qhh985 xm0m39n x9f619 x1ypdohk xt0psk2 xe8uvvx xdj266r x11i5rnm xat24cr x1mh8g0r xexx8yu x4uap5 x18d9i69 xkhd6sd x16tdsg8 x1hl2dhg xggy1nq x1a2a7pz x1sur9pj xkrqix3 xzsf02u x1s688f\" tabindex=\"0\" role=\"link\" href=\"https:\/\/www.facebook.com\/migrationszentrumgoettingen?__cft__[0]=AZW8xH-vtz9cGaV0zNVE_Uzmyq-fmS3JinpnwwgfE4op1ELfL2CXRCi085eP_vJNXq__eFeCnZ0Bua9mtx8Fp2cEWzcB3IkvyrAhYkyyY3VZ9NnYk87sRVGyRPwhDfHJbM_nJB1UlB25dbZlDlcEKDx1mW13f_FzoaCt6VJlQE2LFR21YIu3SOO6RwYrBGP8xek&amp;__tn__=-UC%2CP-R\"><strong><span class=\"html-span xdj266r x11i5rnm xat24cr x1mh8g0r xexx8yu x4uap5 x18d9i69 xkhd6sd x1hl2dhg x16tdsg8 x1vvkbs\">Migrationszentrum f\u00fcr Stadt und Landkreis G\u00f6ttingen<\/span><\/strong><\/a><\/span><\/h3>\n<\/div>\n<div class=\"html-div xe8uvvx xdj266r x11i5rnm xat24cr x1mh8g0r xexx8yu x4uap5 x18d9i69 xkhd6sd\" dir=\"auto\">\n<div id=\":R5al5bb9l5qq9papd5aqH2:\" class=\"x1iorvi4 x1pi30zi x1l90r2v x1swvt13\" data-ad-comet-preview=\"message\" data-ad-preview=\"message\">\n<div class=\"x78zum5 xdt5ytf xz62fqu x16ldp7u\">\n<div class=\"xu06os2 x1ok221b\">\n<div class=\"xdj266r x11i5rnm xat24cr x1mh8g0r x1vvkbs x126k92a\">\n<div dir=\"auto\">Digitale Angebote f\u00fcr qualifizierte Gefl\u00fcchtete und Migrant*innen<\/div>\n<\/div>\n<\/div>\n<\/div>\n<\/div>\n<\/div>\n<div id=\":R5al5bb9l5qq9papd5aqH3:\" class=\"html-div xe8uvvx xdj266r x11i5rnm xat24cr x1mh8g0r xexx8yu x4uap5 x18d9i69 xkhd6sd x1n2onr6\">\n<div class=\"html-div xe8uvvx xdj266r x11i5rnm xat24cr x1mh8g0r xexx8yu x4uap5 x18d9i69 xkhd6sd x1n2onr6\">\n<div class=\"html-div xe8uvvx xdj266r x11i5rnm xat24cr x1mh8g0r xexx8yu x4uap5 x18d9i69 xkhd6sd\">\n<div class=\"x1n2onr6\">\n<div class=\"x1n2onr6\">\n<div class=\"x6ikm8r x10wlt62 x10l6tqk\">\u00a0<\/div>\n<div>\u00a0<\/div>\n<\/div>\n<\/div>\n<\/div>\n<\/div>\n<\/div>\n<div class=\"x6ikm8r x10wlt62 x10l6tqk\"><img decoding=\"async\" class=\"x1bwycvy x193iq5w x4fas0m x19kjcj4\" src=\"https:\/\/scontent-ham3-1.xx.fbcdn.net\/v\/t39.30808-6\/445356438_771424778504102_753080394219709322_n.jpg?stp=cp6_dst-jpg&amp;_nc_cat=101&amp;ccb=1-7&amp;_nc_sid=5f2048&amp;_nc_eui2=AeHd5Ak4cDlfdc2TPLM-veLqk8yc8NzvMEmTzJzw3O8wSacG77RgdlE7V5toBP8nQbALN4NuPh27GvdomXroyUTk&amp;_nc_ohc=lWvO2XvSiXYQ7kNvgFFkr4q&amp;_nc_ht=scontent-ham3-1.xx&amp;oh=00_AYDHQ0kwkEyEtlhTvDG_VKLHOwmvCpx3lznORCBa96NXaQ&amp;oe=665EAAE5\" alt=\"Ist m\u00f6glicherweise ein Bild von Text \u201eGemeinsam Fachkr\u00e4fte sichern \ub8e8 FIVISO DIGITALE PLATTFORM F\u00dcR INTERNATIONALE FACHKR\u00c4FTE Online-Deutsch Kurse \u00dcbersetzungsdienst f\u00fcr amtliche \u00dcbersetzungen Assistenz im Anerkennungsverfahren ausl\u00e4ndischer Bildungsabschl\u00fcsse Jobb\u00f6rse mit Onboarding und Integrationsbegleitung bei Einstellung 3 Auch als App verf\u00fcgbar IQIF GmbH \u30ed\u884c\u30fc www.tiviso.com +49(0)511 105 +49(0)5110579120 79 8 120 Mail@fiviso.d de\u201c\" data-visualcompletion=\"media-vc-image\" \/><\/div>\n<div>(<a href=\"https:\/\/www.facebook.com\/photo\/?fbid=771424475170799&amp;set=pcb.771424641837449\">https:\/\/www.facebook.com\/photo\/?fbid=771424475170799&amp;set=pcb.771424641837449<\/a>)<\/div>\n<div>\u00a0<\/div>\n<div><img decoding=\"async\" class=\"x1bwycvy x193iq5w x4fas0m x19kjcj4\" src=\"https:\/\/scontent-ham3-1.xx.fbcdn.net\/v\/t39.30808-6\/445433260_771424841837429_5228990327923189891_n.jpg?stp=cp6_dst-jpg&amp;_nc_cat=101&amp;ccb=1-7&amp;_nc_sid=5f2048&amp;_nc_eui2=AeFJlqB4zTW12yV6ntVNqqI_AURwcZuKY8sBRHBxm4pjy-XrHXqUiEiZpfKub5KimZg2LQFV2WPvOl46kBNb_9_W&amp;_nc_ohc=QCNt2XDqv34Q7kNvgEKH_Ce&amp;_nc_ht=scontent-ham3-1.xx&amp;oh=00_AYBdZLtX-J4rIDTubC9tyoKawTXOX-OteiTlZQcyYW8tMw&amp;oe=665EB3FF\" alt=\"Ist m\u00f6glicherweise ein Bild von Text \u201eGemeinsam Fachkr\u00e4fte sichern \ub450 FIVISO ULUSLARARASI NITELIKLI I\u015f G\u00dcC\u00dc I\u00c7IN DIJITAL PLATFORM Online Almanca kurslar\u0131 Resmi \u00e7eviriler i\u00e7in \u00e7eviri hizmeti Yabanc\u0131 e\u011fitim niteliklerinin tan\u0131nmas\u0131 s\u00fcrecinde asistans \u0130\u015fe al\u0131nd\u0131\u011f\u0131nda i\u015fe al\u0131m ve entegrasyon deste\u011fi ile i\u015f de\u011fi\u015fimi G Uygulama olarak da mevcuttur IQiFGmbH IQiF GmbH www.fiviso.com +49(0)5110579120 105 9 120 +49(0)5111 Mail@fiviso.d\u201c\" data-visualcompletion=\"media-vc-image\" \/><\/div>\n<div>(<a href=\"https:\/\/www.facebook.com\/photo\/?fbid=771424565170790&amp;set=pcb.771424641837449\">https:\/\/www.facebook.com\/photo\/?fbid=771424565170790&amp;set=pcb.771424641837449<\/a>)<\/div>\n<div>\u00a0<\/div>\n<div><img decoding=\"async\" class=\"x1bwycvy x193iq5w x4fas0m x19kjcj4\" src=\"https:\/\/scontent-ham3-1.xx.fbcdn.net\/v\/t39.30808-6\/442493698_771424415170805_409123434070952964_n.jpg?stp=cp6_dst-jpg&amp;_nc_cat=103&amp;ccb=1-7&amp;_nc_sid=5f2048&amp;_nc_eui2=AeEEWO4cqYMFAOLeTD6hsYp7jpL3MgNwA32OkvcyA3ADfUQRYbHGgU_pw0CWD7P0_V-2GeWBsiymqbeeCm8gAk7c&amp;_nc_ohc=YEgj-giJhuIQ7kNvgHDWgSs&amp;_nc_ht=scontent-ham3-1.xx&amp;oh=00_AYBS-HVY4WKvroOOaX9tIw77brVHxJKa37hDxitKXfjBNQ&amp;oe=665ECEF1\" alt=\"Ist m\u00f6glicherweise ein Bild von Text \u201eGemeinsam Fachkr\u00e4fte sichern \ub8e8 FIVISO DIGITAL PLATFORM FOR INTERNATIONAL SPECIALISTS Online German courses Translation service for official translations Assistance in recognition of foreign qualifications Job exchange with onboarding and integration support when hired 3 Also available as application IQIF IQiFGmbH GmbH www.fiviso.com +49(0)51110579120 105 79 9 120 +49(0)511 Mail@fiviso.de\u201c\" data-visualcompletion=\"media-vc-image\" \/><\/div>\n<div class=\"x6ikm8r x10wlt62 x10l6tqk\">(<a href=\"https:\/\/www.facebook.com\/photo\/?fbid=771424428504137&amp;set=pcb.771424641837449\">https:\/\/www.facebook.com\/photo\/?fbid=771424428504137&amp;set=pcb.771424641837449<\/a>)<\/div>\n<div>\u00a0<\/div>\n<div><img decoding=\"async\" class=\"x1bwycvy x193iq5w x4fas0m x19kjcj4\" src=\"https:\/\/scontent-ham3-1.xx.fbcdn.net\/v\/t39.30808-6\/445408970_771424868504093_434818196348509112_n.jpg?stp=cp6_dst-jpg&amp;_nc_cat=106&amp;ccb=1-7&amp;_nc_sid=5f2048&amp;_nc_eui2=AeGiuCIY_deeAW99jrmh5Mw3X6XaFNLLkqBfpdoU0suSoJjKSXc7JPrDFGMFHqshUC5TqeHWgagXSGA4KaMdV6aS&amp;_nc_ohc=viArvNKFEFUQ7kNvgH4IMgK&amp;_nc_ht=scontent-ham3-1.xx&amp;oh=00_AYCwWdo4d-t8JzVic0v_d09juGN4xbL8XsbnV-IRgl4EJQ&amp;oe=665EB0E3\" alt=\"Ist m\u00f6glicherweise ein Bild von Text \u201eDEUTSCH ONLINE ABENDKURS Deulsch A1 \u1780\u17b8 FIVISO Deutsch intensiv Niveau A1 telc \u9678 Jetzt als Kursteilnehmer*in anmelden unter www.fiviso.com Dauer 8 Wochen Unterrichtsstunden pro Woche 12 Umfang gesamt 96 Stunden \u00e0 45 Minuten Teilnehmende max. 15 \u20ac Preis 349 Euro IQiF GmbH www.fiviso.com +49(0)51110579120 120 49(0)511 105 mail@fiviso.de\u201c\" data-visualcompletion=\"media-vc-image\" \/><\/div>\n<div>(<a href=\"https:\/\/www.facebook.com\/photo\/?fbid=771424595170787&amp;set=pcb.771424641837449\">https:\/\/www.facebook.com\/photo\/?fbid=771424595170787&amp;set=pcb.771424641837449<\/a>)<\/div>\n<\/blockquote>","protected":false},"excerpt":{"rendered":"<p>(Quelle: https:\/\/www.facebook.com\/migrationszentrumgoettingen\/posts\/pfbid02pf33nxZmAuTAAX234WmYovvjhBD6JvTkn6Pa9Z7CMvFraGir7y8TaN3aEFgV2Gyrl) Migrationszentrum f\u00fcr Stadt und Landkreis G\u00f6ttingen Digitale Angebote f\u00fcr qualifizierte Gefl\u00fcchtete und Migrant*innen \u00a0 \u00a0 (https:\/\/www.facebook.com\/photo\/?fbid=771424475170799&amp;set=pcb.771424641837449) \u00a0 (https:\/\/www.facebook.com\/photo\/?fbid=771424565170790&amp;set=pcb.771424641837449) \u00a0 (https:\/\/www.facebook.com\/photo\/?fbid=771424428504137&amp;set=pcb.771424641837449) \u00a0 (https:\/\/www.facebook.com\/photo\/?fbid=771424595170787&amp;set=pcb.771424641837449)<\/p>\n","protected":false},"author":3,"featured_media":0,"comment_status":"closed","ping_status":"open","sticky":false,"template":"","format":"standard","meta":{"footnotes":""},"categories":[1],"tags":[],"class_list":["post-15939","post","type-post","status-publish","format-standard","hentry","category-allgemein"],"_links":{"self":[{"href":"https:\/\/rt-europaallee.de\/wordpress\/wp-json\/wp\/v2\/posts\/15939","targetHints":{"allow":["GET"]}}],"collection":[{"href":"https:\/\/rt-europaallee.de\/wordpress\/wp-json\/wp\/v2\/posts"}],"about":[{"href":"https:\/\/rt-europaallee.de\/wordpress\/wp-json\/wp\/v2\/types\/post"}],"author":[{"embeddable":true,"href":"https:\/\/rt-europaallee.de\/wordpress\/wp-json\/wp\/v2\/users\/3"}],"replies":[{"embeddable":true,"href":"https:\/\/rt-europaallee.de\/wordpress\/wp-json\/wp\/v2\/comments?post=15939"}],"version-history":[{"count":2,"href":"https:\/\/rt-europaallee.de\/wordpress\/wp-json\/wp\/v2\/posts\/15939\/revisions"}],"predecessor-version":[{"id":15945,"href":"https:\/\/rt-europaallee.de\/wordpress\/wp-json\/wp\/v2\/posts\/15939\/revisions\/15945"}],"wp:attachment":[{"href":"https:\/\/rt-europaallee.de\/wordpress\/wp-json\/wp\/v2\/media?parent=15939"}],"wp:term":[{"taxonomy":"category","embeddable":true,"href":"https:\/\/rt-europaallee.de\/wordpress\/wp-json\/wp\/v2\/categories?post=15939"},{"taxonomy":"post_tag","embeddable":true,"href":"https:\/\/rt-europaallee.de\/wordpress\/wp-json\/wp\/v2\/tags?post=15939"}],"curies":[{"name":"wp","href":"https:\/\/api.w.org\/{rel}","templated":true}]}}