{"id":15957,"date":"2024-06-04T20:42:59","date_gmt":"2024-06-04T18:42:59","guid":{"rendered":"http:\/\/rt-europaallee.org\/wordpress\/?p=15957"},"modified":"2024-06-04T20:42:59","modified_gmt":"2024-06-04T18:42:59","slug":"fis-work-media-group-evangelisches-krankenhaus-goettingen-muss-geburtshilfe-schliessen-akuter-personalmangel","status":"publish","type":"post","link":"https:\/\/rt-europaallee.de\/wordpress\/2024\/06\/fis-work-media-group-evangelisches-krankenhaus-goettingen-muss-geburtshilfe-schliessen-akuter-personalmangel\/","title":{"rendered":"Fis Work Media Group: Evangelisches Krankenhaus G\u00f6ttingen muss Geburtshilfe schlie\u00dfen &#8211; Akuter Personalmangel!"},"content":{"rendered":"\n<p><\/p>\n\n\n<p>(Quelle: <a href=\"https:\/\/www.facebook.com\/permalink.php?story_fbid=pfbid02MA8mMqtp97i8m7FJYy3LQcLtMqrdpdDpdRVAXu3jAcZuRCbJksXMH7gJoURHzATvl&amp;id=100063446514417\">https:\/\/www.facebook.com\/permalink.php?story_fbid=pfbid02MA8mMqtp97i8m7FJYy3LQcLtMqrdpdDpdRVAXu3jAcZuRCbJksXMH7gJoURHzATvl&amp;id=100063446514417<\/a>)<\/p>\n<blockquote>\n<div class=\"xu06os2 x1ok221b\">\n<h3 id=\":R5al5bb9l5qq9papd5aq:\" class=\"html-h2 xe8uvvx x11i5rnm xat24cr x1mh8g0r xexx8yu x4uap5 x18d9i69 xkhd6sd x1vvkbs x1heor9g x1qlqyl8 x1pd3egz x1a2a7pz x1gslohp x1yc453h\"><span class=\"xt0psk2\"><a class=\"x1i10hfl xjbqb8w x1ejq31n xd10rxx x1sy0etr x17r0tee x972fbf xcfux6l x1qhh985 xm0m39n x9f619 x1ypdohk xt0psk2 xe8uvvx xdj266r x11i5rnm xat24cr x1mh8g0r xexx8yu x4uap5 x18d9i69 xkhd6sd x16tdsg8 x1hl2dhg xggy1nq x1a2a7pz x1sur9pj xkrqix3 xzsf02u x1s688f\" tabindex=\"0\" role=\"link\" href=\"https:\/\/www.facebook.com\/profile.php?id=100063446514417&amp;__cft__[0]=AZUbPYBqO3Lu_rtSLFyCkmHwKv-kSOUtLbpUTWPNbT_0AVCKpidXe9k2rpTbofu1tY6av6obBE0nmrrxzNDT1zYwNsGhVvixgMj0UtKseqyBSQA3QXAYnM3Hw5lwNw-NlfYeU7TU6QlMaDis8_Fr_nzcVW82sOH-1L4LLk-WmZzmPg&amp;__tn__=-UC%2CP-R\"><strong><span class=\"html-span xdj266r x11i5rnm xat24cr x1mh8g0r xexx8yu x4uap5 x18d9i69 xkhd6sd x1hl2dhg x16tdsg8 x1vvkbs\">Fis Work Media Group<\/span><\/strong><\/a><\/span><\/h3>\n<\/div>\n<div class=\"xqcrz7y x78zum5 x1qx5ct2 x1y1aw1k x1sxyh0 xwib8y2 xurb0ha xw4jnvo\">\n<div>\u00a0<\/div>\n<\/div>\n<div class=\"html-div xe8uvvx xdj266r x11i5rnm xat24cr x1mh8g0r xexx8yu x4uap5 x18d9i69 xkhd6sd\">\n<div class=\"html-div xe8uvvx xdj266r x11i5rnm xat24cr x1mh8g0r xexx8yu x4uap5 x18d9i69 xkhd6sd\" dir=\"auto\">\n<div id=\":R5al5bb9l5qq9papd5aqH2:\" class=\"x1iorvi4 x1pi30zi x1swvt13 xjkvuk6\" data-ad-comet-preview=\"message\" data-ad-preview=\"message\">\n<div class=\"x78zum5 xdt5ytf xz62fqu x16ldp7u\">\n<div class=\"xu06os2 x1ok221b\">\n<div class=\"xdj266r x11i5rnm xat24cr x1mh8g0r x1vvkbs x126k92a\">\n<div dir=\"auto\">DAS INTERESSIERT IN S\u00dcDNIEDERSACHSEN<\/div>\n<div dir=\"auto\">Evangelisches Krankenhaus<\/div>\n<div dir=\"auto\">G\u00f6ttingen muss Geburtshilfe<\/div>\n<div dir=\"auto\">schlie\u00dfen &#8211; Akuter Personalmangel!<\/div>\n<\/div>\n<div class=\"x11i5rnm xat24cr x1mh8g0r x1vvkbs xtlvy1s x126k92a\">\n<div dir=\"auto\">Das Evangelische Krankenhaus G\u00f6ttingen-Weende schlie\u00dft Ende August seine Geburtsmedizin am Standort Neu-Mariahilf.<\/div>\n<div dir=\"auto\">Grund sei ein Personalengpass, teilte die Klinik am Montag mit. Seit l\u00e4ngerem sei klar, dass der langj\u00e4hrige Chefarzt in den Ruhestand gehe und schwer zu ersetzen sei. Zum September und Oktober h\u00e4tten zudem sowohl eine Ober\u00e4rztin als auch zwei Assistenz\u00e4rztinnen aus pers\u00f6nlichen Gr\u00fcnden gek\u00fcndigt.<\/div>\n<\/div>\n<div class=\"x11i5rnm xat24cr x1mh8g0r x1vvkbs xtlvy1s x126k92a\">\n<div dir=\"auto\">Das Krankenhaus werde deshalb seine Fachabteilung Geburtshilfe und Gyn\u00e4kologie am Standort Neu-Mariahilf neu ausrichten, hie\u00df es. Die Abteilung konzentriere sich zuk\u00fcnftig auf die Frauenheilkunde. \u00abWir alle h\u00e4tten uns eine andere L\u00f6sung gew\u00fcnscht und bedauern diese Entscheidung sehr\u00bb, sagte der medizinische Gesch\u00e4ftsf\u00fchrer, Michael Karaus.<\/div>\n<\/div>\n<div class=\"x11i5rnm xat24cr x1mh8g0r x1vvkbs xtlvy1s x126k92a\">\n<div dir=\"auto\">Nach den Klinikangaben ist auch den Hebammen, die dort freiberuflich t\u00e4tig sind, angesichts der Entwicklungen das Risiko<\/div>\n<div dir=\"auto\">einer nicht ausreichenden \u00e4rztlichen Pr\u00e4senz bei den Geburten zu gro\u00df. So h\u00e4tten zahlreiche Hebammen ebenfalls ihre Vertr\u00e4ge zum 31. August gek\u00fcndigt.<\/div>\n<\/div>\n<div class=\"x11i5rnm xat24cr x1mh8g0r x1vvkbs xtlvy1s x126k92a\">\n<div dir=\"auto\">Bis Ende August k\u00f6nnten Frauen wie gew\u00fcnscht im Krankenhaus Neu-Mariahilf entbinden, so die Klinik. Alle werdenden M\u00fctter, deren Geburtstermin danach liegen wird, w\u00fcrden von ihren Hebammen und auch vom Krankenhaus bei der Suche nach einer Alternative unterst\u00fctzt. \u201eWir sind im Gespr\u00e4ch mit den Leitungen der Universit\u00e4tsmedizin G\u00f6ttingen und des Krankenhauses Neu-Bethlehem und gehen davon aus, dass diese den Wegfall unseres Angebots gut kompensieren k\u00f6nnen\u00bb,<\/div>\n<div dir=\"auto\">sagte Karaus.<\/div>\n<\/div>\n<div class=\"x11i5rnm xat24cr x1mh8g0r x1vvkbs xtlvy1s x126k92a\">\n<div dir=\"auto\">Keiner der Mitarbeitenden verliere den Arbeitsplatz, versicherte er. Auch die ambulante gyn\u00e4kologische und geburtshilfliche Versorgung durch das Medizinische Versorgungszentrum am Standort Neu-Mariahilf bleibe bestehen.<\/div>\n<\/div>\n<\/div>\n<\/div>\n<\/div>\n<\/div>\n<\/div>\n<div>\n<div class=\"x168nmei x13lgxp2 x30kzoy x9jhf4c x6ikm8r x10wlt62\" data-visualcompletion=\"ignore-dynamic\">\n<div>\n<div>\n<div>\n<div class=\"x1n2onr6\">\n<div class=\"x6s0dn4 xi81zsa x78zum5 x6prxxf x13a6bvl xvq8zen xdj266r xat24cr x1d52u69 xktsk01 x889kno x1a8lsjc xkhd6sd x4uap5 xdppsyt\">\n<div class=\"x6s0dn4 x78zum5 x1iyjqo2 x6ikm8r x10wlt62\">\u00a0<\/div>\n<\/div>\n<\/div>\n<\/div>\n<\/div>\n<\/div>\n<\/div>\n<\/div>\n<div class=\"\">\u00a0<\/div>\n<div class=\"x9f619 x1n2onr6 x1ja2u2z x78zum5 xdt5ytf x2lah0s x193iq5w xeuugli xsyo7zv x16hj40l x10b6aqq x1yrsyyn\">\u00a0<\/div>\n<\/blockquote>","protected":false},"excerpt":{"rendered":"<p>(Quelle: https:\/\/www.facebook.com\/permalink.php?story_fbid=pfbid02MA8mMqtp97i8m7FJYy3LQcLtMqrdpdDpdRVAXu3jAcZuRCbJksXMH7gJoURHzATvl&amp;id=100063446514417) Fis Work Media Group \u00a0 DAS INTERESSIERT IN S\u00dcDNIEDERSACHSEN Evangelisches Krankenhaus G\u00f6ttingen muss Geburtshilfe schlie\u00dfen &#8211; Akuter Personalmangel! Das Evangelische Krankenhaus G\u00f6ttingen-Weende schlie\u00dft Ende August seine Geburtsmedizin am Standort Neu-Mariahilf. Grund sei ein Personalengpass, teilte die Klinik am Montag mit. Seit l\u00e4ngerem sei klar, dass der langj\u00e4hrige Chefarzt in den Ruhestand gehe und &#8230; <a title=\"Fis Work Media Group: Evangelisches Krankenhaus G\u00f6ttingen muss Geburtshilfe schlie\u00dfen &#8211; Akuter Personalmangel!\" class=\"read-more\" href=\"https:\/\/rt-europaallee.de\/wordpress\/2024\/06\/fis-work-media-group-evangelisches-krankenhaus-goettingen-muss-geburtshilfe-schliessen-akuter-personalmangel\/\" aria-label=\"Mehr Informationen \u00fcber Fis Work Media Group: Evangelisches Krankenhaus G\u00f6ttingen muss Geburtshilfe schlie\u00dfen &#8211; Akuter Personalmangel!\">Weiterlesen<\/a><\/p>\n","protected":false},"author":3,"featured_media":0,"comment_status":"closed","ping_status":"open","sticky":false,"template":"","format":"standard","meta":{"footnotes":""},"categories":[1],"tags":[],"class_list":["post-15957","post","type-post","status-publish","format-standard","hentry","category-allgemein"],"_links":{"self":[{"href":"https:\/\/rt-europaallee.de\/wordpress\/wp-json\/wp\/v2\/posts\/15957","targetHints":{"allow":["GET"]}}],"collection":[{"href":"https:\/\/rt-europaallee.de\/wordpress\/wp-json\/wp\/v2\/posts"}],"about":[{"href":"https:\/\/rt-europaallee.de\/wordpress\/wp-json\/wp\/v2\/types\/post"}],"author":[{"embeddable":true,"href":"https:\/\/rt-europaallee.de\/wordpress\/wp-json\/wp\/v2\/users\/3"}],"replies":[{"embeddable":true,"href":"https:\/\/rt-europaallee.de\/wordpress\/wp-json\/wp\/v2\/comments?post=15957"}],"version-history":[{"count":1,"href":"https:\/\/rt-europaallee.de\/wordpress\/wp-json\/wp\/v2\/posts\/15957\/revisions"}],"predecessor-version":[{"id":15958,"href":"https:\/\/rt-europaallee.de\/wordpress\/wp-json\/wp\/v2\/posts\/15957\/revisions\/15958"}],"wp:attachment":[{"href":"https:\/\/rt-europaallee.de\/wordpress\/wp-json\/wp\/v2\/media?parent=15957"}],"wp:term":[{"taxonomy":"category","embeddable":true,"href":"https:\/\/rt-europaallee.de\/wordpress\/wp-json\/wp\/v2\/categories?post=15957"},{"taxonomy":"post_tag","embeddable":true,"href":"https:\/\/rt-europaallee.de\/wordpress\/wp-json\/wp\/v2\/tags?post=15957"}],"curies":[{"name":"wp","href":"https:\/\/api.w.org\/{rel}","templated":true}]}}