{"id":16026,"date":"2024-06-21T03:29:24","date_gmt":"2024-06-21T01:29:24","guid":{"rendered":"http:\/\/rt-europaallee.org\/wordpress\/?p=16026"},"modified":"2024-06-21T03:29:24","modified_gmt":"2024-06-21T01:29:24","slug":"innenstadtblitzer-modellprojekt-fuer-die-fussgaengerzone","status":"publish","type":"post","link":"https:\/\/rt-europaallee.de\/wordpress\/2024\/06\/innenstadtblitzer-modellprojekt-fuer-die-fussgaengerzone\/","title":{"rendered":"Innenstadtblitzer: Modellprojekt f\u00fcr die Fu\u00dfg\u00e4ngerzone"},"content":{"rendered":"<p>(Quelle: <a href=\"https:\/\/www.goettingen.de\/portal\/meldungen\/innenstadtblitzer-modellprojekt-fuer-die-fussgaengerzone-900003114-25480.html?rubrik=900000002\">https:\/\/www.goettingen.de\/portal\/meldungen\/innenstadtblitzer-modellprojekt-fuer-die-fussgaengerzone-900003114-25480.html?rubrik=900000002<\/a>)<\/p>\n<blockquote>\n<div class=\"fusstext fusstext_oben\"><span class=\"create\">20.06.2024<\/span><\/p>\n<div><\/div>\n<\/div>\n<h3 class=\"kontrast-bild\">Innenstadtblitzer: Modellprojekt f\u00fcr die Fu\u00dfg\u00e4ngerzone<\/h3>\n<div id=\"nolis_content_site\" class=\"nolis_content_site\">\n<p class=\"anreisser_detail\"><strong>Das Modellprojekt zur Vermeidung unerlaubter Einfahrten in die Fu\u00dfg\u00e4ngerzone der G\u00f6ttinger Innenstadt startet voraussichtlich im August 2024 in den Testbetrieb. Eine Inbetriebnahme ist f\u00fcr Ende 2025 geplant. Mit den sogenannten Innenstadtblitzern beschreitet die Stadt G\u00f6ttingen neue Wege, um die Sicherheit und Aufenthaltsqualit\u00e4t in der Fu\u00dfg\u00e4ngerzone zu steigern.<\/strong><\/p>\n<div class=\"print_href print_abbr\">\n<div class=\"template template1\">\n<div class=\"platz platz1\">\n<div class=\"rahmen\">\n<div class=\"innen\">\n<p>Durchfahrten durch die Fu\u00dfg\u00e4ngerzone, f\u00fcr die es keine Berechtigung gibt, sollen dabei konsequent geahndet werden. Die Umsetzung des Modellprojekts wird durch einen Sondererlass des Landes Niedersachsen erm\u00f6glicht. Die neue Regelung soll dann folgenderma\u00dfen funktionieren:<\/p>\n<p>Die analogen Durchfahrtsgenehmigungen werden um digital auslesbare Karten erg\u00e4nzt, die an den Einfahrten in die Fu\u00dfg\u00e4ngerzone automatisch erkannt werden. Wenn ein Fahrzeug ohne Durchfahrtsgenehmigung einf\u00e4hrt, l\u00f6st eine Blitzeranlage aus und der Versto\u00df wird geahndet. Die Anlagen sollen dabei so positioniert werden, dass alle Einfahrtswege in die Fu\u00dfg\u00e4ngerzone abgedeckt sind. Nach derzeitigem Stand des Projekts sollen es zw\u00f6lf Standorte werden. Bevor die Anlagen in der Innenstadt installiert werden, soll ab August 2024 ein technischer Testbetrieb auf dem Baubetriebshof stattfinden.<\/p>\n<h4 class=\"nolis-tiny\">Inbetriebnahme f\u00fcr Ende 2025 geplant<\/h4>\n<p>Bei einem erfolgreichen Testbetrieb ist die Inbetriebnahme der Innenstadtblitzer f\u00fcr Ende 2025 geplant. Der Sondererlass des Landes gilt zun\u00e4chst f\u00fcr f\u00fcnf Jahre. Danach st\u00fcnde f\u00fcr eine Fortf\u00fchrung eine weitere Entscheidung auf Landesebene an. G\u00f6ttingen startet das Modellprojekt mit dem Ziel einer langfristigen L\u00f6sung, plant aber aufgrund der Gesetzeslage vorerst f\u00fcr eine f\u00fcnfj\u00e4hrige Betriebsphase in der Fu\u00dfg\u00e4ngerzone.<\/p>\n<p>Oberb\u00fcrgermeisterin Petra Broistedt erl\u00e4utert: \u201eMit dem Testbetrieb sind wir auf der Zielgeraden. Wer unerlaubt in die innerste City einf\u00e4hrt, muss k\u00fcnftig mit einer Geldbu\u00dfe rechnen. Das Projekt bringt uns der autoarmen Innenstadt ein St\u00fcck n\u00e4her. Das bedeutet mehr Lebensqualit\u00e4t in der Fu\u00dfg\u00e4ngerzone 1 und 2.\u201c<\/p>\n<p>Neben Interessent*innen f\u00fcr individuelle Durchfahrtsgenehmigungen gibt es weitere Bedarfsgruppen, die keine individuellen Durchfahrtsgenehmigungen beantragen m\u00fcssen. Dies gilt zum Beispiel f\u00fcr die in der Innenstadt verkehrenden Linienbusse, sowie Einsatz- und Rettungskr\u00e4fte. Um f\u00fcr diese Gruppen weiterhin eine st\u00f6rungsfreie Durchfahrt durch die G\u00f6ttinger Innenstadt zu gew\u00e4hrleisten, wird die Stadtverwaltung auch f\u00fcr deren Fahrzeuge digital auslesbare Karten zur Verf\u00fcgung stellen. Parallel zum Testbetrieb werden hierzu jeweils Gespr\u00e4che gef\u00fchrt werden.<\/p>\n<p>In der Sitzung des Ausschusses f\u00fcr Umwelt, Klimaschutz und Mobilit\u00e4t am Donnerstag, 20. Juni 2024, wurde der aktuelle Stand des Modellprojekts zur Vermeidung unerlaubter Einfahrten in die Fu\u00dfg\u00e4ngerzone pr\u00e4sentiert.<\/p>\n<\/div>\n<\/div>\n<\/div>\n<\/div>\n<\/div>\n<\/div>\n<\/blockquote>\n","protected":false},"excerpt":{"rendered":"<p>(Quelle: https:\/\/www.goettingen.de\/portal\/meldungen\/innenstadtblitzer-modellprojekt-fuer-die-fussgaengerzone-900003114-25480.html?rubrik=900000002) 20.06.2024 Innenstadtblitzer: Modellprojekt f\u00fcr die Fu\u00dfg\u00e4ngerzone Das Modellprojekt zur Vermeidung unerlaubter Einfahrten in die Fu\u00dfg\u00e4ngerzone der G\u00f6ttinger Innenstadt startet voraussichtlich im August 2024 in den Testbetrieb. Eine Inbetriebnahme ist f\u00fcr Ende 2025 geplant. Mit den sogenannten Innenstadtblitzern beschreitet die Stadt G\u00f6ttingen neue Wege, um die Sicherheit und Aufenthaltsqualit\u00e4t in der Fu\u00dfg\u00e4ngerzone zu steigern. &#8230; <a title=\"Innenstadtblitzer: Modellprojekt f\u00fcr die Fu\u00dfg\u00e4ngerzone\" class=\"read-more\" href=\"https:\/\/rt-europaallee.de\/wordpress\/2024\/06\/innenstadtblitzer-modellprojekt-fuer-die-fussgaengerzone\/\" aria-label=\"Mehr Informationen \u00fcber Innenstadtblitzer: Modellprojekt f\u00fcr die Fu\u00dfg\u00e4ngerzone\">Weiterlesen<\/a><\/p>\n","protected":false},"author":3,"featured_media":0,"comment_status":"closed","ping_status":"open","sticky":false,"template":"","format":"standard","meta":{"footnotes":""},"categories":[1],"tags":[],"class_list":["post-16026","post","type-post","status-publish","format-standard","hentry","category-allgemein"],"_links":{"self":[{"href":"https:\/\/rt-europaallee.de\/wordpress\/wp-json\/wp\/v2\/posts\/16026","targetHints":{"allow":["GET"]}}],"collection":[{"href":"https:\/\/rt-europaallee.de\/wordpress\/wp-json\/wp\/v2\/posts"}],"about":[{"href":"https:\/\/rt-europaallee.de\/wordpress\/wp-json\/wp\/v2\/types\/post"}],"author":[{"embeddable":true,"href":"https:\/\/rt-europaallee.de\/wordpress\/wp-json\/wp\/v2\/users\/3"}],"replies":[{"embeddable":true,"href":"https:\/\/rt-europaallee.de\/wordpress\/wp-json\/wp\/v2\/comments?post=16026"}],"version-history":[{"count":1,"href":"https:\/\/rt-europaallee.de\/wordpress\/wp-json\/wp\/v2\/posts\/16026\/revisions"}],"predecessor-version":[{"id":16027,"href":"https:\/\/rt-europaallee.de\/wordpress\/wp-json\/wp\/v2\/posts\/16026\/revisions\/16027"}],"wp:attachment":[{"href":"https:\/\/rt-europaallee.de\/wordpress\/wp-json\/wp\/v2\/media?parent=16026"}],"wp:term":[{"taxonomy":"category","embeddable":true,"href":"https:\/\/rt-europaallee.de\/wordpress\/wp-json\/wp\/v2\/categories?post=16026"},{"taxonomy":"post_tag","embeddable":true,"href":"https:\/\/rt-europaallee.de\/wordpress\/wp-json\/wp\/v2\/tags?post=16026"}],"curies":[{"name":"wp","href":"https:\/\/api.w.org\/{rel}","templated":true}]}}