{"id":16083,"date":"2024-07-11T13:51:40","date_gmt":"2024-07-11T11:51:40","guid":{"rendered":"http:\/\/rt-europaallee.org\/wordpress\/?p=16083"},"modified":"2024-07-11T13:51:40","modified_gmt":"2024-07-11T11:51:40","slug":"stadt-goettingen-kampfmittelbeseitigung-evakuierungsgebiet-steht-fest","status":"publish","type":"post","link":"https:\/\/rt-europaallee.de\/wordpress\/2024\/07\/stadt-goettingen-kampfmittelbeseitigung-evakuierungsgebiet-steht-fest\/","title":{"rendered":"Stadt G\u00f6ttingen: Kampfmittelbeseitigung &#8211; Evakuierungsgebiet steht fest"},"content":{"rendered":"<p>(Quelle:\u00a0<a href=\"https:\/\/www.goettingen.de\/portal\/meldungen\/aktuelle-infos-zum-kampfmittelverdacht-in-der-weststadt-900000220-25480.html?rubrik=900000003&amp;\">https:\/\/www.goettingen.de\/portal\/meldungen\/aktuelle-infos-zum-kampfmittelverdacht-in-der-weststadt-900000220-25480.html?rubrik=900000003&amp;<\/a> , siehe auch: <a href=\"http:\/\/rt-europaallee.org\/wordpress\/aktuelles\/aktuelle-infos-zum-kampfmittelverdacht-in-der-weststadt\/\">http:\/\/rt-europaallee.org\/wordpress\/aktuelles\/aktuelle-infos-zum-kampfmittelverdacht-in-der-weststadt\/<\/a>)<\/p>\n<blockquote>\n<h1 class=\"title\">Kampfmittelbeseitigung am 12. Oktober 2024: Evakuierungsgebiet steht fest<\/h1>\n<p><span class=\"timestamp\"> <span class=\"group\"> <span class=\"time timezone-adapt\" data-strytl-timezone-time=\"1720609148000\" data-strytl-timezone-format=\"H:i\">12:59<\/span><br \/>\n<span class=\"date timezone-adapt\" data-strytl-timezone-time=\"1720609148000\" data-strytl-timezone-format=\"d.m.Y\">10.07.2024<\/span> <\/span> <\/span><\/p>\n<div class=\"text-content\">Das Evakuierungsgebiet f\u00fcr den Einsatz zur Kampfmittelbeseitigung am Samstag, 12. Oktober 2024, steht fest. Etwa 11.000 Einwohner*innen sind davon betroffen. Sie m\u00fcssen an diesem Tag zu ihrer eigenen Sicherheit das Sperrgebiet verlassen. Der Einsatz dauert voraussichtlich bis in den sp\u00e4ten Abend, der genaue Zeitplan wird derzeit erarbeitet.<\/p>\n<p>Zus\u00e4tzlich zum Evakuierungsgebiet wurde eine erweiterte Schutzzone f\u00fcr einen Teil des Innenstadtbereichs und der Groner Landstra\u00dfe festgelegt. Innerhalb dieser erweiterten Schutzzone sollen alle Anwohner*innen zum Zeitpunkt einer m\u00f6glichen Sprengung Luftschutzma\u00dfnahmen vornehmen, sich dann also zur eigenen Sicherheit nicht im Freien oder in Fenstern\u00e4he aufhalten. <a href=\"https:\/\/www.goettingen.de\/portal\/meldungen\/kampfmittelbeseitigung-am-12-oktober-2024-in-der-weststadt-evakuierungsgebiet-steht-fest-900003165-25480.html?rubrik=900000003\" target=\"_blank\" rel=\"noopener\">Ausf\u00fchrliche Informationen gibt es hier.<\/a><\/div>\n<\/blockquote>\n","protected":false},"excerpt":{"rendered":"<p>(Quelle:\u00a0https:\/\/www.goettingen.de\/portal\/meldungen\/aktuelle-infos-zum-kampfmittelverdacht-in-der-weststadt-900000220-25480.html?rubrik=900000003&amp; , siehe auch: http:\/\/rt-europaallee.org\/wordpress\/aktuelles\/aktuelle-infos-zum-kampfmittelverdacht-in-der-weststadt\/) Kampfmittelbeseitigung am 12. Oktober 2024: Evakuierungsgebiet steht fest 12:59 10.07.2024 Das Evakuierungsgebiet f\u00fcr den Einsatz zur Kampfmittelbeseitigung am Samstag, 12. Oktober 2024, steht fest. Etwa 11.000 Einwohner*innen sind davon betroffen. Sie m\u00fcssen an diesem Tag zu ihrer eigenen Sicherheit das Sperrgebiet verlassen. Der Einsatz dauert voraussichtlich bis in den sp\u00e4ten &#8230; <a title=\"Stadt G\u00f6ttingen: Kampfmittelbeseitigung &#8211; Evakuierungsgebiet steht fest\" class=\"read-more\" href=\"https:\/\/rt-europaallee.de\/wordpress\/2024\/07\/stadt-goettingen-kampfmittelbeseitigung-evakuierungsgebiet-steht-fest\/\" aria-label=\"Mehr Informationen \u00fcber Stadt G\u00f6ttingen: Kampfmittelbeseitigung &#8211; Evakuierungsgebiet steht fest\">Weiterlesen<\/a><\/p>\n","protected":false},"author":3,"featured_media":0,"comment_status":"closed","ping_status":"open","sticky":false,"template":"","format":"standard","meta":{"footnotes":""},"categories":[1],"tags":[],"class_list":["post-16083","post","type-post","status-publish","format-standard","hentry","category-allgemein"],"_links":{"self":[{"href":"https:\/\/rt-europaallee.de\/wordpress\/wp-json\/wp\/v2\/posts\/16083","targetHints":{"allow":["GET"]}}],"collection":[{"href":"https:\/\/rt-europaallee.de\/wordpress\/wp-json\/wp\/v2\/posts"}],"about":[{"href":"https:\/\/rt-europaallee.de\/wordpress\/wp-json\/wp\/v2\/types\/post"}],"author":[{"embeddable":true,"href":"https:\/\/rt-europaallee.de\/wordpress\/wp-json\/wp\/v2\/users\/3"}],"replies":[{"embeddable":true,"href":"https:\/\/rt-europaallee.de\/wordpress\/wp-json\/wp\/v2\/comments?post=16083"}],"version-history":[{"count":1,"href":"https:\/\/rt-europaallee.de\/wordpress\/wp-json\/wp\/v2\/posts\/16083\/revisions"}],"predecessor-version":[{"id":16084,"href":"https:\/\/rt-europaallee.de\/wordpress\/wp-json\/wp\/v2\/posts\/16083\/revisions\/16084"}],"wp:attachment":[{"href":"https:\/\/rt-europaallee.de\/wordpress\/wp-json\/wp\/v2\/media?parent=16083"}],"wp:term":[{"taxonomy":"category","embeddable":true,"href":"https:\/\/rt-europaallee.de\/wordpress\/wp-json\/wp\/v2\/categories?post=16083"},{"taxonomy":"post_tag","embeddable":true,"href":"https:\/\/rt-europaallee.de\/wordpress\/wp-json\/wp\/v2\/tags?post=16083"}],"curies":[{"name":"wp","href":"https:\/\/api.w.org\/{rel}","templated":true}]}}