{"id":16099,"date":"2024-07-12T03:16:44","date_gmt":"2024-07-12T01:16:44","guid":{"rendered":"http:\/\/rt-europaallee.org\/wordpress\/?p=16099"},"modified":"2024-07-12T03:16:44","modified_gmt":"2024-07-12T01:16:44","slug":"vom-15-07-24-02-08-24-und-vom-12-08-24-16-08-24-ist-das-buero-des-nachbarschaftszentrums-holtenser-berg-geschlossen","status":"publish","type":"post","link":"https:\/\/rt-europaallee.de\/wordpress\/2024\/07\/vom-15-07-24-02-08-24-und-vom-12-08-24-16-08-24-ist-das-buero-des-nachbarschaftszentrums-holtenser-berg-geschlossen\/","title":{"rendered":"Vom 15.07.24 \u2013 02.08.24 und vom 12.08.24 \u2013 16.08.24 ist das B\u00fcro des Nachbarschaftszentrums Holtenser Berg geschlossen"},"content":{"rendered":"\n<p><\/p>\n\n\n<p>(Quelle: <a href=\"https:\/\/www.facebook.com\/NBZHoBerg\/posts\/pfbid0J96K5Uf5hEj6zkYwmxU3fWemhgZ3Z14v3EaCNVYgDUM8YmMEEY4xiv5ScwGMH3nBl?notif_id=1720608582275540&amp;notif_t=notify_me_page&amp;ref=notif\">https:\/\/www.facebook.com\/NBZHoBerg\/posts\/pfbid0J96K5Uf5hEj6zkYwmxU3fWemhgZ3Z14v3EaCNVYgDUM8YmMEEY4xiv5ScwGMH3nBl?notif_id=1720608582275540&amp;notif_t=notify_me_page&amp;ref=notif<\/a>)<\/p>\n<blockquote>\n<div class=\"xu06os2 x1ok221b\">\n<h2 id=\":rmj:\" class=\"html-h2 xe8uvvx x11i5rnm xat24cr x1mh8g0r xexx8yu x4uap5 x18d9i69 xkhd6sd x1vvkbs x1heor9g x1qlqyl8 x1pd3egz x1a2a7pz x1gslohp x1yc453h\" tabindex=\"-1\"><span class=\"xt0psk2\"><a class=\"x1i10hfl xjbqb8w x1ejq31n xd10rxx x1sy0etr x17r0tee x972fbf xcfux6l x1qhh985 xm0m39n x9f619 x1ypdohk xt0psk2 xe8uvvx xdj266r x11i5rnm xat24cr x1mh8g0r xexx8yu x4uap5 x18d9i69 xkhd6sd x16tdsg8 x1hl2dhg xggy1nq x1a2a7pz x1sur9pj xkrqix3 xzsf02u x1s688f\" tabindex=\"0\" role=\"link\" href=\"https:\/\/www.facebook.com\/NBZHoBerg?__cft__[0]=AZVtReCOJPkkJ9S-z1z22iWCKnCj8VkFErzfiU7s4KFBZrf31yuOa178hQ5xrPvJzmLCnUtv0BunpAX4Nx0fd5AYPFdpTgzA-najcwCs6dNRPYFFgF1Br0vclTvV0TsBrDEJl8TXSWSXBGRGK6MRLY3HXDzfLxUDFO5mPw6u8zfr-HC8y1qCcewQUVz0AE9d6Tw&amp;__tn__=-UC%2CP-R\"><strong class=\"html-strong xdj266r x11i5rnm xat24cr x1mh8g0r xexx8yu x4uap5 x18d9i69 xkhd6sd x1hl2dhg x16tdsg8 x1vvkbs x1s688f\"><span class=\"html-span xdj266r x11i5rnm xat24cr x1mh8g0r xexx8yu x4uap5 x18d9i69 xkhd6sd x1hl2dhg x16tdsg8 x1vvkbs\">Nachbarschaftszentrum Holtenser Berg<\/span><\/strong><\/a><\/span><\/h2>\n<\/div>\n<div class=\"xu06os2 x1ok221b\">\u00a0<\/div>\n<div class=\"xqcrz7y x78zum5 x1qx5ct2 x1y1aw1k x1sxyh0 xwib8y2 xurb0ha xw4jnvo\">\n<div>\u00a0<\/div>\n<\/div>\n<div class=\"html-div xe8uvvx xdj266r x11i5rnm xat24cr x1mh8g0r xexx8yu x4uap5 x18d9i69 xkhd6sd\" dir=\"auto\">\n<div id=\":rml:\" class=\"x1iorvi4 x1pi30zi x1l90r2v x1swvt13\" data-ad-comet-preview=\"message\" data-ad-preview=\"message\">\n<div class=\"x78zum5 xdt5ytf xz62fqu x16ldp7u\">\n<div class=\"xu06os2 x1ok221b\">\n<div class=\"xdj266r x11i5rnm xat24cr x1mh8g0r x1vvkbs x126k92a\">\n<div dir=\"auto\">Vom 15.07.24 \u2013 02.08.24 und vom 12.08.24 \u2013 16.08.24<\/div>\n<div dir=\"auto\">ist das B\u00fcro des Nachbarschaftszentrums geschlossen.<\/div>\n<\/div>\n<div class=\"x11i5rnm xat24cr x1mh8g0r x1vvkbs xtlvy1s x126k92a\">\n<div dir=\"auto\">Malen f\u00fcr Alle entf\u00e4llt am 10.07.24 und am 17.07.24.<\/div>\n<\/div>\n<div class=\"x11i5rnm xat24cr x1mh8g0r x1vvkbs xtlvy1s x126k92a\">\n<div dir=\"auto\">Forum G\u00f6ttingen Nord West entf\u00e4llt am 29.07.24<\/div>\n<\/div>\n<div class=\"x11i5rnm xat24cr x1mh8g0r x1vvkbs xtlvy1s x126k92a\">\n<div dir=\"auto\">Schnittpunkt Kreativ entf\u00e4llt am 03.08.24.<\/div>\n<\/div>\n<div class=\"x11i5rnm xat24cr x1mh8g0r x1vvkbs xtlvy1s x126k92a\">\n<div dir=\"auto\">Alle anderen Veranstaltungen finden statt.<\/div>\n<\/div>\n<\/div>\n<\/div>\n<\/div>\n<\/div>\n<\/blockquote>","protected":false},"excerpt":{"rendered":"<p>(Quelle: https:\/\/www.facebook.com\/NBZHoBerg\/posts\/pfbid0J96K5Uf5hEj6zkYwmxU3fWemhgZ3Z14v3EaCNVYgDUM8YmMEEY4xiv5ScwGMH3nBl?notif_id=1720608582275540&amp;notif_t=notify_me_page&amp;ref=notif) Nachbarschaftszentrum Holtenser Berg \u00a0 \u00a0 Vom 15.07.24 \u2013 02.08.24 und vom 12.08.24 \u2013 16.08.24 ist das B\u00fcro des Nachbarschaftszentrums geschlossen. Malen f\u00fcr Alle entf\u00e4llt am 10.07.24 und am 17.07.24. Forum G\u00f6ttingen Nord West entf\u00e4llt am 29.07.24 Schnittpunkt Kreativ entf\u00e4llt am 03.08.24. Alle anderen Veranstaltungen finden statt.<\/p>\n","protected":false},"author":3,"featured_media":0,"comment_status":"closed","ping_status":"open","sticky":false,"template":"","format":"standard","meta":{"footnotes":""},"categories":[1],"tags":[],"class_list":["post-16099","post","type-post","status-publish","format-standard","hentry","category-allgemein"],"_links":{"self":[{"href":"https:\/\/rt-europaallee.de\/wordpress\/wp-json\/wp\/v2\/posts\/16099","targetHints":{"allow":["GET"]}}],"collection":[{"href":"https:\/\/rt-europaallee.de\/wordpress\/wp-json\/wp\/v2\/posts"}],"about":[{"href":"https:\/\/rt-europaallee.de\/wordpress\/wp-json\/wp\/v2\/types\/post"}],"author":[{"embeddable":true,"href":"https:\/\/rt-europaallee.de\/wordpress\/wp-json\/wp\/v2\/users\/3"}],"replies":[{"embeddable":true,"href":"https:\/\/rt-europaallee.de\/wordpress\/wp-json\/wp\/v2\/comments?post=16099"}],"version-history":[{"count":1,"href":"https:\/\/rt-europaallee.de\/wordpress\/wp-json\/wp\/v2\/posts\/16099\/revisions"}],"predecessor-version":[{"id":16100,"href":"https:\/\/rt-europaallee.de\/wordpress\/wp-json\/wp\/v2\/posts\/16099\/revisions\/16100"}],"wp:attachment":[{"href":"https:\/\/rt-europaallee.de\/wordpress\/wp-json\/wp\/v2\/media?parent=16099"}],"wp:term":[{"taxonomy":"category","embeddable":true,"href":"https:\/\/rt-europaallee.de\/wordpress\/wp-json\/wp\/v2\/categories?post=16099"},{"taxonomy":"post_tag","embeddable":true,"href":"https:\/\/rt-europaallee.de\/wordpress\/wp-json\/wp\/v2\/tags?post=16099"}],"curies":[{"name":"wp","href":"https:\/\/api.w.org\/{rel}","templated":true}]}}