{"id":16115,"date":"2024-07-29T00:13:55","date_gmt":"2024-07-28T22:13:55","guid":{"rendered":"http:\/\/rt-europaallee.org\/wordpress\/?p=16115"},"modified":"2024-07-29T00:13:55","modified_gmt":"2024-07-28T22:13:55","slug":"lokfuehrermangel-bei-der-metronom-ab-30-07-2024-weniger-fahrten","status":"publish","type":"post","link":"https:\/\/rt-europaallee.de\/wordpress\/2024\/07\/lokfuehrermangel-bei-der-metronom-ab-30-07-2024-weniger-fahrten\/","title":{"rendered":"Lokf\u00fchrermangel bei der Metronom: Ab 30.07.2024 weniger Fahrten"},"content":{"rendered":"<p>(Quelle: <a href=\"https:\/\/www.der-metronom.de\/aktuell\/wir-bleiben-...-ehrlich-ab-30-07-stabiles-angebot-fuer-alle-metronom-strecken\">https:\/\/www.der-metronom.de\/aktuell\/wir-bleiben-&#8230;-ehrlich-ab-30-07-stabiles-angebot-fuer-alle-metronom-strecken<\/a>)<\/p>\n<blockquote>\n<div class=\"info\">\n<p>Uelzen &#8211; 24.07.2024<\/p>\n<\/div>\n<h1>Wir bleiben \u2026 ehrlich: ab 30.07. \u201estabiles Angebot\u201c f\u00fcr alle metronom-Strecken<\/h1>\n<div class=\"content \">\n<div class=\"text\">\n<p>Liebe Fahrg\u00e4ste,<\/p>\n<p>so macht Bahnfahren keinen Spa\u00df \u2013 weder Euch noch uns!<\/p>\n<p>Wir sind uns bewusst, dass die letzten Wochen f\u00fcr viele von Euch nervenaufreibend und frustrierend waren. Es sind einfach zu viele Z\u00fcge ausgefallen.<\/p>\n<p>Um ehrlich zu sein:<\/p>\n<p>F\u00fcr die Anzahl der (geplanten) Zugfahrten gibt es noch immer zu wenig Lokf\u00fchrer. Das gilt f\u00fcr <em>metronom<\/em>, aber auch bundesweit.<\/p>\n<p>Mehr als 38.000 Menschen arbeiten bundesweit als Lokf\u00fchrer \u2013 gebraucht werden aber mindestens 42.000. Es fehlen also mehr als 4.000 Lokf\u00fchrer in ganz Deutschland.<\/p>\n<p>Bei <em>metronom <\/em>fehlen im Hanse-Netz \u201enur\u201c etwa 25 Lokf\u00fchrer. Dennoch bedeutet dies, dass jeden Tag etliche Schichten nicht besetzt werden k\u00f6nnen und Z\u00fcge ausfallen m\u00fcssen.<\/p>\n<p><em>metronom <\/em>hat es in den ersten sechs Monaten des Jahres 2024 mit einem reduzierten Fahrplan und dem engagierten Einsatz aller Mitarbeiter geschafft, diese L\u00fccken mehr schlecht als recht \u201ezu stopfen\u201c. Aber jetzt geht es nicht mehr \u2013 Urlaubszeit, viele Baustellen und strenge Vorgaben zu den Ruhezeiten machen es unm\u00f6glich, ein zuverl\u00e4ssiges Angebot zu fahren. Das werden wir \u00e4ndern.<\/p>\n<p>Auch wenn es schmerzhaft ist \u2013 wir m\u00f6chten, dass Du zuverl\u00e4ssig wei\u00dft, welcher Zug f\u00e4hrt und welcher nicht.<\/p>\n<h4><strong>Deshalb wird <em>metronom <\/em>vom 30.07. \u2013 14.12. ein <\/strong><strong>stabiles Angebot fahren.<\/strong><\/h4>\n<p><a href=\"https:\/\/www.der-metronom.de\/fahrplan\/regelfahrplan\/\">Das stabile Angebot beinhaltet etwas weniger Fahrten als bisher \u2013 diese aber zuverl\u00e4ssig und planbar.<\/a><\/p>\n<ul>\n<li>Reduzierter Nachtverkehr auf einigen Strecken \u2013 f\u00fcr fast alle fehlenden Zugfahrten stellt <em>metronom <\/em>ersatzweise Busse bereit<\/li>\n<li>die zus\u00e4tzlichen Verst\u00e4rkerfahrten von und nach Hamburg m\u00fcssen leider entfallen. Der stabile Stundentakt bleibt jedoch erhalten.<br \/>\nZus\u00e4tzlich fahren Z\u00fcge in der Hauptverkehrszeit morgens + abends zwischen Winsen &#8211; Harburg<\/li>\n<li>Nur an den Wochenenden entf\u00e4llt zwischen Hannover und G\u00f6ttingen alle drei Stunden eine Fahrt.<br \/>\nEs gibt einen Ersatzverkehr mit Bussen zwischen Barnten (<a href=\"https:\/\/www.sbahn-hannover.de\/\" target=\"_blank\" rel=\"noopener\">Anschluss an die S4<\/a>) und Elze sowie zwischen Kreiensen und G\u00f6ttingen<br \/>\nMo. &#8211; Fr. fahren alle Z\u00fcge unver\u00e4ndert<\/li>\n<\/ul>\n<p>Wir haben das stabile Angebot so erstellt, dass m\u00f6glichst wenig Fahrg\u00e4ste von den Auswirkungen betroffen sind, es regional ausgeglichen ist <u>und alle anderen Fahrten zuverl\u00e4ssig und sicher fahren k\u00f6nnen.<\/u><\/p>\n<p>Unver\u00e4ndert gilt: wir sind Dienstleister aus Leidenschaft. Und m\u00f6chten gerne wieder da hinkommen. Mit unserem Team und mit euch!<\/p>\n<p><strong><a href=\"https:\/\/www.der-metronom.de\/karriere\/\">Du willst, dass wieder mehr Z\u00fcge fahren? Sei ein Held \u2013 werde Lokf\u00fchrer.<\/a><\/strong><\/p>\n<p><em>metronom <\/em>bildet Dich und derzeit 25 weitere Helden aus.<\/p>\n<p>In 13 Monaten bist Du dann Lokf\u00fchrer und verbindest Menschen mit ihrer Arbeit, Freunden, Familie und Freizeiterlebnissen.<\/p>\n<p>Wir wollen Menschen auf die Schiene bringen und sie mit Service, Qualit\u00e4t und Zuverl\u00e4ssigkeit begeistern.<\/p>\n<p>Das alles schaffen wir zurzeit zu selten. Aber es ist versprochen: wir bleiben dran und werden an diesem Ziel nichts \u00e4ndern.<\/p>\n<p><strong>Was Dir in der jetzigen Situation helfen kann,<\/strong> ist die elektronische Fahrplanauskunft. Das ist die aktuelle Fahrplanauskunft in der <a href=\"https:\/\/www.vbn.de\/service\/fahrplaner-app\" target=\"_blank\" rel=\"noopener\">FahrPlaner-App<\/a>, im <a href=\"https:\/\/www.bahn.de\/service\/mobile\/db-navigator\" target=\"_blank\" rel=\"noopener\">DB-Navigator<\/a> oder auf <a href=\"https:\/\/www.der-metronom.de\/\">unserer Website<\/a>.<\/p>\n<p>Wir empfehlen Dir, f\u00fcr die geplante Fahrt in der App einen \u201eAlert\u201c bzw. \u201eRoutenAlarm\u201c einzurichten. Dann wirst Du automatisch benachrichtigt, sollte sich an der Fahrt etwas \u00e4ndern.<\/p>\n<hr \/>\n<p><u><strong><em>metronom <\/em>Kundenzentrum Kontakt<\/strong><\/u><br \/>\nWebseite: <a href=\"https:\/\/www.der-metronom.de\/kontakt\/\" target=\"_blank\" rel=\"noopener\">www.der-metronom.de\/kontakt<\/a><br \/>\nSt.-Viti-Str. 15<br \/>\n29525 Uelzen<br \/>\nTelefonisch erreicht ihr uns unter (0581) 97 164-164<\/p>\n<\/div>\n<\/div>\n<\/blockquote>\n","protected":false},"excerpt":{"rendered":"<p>(Quelle: https:\/\/www.der-metronom.de\/aktuell\/wir-bleiben-&#8230;-ehrlich-ab-30-07-stabiles-angebot-fuer-alle-metronom-strecken) Uelzen &#8211; 24.07.2024 Wir bleiben \u2026 ehrlich: ab 30.07. \u201estabiles Angebot\u201c f\u00fcr alle metronom-Strecken Liebe Fahrg\u00e4ste, so macht Bahnfahren keinen Spa\u00df \u2013 weder Euch noch uns! Wir sind uns bewusst, dass die letzten Wochen f\u00fcr viele von Euch nervenaufreibend und frustrierend waren. Es sind einfach zu viele Z\u00fcge ausgefallen. Um ehrlich zu sein: &#8230; <a title=\"Lokf\u00fchrermangel bei der Metronom: Ab 30.07.2024 weniger Fahrten\" class=\"read-more\" href=\"https:\/\/rt-europaallee.de\/wordpress\/2024\/07\/lokfuehrermangel-bei-der-metronom-ab-30-07-2024-weniger-fahrten\/\" aria-label=\"Mehr Informationen \u00fcber Lokf\u00fchrermangel bei der Metronom: Ab 30.07.2024 weniger Fahrten\">Weiterlesen<\/a><\/p>\n","protected":false},"author":3,"featured_media":0,"comment_status":"closed","ping_status":"open","sticky":false,"template":"","format":"standard","meta":{"footnotes":""},"categories":[1],"tags":[],"class_list":["post-16115","post","type-post","status-publish","format-standard","hentry","category-allgemein"],"_links":{"self":[{"href":"https:\/\/rt-europaallee.de\/wordpress\/wp-json\/wp\/v2\/posts\/16115","targetHints":{"allow":["GET"]}}],"collection":[{"href":"https:\/\/rt-europaallee.de\/wordpress\/wp-json\/wp\/v2\/posts"}],"about":[{"href":"https:\/\/rt-europaallee.de\/wordpress\/wp-json\/wp\/v2\/types\/post"}],"author":[{"embeddable":true,"href":"https:\/\/rt-europaallee.de\/wordpress\/wp-json\/wp\/v2\/users\/3"}],"replies":[{"embeddable":true,"href":"https:\/\/rt-europaallee.de\/wordpress\/wp-json\/wp\/v2\/comments?post=16115"}],"version-history":[{"count":1,"href":"https:\/\/rt-europaallee.de\/wordpress\/wp-json\/wp\/v2\/posts\/16115\/revisions"}],"predecessor-version":[{"id":16116,"href":"https:\/\/rt-europaallee.de\/wordpress\/wp-json\/wp\/v2\/posts\/16115\/revisions\/16116"}],"wp:attachment":[{"href":"https:\/\/rt-europaallee.de\/wordpress\/wp-json\/wp\/v2\/media?parent=16115"}],"wp:term":[{"taxonomy":"category","embeddable":true,"href":"https:\/\/rt-europaallee.de\/wordpress\/wp-json\/wp\/v2\/categories?post=16115"},{"taxonomy":"post_tag","embeddable":true,"href":"https:\/\/rt-europaallee.de\/wordpress\/wp-json\/wp\/v2\/tags?post=16115"}],"curies":[{"name":"wp","href":"https:\/\/api.w.org\/{rel}","templated":true}]}}