{"id":16124,"date":"2024-07-31T19:32:28","date_gmt":"2024-07-31T17:32:28","guid":{"rendered":"http:\/\/rt-europaallee.org\/wordpress\/?p=16124"},"modified":"2024-07-31T19:32:28","modified_gmt":"2024-07-31T17:32:28","slug":"stadt-goettingen-koenigsallee-wird-voll-gesperrt","status":"publish","type":"post","link":"https:\/\/rt-europaallee.de\/wordpress\/2024\/07\/stadt-goettingen-koenigsallee-wird-voll-gesperrt\/","title":{"rendered":"Stadt G\u00f6ttingen: K\u00f6nigsallee wird voll gesperrt"},"content":{"rendered":"<p>(Quelle: <a href=\"https:\/\/www.goettingen.de\/portal\/meldungen\/koenigsallee-wird-voll-gesperrt-900003203-25480.html?rubrik=900000003\">https:\/\/www.goettingen.de\/portal\/meldungen\/koenigsallee-wird-voll-gesperrt-900003203-25480.html?rubrik=900000003<\/a>)<\/p>\n<blockquote>\n<div class=\"fusstext fusstext_oben\"><span class=\"create\">31.07.2024<\/span>\n<div>\u00a0<\/div>\n<\/div>\n<h3 class=\"kontrast-bild\">K\u00f6nigsallee wird voll gesperrt<\/h3>\n<div id=\"nolis_content_site\" class=\"nolis_content_site\">\n<p class=\"anreisser_detail\"><strong>Die K\u00f6nigsallee wird ab Dienstag, 6. August 2024, im Bereich zwischen Asternweg und S\u00f6hlwiese voll gesperrt. Hintergrund sind Arbeiten an den Gasleitungen. Die Arbeiten werden voraussichtlich bis Freitag, 16. August 2024, abgeschlossen sein.<\/strong><\/p>\n<div class=\"print_href print_abbr\">\n<div class=\"template template1\">\n<div class=\"platz platz1\">\n<div class=\"rahmen\">\n<div class=\"innen\">\n<p>Eine Umleitung ist ausgeschildert und f\u00fchrt \u00fcber die Stra\u00dfen Hagenweg, Maschm\u00fchlenweg, Hildebrandstra\u00dfe und Godehardstra\u00dfe.<\/p>\n<p>Auch die Fu\u00df- und Radwege sind von der Sperrung betroffen. Die Umleitung f\u00fcr den Radverkehr f\u00fchrt \u00fcber die Pfalz-Grona-Breite und den Asternweg.<\/p>\n<p>Im\u00a0<a class=\"link_katalog nolis-link-extern\" title=\"Baustellenkarte (https:\/\/stadtplan.goettingen.de\/Goettingen\/client\/gisclient\/index.html?&amp;applicationId=1105#layers\/66,67,69,68,64,63,65,62,58,61,59,60,57|header\/Baustellen)\" href=\"https:\/\/stadtplan.goettingen.de\/Goettingen\/client\/gisclient\/index.html?&amp;applicationId=1105#layers\/66,67,69,68,64,63,65,62,58,61,59,60,57|header\/Baustellen\" target=\"_blank\" rel=\"noopener noreferrer\">digitalen Stadtplan<\/a> sind gr\u00f6\u00dfere Baustellen f\u00fcr die Dauer der Ma\u00dfnahmen zu finden.<\/p>\n<\/div>\n<\/div>\n<\/div>\n<\/div>\n<\/div>\n<\/div>\n<\/blockquote>\n\n\n<p><\/p>\n","protected":false},"excerpt":{"rendered":"<p>(Quelle: https:\/\/www.goettingen.de\/portal\/meldungen\/koenigsallee-wird-voll-gesperrt-900003203-25480.html?rubrik=900000003) 31.07.2024 \u00a0 K\u00f6nigsallee wird voll gesperrt Die K\u00f6nigsallee wird ab Dienstag, 6. August 2024, im Bereich zwischen Asternweg und S\u00f6hlwiese voll gesperrt. Hintergrund sind Arbeiten an den Gasleitungen. Die Arbeiten werden voraussichtlich bis Freitag, 16. August 2024, abgeschlossen sein. Eine Umleitung ist ausgeschildert und f\u00fchrt \u00fcber die Stra\u00dfen Hagenweg, Maschm\u00fchlenweg, Hildebrandstra\u00dfe und Godehardstra\u00dfe. &#8230; <a title=\"Stadt G\u00f6ttingen: K\u00f6nigsallee wird voll gesperrt\" class=\"read-more\" href=\"https:\/\/rt-europaallee.de\/wordpress\/2024\/07\/stadt-goettingen-koenigsallee-wird-voll-gesperrt\/\" aria-label=\"Mehr Informationen \u00fcber Stadt G\u00f6ttingen: K\u00f6nigsallee wird voll gesperrt\">Weiterlesen<\/a><\/p>\n","protected":false},"author":3,"featured_media":0,"comment_status":"closed","ping_status":"open","sticky":false,"template":"","format":"standard","meta":{"footnotes":""},"categories":[1],"tags":[],"class_list":["post-16124","post","type-post","status-publish","format-standard","hentry","category-allgemein"],"_links":{"self":[{"href":"https:\/\/rt-europaallee.de\/wordpress\/wp-json\/wp\/v2\/posts\/16124","targetHints":{"allow":["GET"]}}],"collection":[{"href":"https:\/\/rt-europaallee.de\/wordpress\/wp-json\/wp\/v2\/posts"}],"about":[{"href":"https:\/\/rt-europaallee.de\/wordpress\/wp-json\/wp\/v2\/types\/post"}],"author":[{"embeddable":true,"href":"https:\/\/rt-europaallee.de\/wordpress\/wp-json\/wp\/v2\/users\/3"}],"replies":[{"embeddable":true,"href":"https:\/\/rt-europaallee.de\/wordpress\/wp-json\/wp\/v2\/comments?post=16124"}],"version-history":[{"count":1,"href":"https:\/\/rt-europaallee.de\/wordpress\/wp-json\/wp\/v2\/posts\/16124\/revisions"}],"predecessor-version":[{"id":16125,"href":"https:\/\/rt-europaallee.de\/wordpress\/wp-json\/wp\/v2\/posts\/16124\/revisions\/16125"}],"wp:attachment":[{"href":"https:\/\/rt-europaallee.de\/wordpress\/wp-json\/wp\/v2\/media?parent=16124"}],"wp:term":[{"taxonomy":"category","embeddable":true,"href":"https:\/\/rt-europaallee.de\/wordpress\/wp-json\/wp\/v2\/categories?post=16124"},{"taxonomy":"post_tag","embeddable":true,"href":"https:\/\/rt-europaallee.de\/wordpress\/wp-json\/wp\/v2\/tags?post=16124"}],"curies":[{"name":"wp","href":"https:\/\/api.w.org\/{rel}","templated":true}]}}