{"id":16132,"date":"2024-08-02T02:15:51","date_gmt":"2024-08-02T00:15:51","guid":{"rendered":"http:\/\/rt-europaallee.org\/wordpress\/?p=16132"},"modified":"2024-08-02T02:15:51","modified_gmt":"2024-08-02T00:15:51","slug":"zur-erinnerung-bis-16-08-2024-anmeldung-zur-legendaeren-goettinger-kulturenmesse-2024","status":"publish","type":"post","link":"https:\/\/rt-europaallee.de\/wordpress\/2024\/08\/zur-erinnerung-bis-16-08-2024-anmeldung-zur-legendaeren-goettinger-kulturenmesse-2024\/","title":{"rendered":"Zur Erinnerung: Bis 16.08.2024 Anmeldung zur legend\u00e4ren G\u00f6ttinger Kulturenmesse 2024"},"content":{"rendered":"<p>(Quelle: <a href=\"https:\/\/www.facebook.com\/groups\/140387903363233\/posts\/1657692694966072\/\">https:\/\/www.facebook.com\/groups\/140387903363233\/posts\/1657692694966072\/<\/a>)<\/p>\n<blockquote>\n<div class=\"xu06os2 x1ok221b\">\n<h2 id=\":r2d:\" class=\"html-h2 xe8uvvx x11i5rnm xat24cr x1mh8g0r xexx8yu x4uap5 x18d9i69 xkhd6sd x1vvkbs x1heor9g x1qlqyl8 x1pd3egz x1a2a7pz x1gslohp x1yc453h\"><span class=\"\"><span class=\"xt0psk2\"><a class=\"x1i10hfl xjbqb8w x1ejq31n xd10rxx x1sy0etr x17r0tee x972fbf xcfux6l x1qhh985 xm0m39n x9f619 x1ypdohk xt0psk2 xe8uvvx xdj266r x11i5rnm xat24cr x1mh8g0r xexx8yu x4uap5 x18d9i69 xkhd6sd x16tdsg8 x1hl2dhg xggy1nq x1a2a7pz x1sur9pj xkrqix3 xzsf02u x1s688f\" tabindex=\"0\" role=\"link\" href=\"https:\/\/www.facebook.com\/groups\/140387903363233\/user\/100022357149052\/?__cft__[0]=AZWlQ1F12lZ4Yc5DTDwsbDyxyt-zr-G4a1nS5oes89c4rD09Et8IEqcEmciMblkUp-IFZHKXycjA3X_Kkq6ErwamvGxfDs6MG_WZ_-ql7phIAPeV-T7vRbOFF0ZVgs-PFFrjzYQPnbqZZD73hWe06rgLz1j7dg2SpYsURfG--Llnkw&amp;__tn__=-UC%2CP-R\"><strong class=\"html-strong xdj266r x11i5rnm xat24cr x1mh8g0r xexx8yu x4uap5 x18d9i69 xkhd6sd x1hl2dhg x16tdsg8 x1vvkbs x1s688f\"><span class=\"html-span xdj266r x11i5rnm xat24cr x1mh8g0r xexx8yu x4uap5 x18d9i69 xkhd6sd x1hl2dhg x16tdsg8 x1vvkbs\">Irina Schnar<\/span><\/strong><\/a><\/span><\/span><\/h2>\n<\/div>\n<div class=\"xu06os2 x1ok221b\">\n<div id=\":r2e:\" class=\"html-div xe8uvvx xdj266r x11i5rnm xat24cr x1mh8g0r xexx8yu x4uap5 x18d9i69 xkhd6sd x1q0g3np\">\n<div class=\"x1rg5ohu\">\n<div class=\"x6s0dn4 x1lcm9me x1yr5g0i xrt01vj x10y3i5r x3nfvp2 x1qx5ct2 x150jy0e x1e558r4 x1hr4nm9\"><span class=\"x193iq5w xeuugli x13faqbe x1vvkbs x1xmvt09 x1nxh6w3 x1sibtaa xo1l8bm x1qq9wsj\"><span class=\"x1lliihq x6ikm8r x10wlt62 x1n2onr6 xlyipyv xuxw1ft x1j85h84\">Admin<\/span><\/span><\/div>\n<\/div>\n<\/div>\n<\/div>\n<div class=\"xqcrz7y x78zum5 x1qx5ct2 x1y1aw1k x1sxyh0 xwib8y2 xurb0ha xw4jnvo\">\n<div><\/div>\n<\/div>\n<div class=\"html-div xe8uvvx xdj266r x11i5rnm xat24cr x1mh8g0r xexx8yu x4uap5 x18d9i69 xkhd6sd\" dir=\"auto\">\n<div id=\":r2f:\" class=\"x1iorvi4 x1pi30zi x1l90r2v x1swvt13\" data-ad-comet-preview=\"message\" data-ad-preview=\"message\">\n<div class=\"x78zum5 xdt5ytf xz62fqu x16ldp7u\">\n<div class=\"xu06os2 x1ok221b\">\n<div class=\"xdj266r x11i5rnm xat24cr x1mh8g0r x1vvkbs x126k92a\">\n<div dir=\"auto\">Achtung <span class=\"html-span xexx8yu x4uap5 x18d9i69 xkhd6sd x1hl2dhg x16tdsg8 x1vvkbs x3nfvp2 x1j61x8r x1fcty0u xdj266r xat24cr xgzva0m xhhsvwb xxymvpz xlup9mm x1kky2od\"><img loading=\"lazy\" decoding=\"async\" class=\"xz74otr\" src=\"https:\/\/static.xx.fbcdn.net\/images\/emoji.php\/v9\/t50\/1\/16\/2757.png\" alt=\"\u2757\ufe0f\" width=\"16\" height=\"16\" \/><\/span> Noch bis zum 16. August 2024 gibt es die M\u00f6glichkeit sich zur legend\u00e4ren G\u00f6ttinger Kulturenmesse 2024 anzumelden <span class=\"html-span xexx8yu x4uap5 x18d9i69 xkhd6sd x1hl2dhg x16tdsg8 x1vvkbs x3nfvp2 x1j61x8r x1fcty0u xdj266r xat24cr xgzva0m xhhsvwb xxymvpz xlup9mm x1kky2od\"><img loading=\"lazy\" decoding=\"async\" class=\"xz74otr\" src=\"https:\/\/static.xx.fbcdn.net\/images\/emoji.php\/v9\/t50\/1\/16\/2757.png\" alt=\"\u2757\ufe0f\" width=\"16\" height=\"16\" \/><\/span><\/div>\n<div dir=\"auto\"><\/div>\n<div dir=\"auto\"><img decoding=\"async\" class=\"x1bwycvy x193iq5w x4fas0m x19kjcj4\" src=\"https:\/\/scontent-ham3-1.xx.fbcdn.net\/v\/t39.30808-6\/453862534_1692026238219265_550428783328482522_n.jpg?_nc_cat=101&amp;ccb=1-7&amp;_nc_sid=aa7b47&amp;_nc_eui2=AeEuvDkIg74Gzd1qwJv5j9_-K1XN3cMSU2QrVc3dwxJTZBjIpxM8n9NN74oy1d1WJMaHJIfHEx20sDkpBOw5Qbkx&amp;_nc_ohc=WUa6-Vh-hXIQ7kNvgF-JKQL&amp;_nc_ht=scontent-ham3-1.xx&amp;oh=00_AYBA_zRQiF0inCEKforCTn9dXOayRp4vtpO-RWaT5isnWQ&amp;oe=66B1E3C2\" alt=\"Ist m\u00f6glicherweise ein Bild von Text \u201eINTEGRATIONSRAT G\u00f6ttingen Aufruf zur Teilnahme an G\u00f6ttinger Kulturenmesse 2024 Wer m\u00f6chte ihre\/ seine Kultur musikalisch, k\u00fcnstlerisch oder kulinarisch vertreten? am Sonntag, 22.09.2024 12.00 18.00 Uhr am Wochenmarkt, G\u00f6ttingen Bitte meldet euch in der Gesch\u00e4ftstelle Gesch Integrationsrat G\u00f6ttingen GeschStBeraete-Beh-Sen@ettingn oder integrationsrat@goettingen.de mit dem Kennwort: \u201eKulturenmesse&quot; an. Anmeldefrist: 16.08.2024 Veranstalter: Integrationsrat G\u00f6ttingen Hiroshimaplatz 1-4 37083 G\u00f6ttingen\u201c\" data-visualcompletion=\"media-vc-image\" \/><\/div>\n<div dir=\"auto\">(<a href=\"https:\/\/www.facebook.com\/photo\/?fbid=1692026201552602&amp;set=gm.1657692694966072&amp;idorvanity=140387903363233\">https:\/\/www.facebook.com\/photo\/?fbid=1692026201552602&amp;set=gm.1657692694966072&amp;idorvanity=140387903363233<\/a>)<\/div>\n<\/div>\n<\/div>\n<\/div>\n<\/div>\n<\/div>\n<\/blockquote>\n","protected":false},"excerpt":{"rendered":"<p>(Quelle: https:\/\/www.facebook.com\/groups\/140387903363233\/posts\/1657692694966072\/) Irina Schnar Admin Achtung Noch bis zum 16. August 2024 gibt es die M\u00f6glichkeit sich zur legend\u00e4ren G\u00f6ttinger Kulturenmesse 2024 anzumelden (https:\/\/www.facebook.com\/photo\/?fbid=1692026201552602&amp;set=gm.1657692694966072&amp;idorvanity=140387903363233)<\/p>\n","protected":false},"author":3,"featured_media":0,"comment_status":"closed","ping_status":"open","sticky":false,"template":"","format":"standard","meta":{"footnotes":""},"categories":[1],"tags":[],"class_list":["post-16132","post","type-post","status-publish","format-standard","hentry","category-allgemein"],"_links":{"self":[{"href":"https:\/\/rt-europaallee.de\/wordpress\/wp-json\/wp\/v2\/posts\/16132","targetHints":{"allow":["GET"]}}],"collection":[{"href":"https:\/\/rt-europaallee.de\/wordpress\/wp-json\/wp\/v2\/posts"}],"about":[{"href":"https:\/\/rt-europaallee.de\/wordpress\/wp-json\/wp\/v2\/types\/post"}],"author":[{"embeddable":true,"href":"https:\/\/rt-europaallee.de\/wordpress\/wp-json\/wp\/v2\/users\/3"}],"replies":[{"embeddable":true,"href":"https:\/\/rt-europaallee.de\/wordpress\/wp-json\/wp\/v2\/comments?post=16132"}],"version-history":[{"count":1,"href":"https:\/\/rt-europaallee.de\/wordpress\/wp-json\/wp\/v2\/posts\/16132\/revisions"}],"predecessor-version":[{"id":16133,"href":"https:\/\/rt-europaallee.de\/wordpress\/wp-json\/wp\/v2\/posts\/16132\/revisions\/16133"}],"wp:attachment":[{"href":"https:\/\/rt-europaallee.de\/wordpress\/wp-json\/wp\/v2\/media?parent=16132"}],"wp:term":[{"taxonomy":"category","embeddable":true,"href":"https:\/\/rt-europaallee.de\/wordpress\/wp-json\/wp\/v2\/categories?post=16132"},{"taxonomy":"post_tag","embeddable":true,"href":"https:\/\/rt-europaallee.de\/wordpress\/wp-json\/wp\/v2\/tags?post=16132"}],"curies":[{"name":"wp","href":"https:\/\/api.w.org\/{rel}","templated":true}]}}