{"id":16147,"date":"2024-08-09T13:38:04","date_gmt":"2024-08-09T11:38:04","guid":{"rendered":"http:\/\/rt-europaallee.org\/wordpress\/?p=16147"},"modified":"2024-08-09T13:38:04","modified_gmt":"2024-08-09T11:38:04","slug":"goevb-haltestelle-bahnhof-zob-wieder-planmaessig-bedient","status":"publish","type":"post","link":"https:\/\/rt-europaallee.de\/wordpress\/2024\/08\/goevb-haltestelle-bahnhof-zob-wieder-planmaessig-bedient\/","title":{"rendered":"G\u00f6VB: Haltestelle \u201eBahnhof \/ ZOB\u201c wieder planm\u00e4\u00dfig bedient"},"content":{"rendered":"<p>(Quelle: <a href=\"https:\/\/www.facebook.com\/goevb\/posts\/pfbid04rXD79v3BUEw8A3vE8QaTHJaHA3KeBVn6jPk7xD8hrBMsc4Ejyfov2JXRxqDrmXnl?notif_id=1723202146571969&amp;notif_t=notify_me_page&amp;ref=notif\">https:\/\/www.facebook.com\/goevb\/posts\/pfbid04rXD79v3BUEw8A3vE8QaTHJaHA3KeBVn6jPk7xD8hrBMsc4Ejyfov2JXRxqDrmXnl?notif_id=1723202146571969&amp;notif_t=notify_me_page&amp;ref=notif<\/a>)<\/p>\n<blockquote>\n<div class=\"html-div xdj266r xat24cr x1mh8g0r xexx8yu x4uap5 x18d9i69 xkhd6sd x78zum5 xqtp20y x1emribx\">\n<div class=\"x1vqgdyp x1n2onr6 x100vrsf\">\u00a0<\/div>\n<\/div>\n<div class=\"html-div xdj266r x11i5rnm xat24cr x1mh8g0r xexx8yu x4uap5 x18d9i69 xkhd6sd x1iyjqo2\">\n<div class=\"x78zum5 xdt5ytf xz62fqu x16ldp7u\">\n<div class=\"xu06os2 x1ok221b\">\n<h3 id=\":Rlal5bb9l5qq9papd5aq:\" class=\"html-h2 x11i5rnm xat24cr x1mh8g0r xexx8yu x4uap5 x18d9i69 xkhd6sd x1vvkbs x1heor9g x1qlqyl8 x1pd3egz x1a2a7pz x1gslohp x1yc453h\"><span class=\"xt0psk2\"><a class=\"x1i10hfl xjbqb8w x1ejq31n xd10rxx x1sy0etr x17r0tee x972fbf xcfux6l x1qhh985 xm0m39n x9f619 x1ypdohk xt0psk2 xe8uvvx xdj266r x11i5rnm xat24cr x1mh8g0r xexx8yu x4uap5 x18d9i69 xkhd6sd x16tdsg8 x1hl2dhg xggy1nq x1a2a7pz x1sur9pj xkrqix3 xzsf02u x1s688f\" tabindex=\"0\" role=\"link\" href=\"https:\/\/www.facebook.com\/goevb?__cft__[0]=AZWNiNxoLYZRONzfqqC3aKSvYpzajSEdL6-9cN6EHHVsW770HDGceFT2cQD9_mi-GrMmh5Uhgd4wCLi-TglQYCABZL16GWni_eKjrcH4_2GCN0okNrLmzK_COUkSmUykKTN8CP1N3qS3VSdOuD29ukfTuOCLRiHMh3dlSIwFttvbp7TuYedYZ5utqZCN2V_4jCA&amp;__tn__=-UC%2CP-R\"><strong class=\"html-strong xdj266r x11i5rnm xat24cr x1mh8g0r xexx8yu x4uap5 x18d9i69 xkhd6sd x1hl2dhg x16tdsg8 x1vvkbs x1s688f\"><span class=\"html-span xdj266r x11i5rnm xat24cr x1mh8g0r xexx8yu x4uap5 x18d9i69 xkhd6sd x1hl2dhg x16tdsg8 x1vvkbs\">G\u00f6VB &#8211; G\u00f6ttinger Verkehrsbetriebe<\/span><\/strong><\/a><\/span><\/h3>\n<\/div>\n<div class=\"xu06os2 x1ok221b\">\n<div id=\":Rlal5bb9l5qq9papd5aqH1:\" class=\"html-div xdj266r x11i5rnm xat24cr x1mh8g0r xexx8yu x4uap5 x18d9i69 xkhd6sd x1q0g3np\"><span class=\"html-span xexx8yu x4uap5 x18d9i69 xkhd6sd x1hl2dhg x16tdsg8 x1vvkbs x3nfvp2 x1j61x8r x1fcty0u xdj266r xat24cr xgzva0m xhhsvwb xxymvpz xlup9mm x1kky2od\" style=\"color: inherit; font-size: 1.2em;\"><img loading=\"lazy\" decoding=\"async\" class=\"xz74otr\" src=\"https:\/\/static.xx.fbcdn.net\/images\/emoji.php\/v9\/tba\/1\/16\/1f4e3.png\" alt=\"\ud83d\udce3\" width=\"16\" height=\"16\" \/><\/span><span style=\"color: inherit; font-size: 1.2em;\">News<\/span><span class=\"html-span xexx8yu x4uap5 x18d9i69 xkhd6sd x1hl2dhg x16tdsg8 x1vvkbs x3nfvp2 x1j61x8r x1fcty0u xdj266r xat24cr xgzva0m xhhsvwb xxymvpz xlup9mm x1kky2od\" style=\"color: inherit; font-size: 1.2em;\"><img loading=\"lazy\" decoding=\"async\" class=\"xz74otr\" src=\"https:\/\/static.xx.fbcdn.net\/images\/emoji.php\/v9\/tba\/1\/16\/1f4e3.png\" alt=\"\ud83d\udce3\" width=\"16\" height=\"16\" \/><\/span><\/div>\n<\/div>\n<\/div>\n<\/div>\n<div class=\"html-div xdj266r x11i5rnm xat24cr x1mh8g0r xexx8yu x4uap5 x18d9i69 xkhd6sd\" dir=\"auto\">\n<div id=\":Rlal5bb9l5qq9papd5aqH2:\" class=\"x1iorvi4 x1pi30zi x1l90r2v x1swvt13\" data-ad-comet-preview=\"message\" data-ad-preview=\"message\">\n<div class=\"x78zum5 xdt5ytf xz62fqu x16ldp7u\">\n<div class=\"xu06os2 x1ok221b\">\n<div class=\"xdj266r x11i5rnm xat24cr x1mh8g0r x1vvkbs x126k92a\">\n<div dir=\"auto\">Ab Montag, den 5. August wird die Haltestelle \u201eBahnhof \/ ZOB\u201c wieder planm\u00e4\u00dfig von uns bedient. Die Ersatzhaltestelle auf der R\u00fcckseite des Bahnhofs wird ab dann aufgehoben. Es gelten wieder die regul\u00e4ren Fahrpl\u00e4ne.<\/div>\n<\/div>\n<\/div>\n<\/div>\n<\/div>\n<\/div>\n<\/blockquote>\n\n\n<p><\/p>\n","protected":false},"excerpt":{"rendered":"<p>(Quelle: https:\/\/www.facebook.com\/goevb\/posts\/pfbid04rXD79v3BUEw8A3vE8QaTHJaHA3KeBVn6jPk7xD8hrBMsc4Ejyfov2JXRxqDrmXnl?notif_id=1723202146571969&amp;notif_t=notify_me_page&amp;ref=notif) \u00a0 G\u00f6VB &#8211; G\u00f6ttinger Verkehrsbetriebe News Ab Montag, den 5. August wird die Haltestelle \u201eBahnhof \/ ZOB\u201c wieder planm\u00e4\u00dfig von uns bedient. Die Ersatzhaltestelle auf der R\u00fcckseite des Bahnhofs wird ab dann aufgehoben. Es gelten wieder die regul\u00e4ren Fahrpl\u00e4ne.<\/p>\n","protected":false},"author":3,"featured_media":0,"comment_status":"closed","ping_status":"open","sticky":false,"template":"","format":"standard","meta":{"footnotes":""},"categories":[1],"tags":[],"class_list":["post-16147","post","type-post","status-publish","format-standard","hentry","category-allgemein"],"_links":{"self":[{"href":"https:\/\/rt-europaallee.de\/wordpress\/wp-json\/wp\/v2\/posts\/16147","targetHints":{"allow":["GET"]}}],"collection":[{"href":"https:\/\/rt-europaallee.de\/wordpress\/wp-json\/wp\/v2\/posts"}],"about":[{"href":"https:\/\/rt-europaallee.de\/wordpress\/wp-json\/wp\/v2\/types\/post"}],"author":[{"embeddable":true,"href":"https:\/\/rt-europaallee.de\/wordpress\/wp-json\/wp\/v2\/users\/3"}],"replies":[{"embeddable":true,"href":"https:\/\/rt-europaallee.de\/wordpress\/wp-json\/wp\/v2\/comments?post=16147"}],"version-history":[{"count":1,"href":"https:\/\/rt-europaallee.de\/wordpress\/wp-json\/wp\/v2\/posts\/16147\/revisions"}],"predecessor-version":[{"id":16148,"href":"https:\/\/rt-europaallee.de\/wordpress\/wp-json\/wp\/v2\/posts\/16147\/revisions\/16148"}],"wp:attachment":[{"href":"https:\/\/rt-europaallee.de\/wordpress\/wp-json\/wp\/v2\/media?parent=16147"}],"wp:term":[{"taxonomy":"category","embeddable":true,"href":"https:\/\/rt-europaallee.de\/wordpress\/wp-json\/wp\/v2\/categories?post=16147"},{"taxonomy":"post_tag","embeddable":true,"href":"https:\/\/rt-europaallee.de\/wordpress\/wp-json\/wp\/v2\/tags?post=16147"}],"curies":[{"name":"wp","href":"https:\/\/api.w.org\/{rel}","templated":true}]}}