{"id":16175,"date":"2024-08-16T02:02:29","date_gmt":"2024-08-16T00:02:29","guid":{"rendered":"http:\/\/rt-europaallee.org\/wordpress\/?p=16175"},"modified":"2024-08-16T02:02:29","modified_gmt":"2024-08-16T00:02:29","slug":"stadtwerke-goettingen-ag-godehardstrasse-wegen-fernwaermeausbau-gesperrt","status":"publish","type":"post","link":"https:\/\/rt-europaallee.de\/wordpress\/2024\/08\/stadtwerke-goettingen-ag-godehardstrasse-wegen-fernwaermeausbau-gesperrt\/","title":{"rendered":"Stadtwerke G\u00f6ttingen AG: Godehardstra\u00dfe wegen Fernw\u00e4rmeausbau gesperrt"},"content":{"rendered":"<p>(Quelle: <a href=\"https:\/\/www.facebook.com\/Stadtwerke.Goettingen\/posts\/pfbid0B3ia4qzh9RQEn3aZn51e63Dwxpt3riCtdaUy18GN2VcfxGRgZzJ4bn9DTHSDvucAl?notif_id=1723726747535730&amp;notif_t=notify_me_page&amp;ref=notif\">https:\/\/www.facebook.com\/Stadtwerke.Goettingen\/posts\/pfbid0B3ia4qzh9RQEn3aZn51e63Dwxpt3riCtdaUy18GN2VcfxGRgZzJ4bn9DTHSDvucAl?notif_id=1723726747535730&amp;notif_t=notify_me_page&amp;ref=notif<\/a>)<\/p>\n<blockquote>\n<div class=\"xu06os2 x1ok221b\">\n<h3 id=\":rlm:\" class=\"html-h2 x11i5rnm xat24cr x1mh8g0r xexx8yu x4uap5 x18d9i69 xkhd6sd x1vvkbs x1heor9g x1qlqyl8 x1pd3egz x1a2a7pz x1gslohp x1yc453h\" tabindex=\"-1\"><span class=\"xt0psk2\"><a class=\"x1i10hfl xjbqb8w x1ejq31n xd10rxx x1sy0etr x17r0tee x972fbf xcfux6l x1qhh985 xm0m39n x9f619 x1ypdohk xt0psk2 xe8uvvx xdj266r x11i5rnm xat24cr x1mh8g0r xexx8yu x4uap5 x18d9i69 xkhd6sd x16tdsg8 x1hl2dhg xggy1nq x1a2a7pz x1sur9pj xkrqix3 xzsf02u x1s688f\" tabindex=\"0\" role=\"link\" href=\"https:\/\/www.facebook.com\/Stadtwerke.Goettingen?__cft__[0]=AZWoQlI_ggIY69ElD3unHotHZHYw_882iJRiO2bJZlXEqA2O2ncoQPer2Ddb5ysegkgmsaWPcJQTi8rxOmZ-zXNT_keB__ez9MmH0G_us3cAiOoVa3PN4LOVPM5TrX85jIyJZyEJEgtZ_3KbeVMNjeO_uHO2PAtbLgzCOksFoWvil_v_ajUZcLRWBnZ9EWtyIG0&amp;__tn__=-UC%2CP-R\"><strong class=\"html-strong xdj266r x11i5rnm xat24cr x1mh8g0r xexx8yu x4uap5 x18d9i69 xkhd6sd x1hl2dhg x16tdsg8 x1vvkbs x1s688f\"><span class=\"html-span xdj266r x11i5rnm xat24cr x1mh8g0r xexx8yu x4uap5 x18d9i69 xkhd6sd x1hl2dhg x16tdsg8 x1vvkbs\">Stadtwerke G\u00f6ttingen AG<\/span><\/strong><\/a><\/span><\/h3>\n<\/div>\n<div class=\"xu06os2 x1ok221b\">\n<div id=\":rln:\" class=\"html-div xdj266r x11i5rnm xat24cr x1mh8g0r xexx8yu x4uap5 x18d9i69 xkhd6sd x1q0g3np\"><span style=\"color: inherit; font-size: 1.2em;\">Godehardstra\u00dfe wegen Fernw\u00e4rmeausbau gesperrt <\/span><span class=\"html-span xexx8yu x4uap5 x18d9i69 xkhd6sd x1hl2dhg x16tdsg8 x1vvkbs x3nfvp2 x1j61x8r x1fcty0u xdj266r xat24cr xgzva0m xhhsvwb xxymvpz xlup9mm x1kky2od\" style=\"color: inherit; font-size: 1.2em;\"><img loading=\"lazy\" decoding=\"async\" class=\"xz74otr\" src=\"https:\/\/static.xx.fbcdn.net\/images\/emoji.php\/v9\/t50\/1\/16\/2757.png\" alt=\"\u2757\" width=\"16\" height=\"16\" \/><\/span><\/div>\n<\/div>\n<div class=\"html-div xdj266r x11i5rnm xat24cr x1mh8g0r xexx8yu x4uap5 x18d9i69 xkhd6sd\" dir=\"auto\">\n<div id=\":rlo:\" class=\"x1iorvi4 x1pi30zi x1l90r2v x1swvt13\" data-ad-comet-preview=\"message\" data-ad-preview=\"message\">\n<div class=\"x78zum5 xdt5ytf xz62fqu x16ldp7u\">\n<div class=\"xu06os2 x1ok221b\">\n<div class=\"x11i5rnm xat24cr x1mh8g0r x1vvkbs xtlvy1s x126k92a\">\n<div dir=\"auto\">Ab dem 19.08.2024 beginnt in der Godehardstra\u00dfe ein neuer Bauabschnitt zum Ausbau unseres Fernw\u00e4rmenetzes. Im Zuge dieser Bauma\u00dfnahme wird die Godehardstra\u00dfe im Bereich zwischen der Kreuzung Pfalz-Grona-Breite und der Leinebr\u00fccke voll gesperrt. Die Sperrung bleibt voraussichtlich bis Anfang November 2024 bestehen. <span class=\"html-span xexx8yu x4uap5 x18d9i69 xkhd6sd x1hl2dhg x16tdsg8 x1vvkbs x3nfvp2 x1j61x8r x1fcty0u xdj266r xat24cr xgzva0m xhhsvwb xxymvpz xlup9mm x1kky2od\"><img loading=\"lazy\" decoding=\"async\" class=\"xz74otr\" src=\"https:\/\/static.xx.fbcdn.net\/images\/emoji.php\/v9\/tc4\/1\/16\/1f6a7.png\" alt=\"\ud83d\udea7\" width=\"16\" height=\"16\" \/><\/span><\/div>\n<\/div>\n<div class=\"x11i5rnm xat24cr x1mh8g0r x1vvkbs xtlvy1s x126k92a\">\n<div dir=\"auto\">Die Umleitung ist ausgeschildert und erfolgt \u00fcber K\u00f6nigsallee, Hagenweg, Maschm\u00fchlenweg und Hildebrandstra\u00dfe in beide Richtungen. Geh und Radwege im gesperrten Bereich sind nicht betroffen. In der Pfalz-Grona-Breite werden Halteverbote ausgeschildert.<\/div>\n<\/div>\n<div class=\"x11i5rnm xat24cr x1mh8g0r x1vvkbs xtlvy1s x126k92a\">\n<div dir=\"auto\">Der Ausbau der erneuerbaren W\u00e4rmeversorgung in G\u00f6ttingen ist ein wesentlicher Baustein zur Erreichung des Klimaplanes der Stadt G\u00f6ttingen.<\/div>\n<\/div>\n<div class=\"x11i5rnm xat24cr x1mh8g0r x1vvkbs xtlvy1s x126k92a\">\n<div dir=\"auto\">\u200c#fernw\u00e4rme <span class=\"html-span xdj266r x11i5rnm xat24cr x1mh8g0r xexx8yu x4uap5 x18d9i69 xkhd6sd x1hl2dhg x16tdsg8 x1vvkbs\"><a class=\"x1i10hfl xjbqb8w x1ejq31n xd10rxx x1sy0etr x17r0tee x972fbf xcfux6l x1qhh985 xm0m39n x9f619 x1ypdohk xt0psk2 xe8uvvx xdj266r x11i5rnm xat24cr x1mh8g0r xexx8yu x4uap5 x18d9i69 xkhd6sd x16tdsg8 x1hl2dhg xggy1nq x1a2a7pz x1sur9pj xkrqix3 x1fey0fg xo1l8bm\" tabindex=\"0\" role=\"link\" href=\"https:\/\/www.facebook.com\/hashtag\/baustelle?__eep__=6&amp;__cft__[0]=AZWoQlI_ggIY69ElD3unHotHZHYw_882iJRiO2bJZlXEqA2O2ncoQPer2Ddb5ysegkgmsaWPcJQTi8rxOmZ-zXNT_keB__ez9MmH0G_us3cAiOoVa3PN4LOVPM5TrX85jIyJZyEJEgtZ_3KbeVMNjeO_uHO2PAtbLgzCOksFoWvil_v_ajUZcLRWBnZ9EWtyIG0&amp;__tn__=*NK-R\">#baustelle<\/a><\/span> <span class=\"html-span xdj266r x11i5rnm xat24cr x1mh8g0r xexx8yu x4uap5 x18d9i69 xkhd6sd x1hl2dhg x16tdsg8 x1vvkbs\"><a class=\"x1i10hfl xjbqb8w x1ejq31n xd10rxx x1sy0etr x17r0tee x972fbf xcfux6l x1qhh985 xm0m39n x9f619 x1ypdohk xt0psk2 xe8uvvx xdj266r x11i5rnm xat24cr x1mh8g0r xexx8yu x4uap5 x18d9i69 xkhd6sd x16tdsg8 x1hl2dhg xggy1nq x1a2a7pz x1sur9pj xkrqix3 x1fey0fg xo1l8bm\" tabindex=\"0\" role=\"link\" href=\"https:\/\/www.facebook.com\/hashtag\/stadtwerke?__eep__=6&amp;__cft__[0]=AZWoQlI_ggIY69ElD3unHotHZHYw_882iJRiO2bJZlXEqA2O2ncoQPer2Ddb5ysegkgmsaWPcJQTi8rxOmZ-zXNT_keB__ez9MmH0G_us3cAiOoVa3PN4LOVPM5TrX85jIyJZyEJEgtZ_3KbeVMNjeO_uHO2PAtbLgzCOksFoWvil_v_ajUZcLRWBnZ9EWtyIG0&amp;__tn__=*NK-R\">#stadtwerke<\/a><\/span><\/div>\n<div dir=\"auto\"><\/div>\n<div dir=\"auto\"><\/div>\n<\/div>\n<\/div>\n<\/div>\n<\/div>\n<\/div>\n<\/blockquote>\n","protected":false},"excerpt":{"rendered":"<p>(Quelle: https:\/\/www.facebook.com\/Stadtwerke.Goettingen\/posts\/pfbid0B3ia4qzh9RQEn3aZn51e63Dwxpt3riCtdaUy18GN2VcfxGRgZzJ4bn9DTHSDvucAl?notif_id=1723726747535730&amp;notif_t=notify_me_page&amp;ref=notif) Stadtwerke G\u00f6ttingen AG Godehardstra\u00dfe wegen Fernw\u00e4rmeausbau gesperrt Ab dem 19.08.2024 beginnt in der Godehardstra\u00dfe ein neuer Bauabschnitt zum Ausbau unseres Fernw\u00e4rmenetzes. Im Zuge dieser Bauma\u00dfnahme wird die Godehardstra\u00dfe im Bereich zwischen der Kreuzung Pfalz-Grona-Breite und der Leinebr\u00fccke voll gesperrt. Die Sperrung bleibt voraussichtlich bis Anfang November 2024 bestehen. Die Umleitung ist ausgeschildert und &#8230; <a title=\"Stadtwerke G\u00f6ttingen AG: Godehardstra\u00dfe wegen Fernw\u00e4rmeausbau gesperrt\" class=\"read-more\" href=\"https:\/\/rt-europaallee.de\/wordpress\/2024\/08\/stadtwerke-goettingen-ag-godehardstrasse-wegen-fernwaermeausbau-gesperrt\/\" aria-label=\"Mehr Informationen \u00fcber Stadtwerke G\u00f6ttingen AG: Godehardstra\u00dfe wegen Fernw\u00e4rmeausbau gesperrt\">Weiterlesen<\/a><\/p>\n","protected":false},"author":3,"featured_media":0,"comment_status":"closed","ping_status":"open","sticky":false,"template":"","format":"standard","meta":{"footnotes":""},"categories":[1],"tags":[],"class_list":["post-16175","post","type-post","status-publish","format-standard","hentry","category-allgemein"],"_links":{"self":[{"href":"https:\/\/rt-europaallee.de\/wordpress\/wp-json\/wp\/v2\/posts\/16175","targetHints":{"allow":["GET"]}}],"collection":[{"href":"https:\/\/rt-europaallee.de\/wordpress\/wp-json\/wp\/v2\/posts"}],"about":[{"href":"https:\/\/rt-europaallee.de\/wordpress\/wp-json\/wp\/v2\/types\/post"}],"author":[{"embeddable":true,"href":"https:\/\/rt-europaallee.de\/wordpress\/wp-json\/wp\/v2\/users\/3"}],"replies":[{"embeddable":true,"href":"https:\/\/rt-europaallee.de\/wordpress\/wp-json\/wp\/v2\/comments?post=16175"}],"version-history":[{"count":1,"href":"https:\/\/rt-europaallee.de\/wordpress\/wp-json\/wp\/v2\/posts\/16175\/revisions"}],"predecessor-version":[{"id":16176,"href":"https:\/\/rt-europaallee.de\/wordpress\/wp-json\/wp\/v2\/posts\/16175\/revisions\/16176"}],"wp:attachment":[{"href":"https:\/\/rt-europaallee.de\/wordpress\/wp-json\/wp\/v2\/media?parent=16175"}],"wp:term":[{"taxonomy":"category","embeddable":true,"href":"https:\/\/rt-europaallee.de\/wordpress\/wp-json\/wp\/v2\/categories?post=16175"},{"taxonomy":"post_tag","embeddable":true,"href":"https:\/\/rt-europaallee.de\/wordpress\/wp-json\/wp\/v2\/tags?post=16175"}],"curies":[{"name":"wp","href":"https:\/\/api.w.org\/{rel}","templated":true}]}}